{"id":9970,"date":"2026-04-27T07:13:12","date_gmt":"2026-04-27T07:13:12","guid":{"rendered":"https:\/\/alumni.sze.hu\/en\/?p=9970"},"modified":"2026-04-27T07:13:13","modified_gmt":"2026-04-27T07:13:13","slug":"szes-albert-kazmer-faculty-advances-green-and-digital-transition-through-international-project","status":"publish","type":"post","link":"https:\/\/alumni.sze.hu\/en\/szes-albert-kazmer-faculty-advances-green-and-digital-transition-through-international-project\/","title":{"rendered":"SZE\u2019s Albert K\u00e1zm\u00e9r Faculty Advances Green and Digital Transition through International Project"},"content":{"rendered":"\n<p>Created: 2026.04.27. 08:42<\/p>\n\n\n\n<p><strong>Within the framework of an international collaboration, the objectives and achievements to date of the GreenTech Plus European Union project were presented at the Albert K\u00e1zm\u00e9r Faculty of Agricultural and Food Sciences of&nbsp;Sz\u00e9chenyi Istv\u00e1n University. The programme, implemented with the participation of Austrian and Hungarian partners, focuses on how sustainability and digitalisation considerations can be simultaneously integrated in agriculture and related sectors.<\/strong><\/p>\n\n\n\n<p>A key objective of Sz\u00e9chenyi Istv\u00e1n University is to promote environmental sustainability, which is also reflected in its education, research and development activities. This ambition is further strengthened by the international cooperation under which the GreenTech Plus project has been launched at the Albert K\u00e1zm\u00e9r Faculty of Mosonmagyar\u00f3v\u00e1r. Co-financed by the Interreg VI-A Austria\u2013Hungary Programme 2021\u20132027, the initiative aims to support the dissemination of sustainable and advanced technological solutions in the border region, as well as the development of the knowledge required for their application in agriculture, the food industry and related sectors. Austrian and Hungarian partners are involved in the implementation, including Pannon Novum, as well as, on the Austrian side, the BFI Wien adult education centre in Vienna and the University of Applied Sciences Burgenland.<\/p>\n\n\n<div class=\"wp-block-image\">\n<figure class=\"aligncenter size-large\"><img loading=\"lazy\" decoding=\"async\" width=\"1024\" height=\"683\" src=\"https:\/\/alumni.sze.hu\/en\/wp-content\/uploads\/2026\/04\/Kep1-12-1024x683.jpg\" alt=\"\" class=\"wp-image-9974\" srcset=\"https:\/\/alumni.sze.hu\/en\/wp-content\/uploads\/2026\/04\/Kep1-12-1024x683.jpg 1024w, https:\/\/alumni.sze.hu\/en\/wp-content\/uploads\/2026\/04\/Kep1-12-300x200.jpg 300w, https:\/\/alumni.sze.hu\/en\/wp-content\/uploads\/2026\/04\/Kep1-12-768x512.jpg 768w, https:\/\/alumni.sze.hu\/en\/wp-content\/uploads\/2026\/04\/Kep1-12-1536x1024.jpg 1536w, https:\/\/alumni.sze.hu\/en\/wp-content\/uploads\/2026\/04\/Kep1-12-18x12.jpg 18w, https:\/\/alumni.sze.hu\/en\/wp-content\/uploads\/2026\/04\/Kep1-12.jpg 2048w\" sizes=\"auto, (max-width: 1024px) 100vw, 1024px\" \/><\/figure>\n<\/div>\n\n\n<p class=\"has-text-align-center\"><em>Domestic and international experts, researchers and students also took part in the opening conference of GreenTech Plus (Photo: Gergely Nagy)<\/em><\/p>\n\n\n\n<p>The opening conference was hosted in recent days by the Mosonmagyar\u00f3v\u00e1r-based Albert K\u00e1zm\u00e9r Faculty of Agricultural and Food Sciences of Sz\u00e9chenyi Istv\u00e1n University. Dr Tam\u00e1s T\u00f3th, Dean and Research Professor, noted that their activities focus, among other areas, on precision agriculture, agricultural digitalisation and sustainability.&nbsp;<em>\u201cSuch international initiatives provide an opportunity for education, research and practice to be more closely interconnected,\u201d<\/em>&nbsp;he emphasised.<\/p>\n\n\n<div class=\"wp-block-image\">\n<figure class=\"aligncenter size-large\"><img loading=\"lazy\" decoding=\"async\" width=\"1024\" height=\"683\" src=\"https:\/\/alumni.sze.hu\/en\/wp-content\/uploads\/2026\/04\/Kep2-9-1024x683.jpg\" alt=\"\" class=\"wp-image-9973\" srcset=\"https:\/\/alumni.sze.hu\/en\/wp-content\/uploads\/2026\/04\/Kep2-9-1024x683.jpg 1024w, https:\/\/alumni.sze.hu\/en\/wp-content\/uploads\/2026\/04\/Kep2-9-300x200.jpg 300w, https:\/\/alumni.sze.hu\/en\/wp-content\/uploads\/2026\/04\/Kep2-9-768x512.jpg 768w, https:\/\/alumni.sze.hu\/en\/wp-content\/uploads\/2026\/04\/Kep2-9-1536x1024.jpg 1536w, https:\/\/alumni.sze.hu\/en\/wp-content\/uploads\/2026\/04\/Kep2-9-18x12.jpg 18w, https:\/\/alumni.sze.hu\/en\/wp-content\/uploads\/2026\/04\/Kep2-9.jpg 2048w\" sizes=\"auto, (max-width: 1024px) 100vw, 1024px\" \/><\/figure>\n<\/div>\n\n\n<p class=\"has-text-align-center\"><em>At the event, Dr Tam\u00e1s T\u00f3th, Research Professor and Dean of the Albert K\u00e1zm\u00e9r Faculty of Agricultural and Food Sciences at Sz\u00e9chenyi Istv\u00e1n University, welcomed participants and presented the Faculty\u2019s educational and research directions (Photo: Gergely Nagy)<\/em><\/p>\n\n\n\n<p>The professional content of the project was presented by Dr Gergely Teschner, Associate Professor at the Department of Biological Systems and Precision Technology.&nbsp;<em>\u201cTechnological solutions alone are not sufficient: the coordination of different systems and the development of the necessary competences are equally important tasks. To this end, training programmes, mentoring processes and professional consultations are being implemented to support the practical application of advanced solutions,\u201d<\/em>&nbsp;he underlined.<\/p>\n\n\n<div class=\"wp-block-image\">\n<figure class=\"aligncenter size-large\"><img loading=\"lazy\" decoding=\"async\" width=\"1024\" height=\"683\" src=\"https:\/\/alumni.sze.hu\/en\/wp-content\/uploads\/2026\/04\/Kep3-5-1024x683.jpg\" alt=\"\" class=\"wp-image-9972\" srcset=\"https:\/\/alumni.sze.hu\/en\/wp-content\/uploads\/2026\/04\/Kep3-5-1024x683.jpg 1024w, https:\/\/alumni.sze.hu\/en\/wp-content\/uploads\/2026\/04\/Kep3-5-300x200.jpg 300w, https:\/\/alumni.sze.hu\/en\/wp-content\/uploads\/2026\/04\/Kep3-5-768x512.jpg 768w, https:\/\/alumni.sze.hu\/en\/wp-content\/uploads\/2026\/04\/Kep3-5-1536x1024.jpg 1536w, https:\/\/alumni.sze.hu\/en\/wp-content\/uploads\/2026\/04\/Kep3-5-18x12.jpg 18w, https:\/\/alumni.sze.hu\/en\/wp-content\/uploads\/2026\/04\/Kep3-5.jpg 2048w\" sizes=\"auto, (max-width: 1024px) 100vw, 1024px\" \/><\/figure>\n<\/div>\n\n\n<p class=\"has-text-align-center\"><em>Dr Gergely Teschner, Associate Professor at the Department of Biological Systems and Precision Technology of the Albert K\u00e1zm\u00e9r Faculty of Agricultural and Food Sciences, presented the main elements of the initiative and the planned development directions as the project\u2019s professional lead. (Photo: Gergely Nagy)<\/em><\/p>\n\n\n\n<p>As part of the initiative, a multilingual online platform will also be developed to facilitate the sharing of training materials, digital tools and best practices, while also providing networking opportunities for stakeholders. In addition, a central component is the establishment of a cross-border so-called Living Lab on the Austrian side, which will function as a testing and development site. At this location, the latest technological solutions will be tested in real-world environments \u2013 including in the fields of artificial intelligence, robotics, and drone- and sensor-based systems \u2013 while researchers, educators and industry stakeholders work together on their application. Within the framework of the project, an implementation framework document and action plan will also be developed, providing guidance for the application of sustainable and advanced solutions, as well as mapping financing and partnership opportunities.<\/p>\n\n\n<div class=\"wp-block-image\">\n<figure class=\"aligncenter size-large\"><img loading=\"lazy\" decoding=\"async\" width=\"1024\" height=\"683\" src=\"https:\/\/alumni.sze.hu\/en\/wp-content\/uploads\/2026\/04\/Kep4-4-1024x683.jpg\" alt=\"\" class=\"wp-image-9971\" srcset=\"https:\/\/alumni.sze.hu\/en\/wp-content\/uploads\/2026\/04\/Kep4-4-1024x683.jpg 1024w, https:\/\/alumni.sze.hu\/en\/wp-content\/uploads\/2026\/04\/Kep4-4-300x200.jpg 300w, https:\/\/alumni.sze.hu\/en\/wp-content\/uploads\/2026\/04\/Kep4-4-768x512.jpg 768w, https:\/\/alumni.sze.hu\/en\/wp-content\/uploads\/2026\/04\/Kep4-4-1536x1024.jpg 1536w, https:\/\/alumni.sze.hu\/en\/wp-content\/uploads\/2026\/04\/Kep4-4-18x12.jpg 18w, https:\/\/alumni.sze.hu\/en\/wp-content\/uploads\/2026\/04\/Kep4-4.jpg 2048w\" sizes=\"auto, (max-width: 1024px) 100vw, 1024px\" \/><\/figure>\n<\/div>\n\n\n<p class=\"has-text-align-center\"><em>Participants of the opening event also visited the smart garden of the Albert K\u00e1zm\u00e9r Faculty of Agricultural and Food Sciences at Sz\u00e9chenyi Istv\u00e1n University, which supports practice-oriented education and research in the field of precision agriculture (Photo: Gergely Nagy)<\/em><\/p>\n","protected":false},"excerpt":{"rendered":"<p>Created: 2026.04.27. 08:42 Within the framework of an international collaboration, the objectives and achievements to date of the GreenTech Plus European Union project were presented at the Albert K\u00e1zm\u00e9r Faculty &#8230;<\/p>\n","protected":false},"author":22,"featured_media":9974,"comment_status":"closed","ping_status":"open","sticky":false,"template":"","format":"standard","meta":{"footnotes":""},"categories":[24],"tags":[],"class_list":["post-9970","post","type-post","status-publish","format-standard","has-post-thumbnail","hentry","category-news"],"yoast_head":"<!-- This site is optimized with the Yoast SEO plugin v17.8 - https:\/\/yoast.com\/wordpress\/plugins\/seo\/ -->\n<title>SZE\u2019s Albert K\u00e1zm\u00e9r Faculty Advances Green and Digital Transition through International Project - SZE Alumni \u2013 Sz\u00e9chenyi Istv\u00e1n Egyetem<\/title>\n<meta name=\"robots\" content=\"index, follow, max-snippet:-1, max-image-preview:large, max-video-preview:-1\" \/>\n<link rel=\"canonical\" href=\"https:\/\/alumni.sze.hu\/en\/szes-albert-kazmer-faculty-advances-green-and-digital-transition-through-international-project\/\" \/>\n<meta property=\"og:locale\" content=\"hu_HU\" \/>\n<meta property=\"og:type\" content=\"article\" \/>\n<meta property=\"og:title\" content=\"SZE\u2019s Albert K\u00e1zm\u00e9r Faculty Advances Green and Digital Transition through International Project - SZE Alumni \u2013 Sz\u00e9chenyi Istv\u00e1n Egyetem\" \/>\n<meta property=\"og:description\" content=\"Created: 2026.04.27. 08:42 Within the framework of an international collaboration, the objectives and achievements to date of the GreenTech Plus European Union project were presented at the Albert K\u00e1zm\u00e9r Faculty ...\" \/>\n<meta property=\"og:url\" content=\"https:\/\/alumni.sze.hu\/en\/szes-albert-kazmer-faculty-advances-green-and-digital-transition-through-international-project\/\" \/>\n<meta property=\"og:site_name\" content=\"SZE Alumni \u2013 Sz\u00e9chenyi Istv\u00e1n Egyetem\" \/>\n<meta property=\"article:published_time\" content=\"2026-04-27T07:13:12+00:00\" \/>\n<meta property=\"article:modified_time\" content=\"2026-04-27T07:13:13+00:00\" \/>\n<meta property=\"og:image\" content=\"https:\/\/alumni.sze.hu\/en\/wp-content\/uploads\/2026\/04\/Kep1-12.jpg\" \/>\n\t<meta property=\"og:image:width\" content=\"2048\" \/>\n\t<meta property=\"og:image:height\" content=\"1365\" \/>\n<meta name=\"twitter:card\" content=\"summary_large_image\" \/>\n<meta name=\"twitter:label1\" content=\"Szerz\u0151:\" \/>\n\t<meta name=\"twitter:data1\" content=\"KUP\u00d3-ZAJZON R\u00e9ka\" \/>\n\t<meta name=\"twitter:label2\" content=\"Becs\u00fclt olvas\u00e1si id\u0151\" \/>\n\t<meta name=\"twitter:data2\" content=\"3 perc\" \/>\n<script type=\"application\/ld+json\" class=\"yoast-schema-graph\">{\"@context\":\"https:\/\/schema.org\",\"@graph\":[{\"@type\":\"WebSite\",\"@id\":\"https:\/\/alumni.sze.hu\/en\/#website\",\"url\":\"https:\/\/alumni.sze.hu\/en\/\",\"name\":\"SZE Alumni \\u2013 Sz\\u00e9chenyi Istv\\u00e1n Egyetem\",\"description\":\"SZE Alumni \\u2013 Sz\\u00e9chenyi Istv\\u00e1n Egyetem\",\"potentialAction\":[{\"@type\":\"SearchAction\",\"target\":{\"@type\":\"EntryPoint\",\"urlTemplate\":\"https:\/\/alumni.sze.hu\/en\/?s={search_term_string}\"},\"query-input\":\"required name=search_term_string\"}],\"inLanguage\":\"hu\"},{\"@type\":\"ImageObject\",\"@id\":\"https:\/\/alumni.sze.hu\/en\/szes-albert-kazmer-faculty-advances-green-and-digital-transition-through-international-project\/#primaryimage\",\"inLanguage\":\"hu\",\"url\":\"https:\/\/alumni.sze.hu\/en\/wp-content\/uploads\/2026\/04\/Kep1-12.jpg\",\"contentUrl\":\"https:\/\/alumni.sze.hu\/en\/wp-content\/uploads\/2026\/04\/Kep1-12.jpg\",\"width\":2048,\"height\":1365},{\"@type\":\"WebPage\",\"@id\":\"https:\/\/alumni.sze.hu\/en\/szes-albert-kazmer-faculty-advances-green-and-digital-transition-through-international-project\/#webpage\",\"url\":\"https:\/\/alumni.sze.hu\/en\/szes-albert-kazmer-faculty-advances-green-and-digital-transition-through-international-project\/\",\"name\":\"SZE\\u2019s Albert K\\u00e1zm\\u00e9r Faculty Advances Green and Digital Transition through International Project - SZE Alumni \\u2013 Sz\\u00e9chenyi Istv\\u00e1n Egyetem\",\"isPartOf\":{\"@id\":\"https:\/\/alumni.sze.hu\/en\/#website\"},\"primaryImageOfPage\":{\"@id\":\"https:\/\/alumni.sze.hu\/en\/szes-albert-kazmer-faculty-advances-green-and-digital-transition-through-international-project\/#primaryimage\"},\"datePublished\":\"2026-04-27T07:13:12+00:00\",\"dateModified\":\"2026-04-27T07:13:13+00:00\",\"author\":{\"@id\":\"https:\/\/alumni.sze.hu\/en\/#\/schema\/person\/e80038ffd588d77e7ccd9bee4a6e445c\"},\"breadcrumb\":{\"@id\":\"https:\/\/alumni.sze.hu\/en\/szes-albert-kazmer-faculty-advances-green-and-digital-transition-through-international-project\/#breadcrumb\"},\"inLanguage\":\"hu\",\"potentialAction\":[{\"@type\":\"ReadAction\",\"target\":[\"https:\/\/alumni.sze.hu\/en\/szes-albert-kazmer-faculty-advances-green-and-digital-transition-through-international-project\/\"]}]},{\"@type\":\"BreadcrumbList\",\"@id\":\"https:\/\/alumni.sze.hu\/en\/szes-albert-kazmer-faculty-advances-green-and-digital-transition-through-international-project\/#breadcrumb\",\"itemListElement\":[{\"@type\":\"ListItem\",\"position\":1,\"name\":\"Homepage\",\"item\":\"https:\/\/alumni.sze.hu\/en\/\"},{\"@type\":\"ListItem\",\"position\":2,\"name\":\"SZE\\u2019s Albert K\\u00e1zm\\u00e9r Faculty Advances Green and Digital Transition through International Project\"}]},{\"@type\":\"Person\",\"@id\":\"https:\/\/alumni.sze.hu\/en\/#\/schema\/person\/e80038ffd588d77e7ccd9bee4a6e445c\",\"name\":\"KUP\\u00d3-ZAJZON R\\u00e9ka\",\"image\":{\"@type\":\"ImageObject\",\"@id\":\"https:\/\/alumni.sze.hu\/en\/#personlogo\",\"inLanguage\":\"hu\",\"url\":\"https:\/\/secure.gravatar.com\/avatar\/1084379bc06970c176085757561a2c46a3ed600c0f54ee76511c6ded24d31c0d?s=96&d=mm&r=g\",\"contentUrl\":\"https:\/\/secure.gravatar.com\/avatar\/1084379bc06970c176085757561a2c46a3ed600c0f54ee76511c6ded24d31c0d?s=96&d=mm&r=g\",\"caption\":\"KUP\\u00d3-ZAJZON R\\u00e9ka\"},\"url\":\"https:\/\/alumni.sze.hu\/en\/author\/kupore\/\"}]}<\/script>\n<!-- \/ Yoast SEO plugin. -->","yoast_head_json":{"title":"SZE\u2019s Albert K\u00e1zm\u00e9r Faculty Advances Green and Digital Transition through International Project - SZE Alumni \u2013 Sz\u00e9chenyi Istv\u00e1n Egyetem","robots":{"index":"index","follow":"follow","max-snippet":"max-snippet:-1","max-image-preview":"max-image-preview:large","max-video-preview":"max-video-preview:-1"},"canonical":"https:\/\/alumni.sze.hu\/en\/szes-albert-kazmer-faculty-advances-green-and-digital-transition-through-international-project\/","og_locale":"hu_HU","og_type":"article","og_title":"SZE\u2019s Albert K\u00e1zm\u00e9r Faculty Advances Green and Digital Transition through International Project - SZE Alumni \u2013 Sz\u00e9chenyi Istv\u00e1n Egyetem","og_description":"Created: 2026.04.27. 08:42 Within the framework of an international collaboration, the objectives and achievements to date of the GreenTech Plus European Union project were presented at the Albert K\u00e1zm\u00e9r Faculty ...","og_url":"https:\/\/alumni.sze.hu\/en\/szes-albert-kazmer-faculty-advances-green-and-digital-transition-through-international-project\/","og_site_name":"SZE Alumni \u2013 Sz\u00e9chenyi Istv\u00e1n Egyetem","article_published_time":"2026-04-27T07:13:12+00:00","article_modified_time":"2026-04-27T07:13:13+00:00","og_image":[{"width":2048,"height":1365,"url":"https:\/\/alumni.sze.hu\/en\/wp-content\/uploads\/2026\/04\/Kep1-12.jpg","type":"image\/jpeg"}],"twitter_card":"summary_large_image","twitter_misc":{"Szerz\u0151:":"KUP\u00d3-ZAJZON R\u00e9ka","Becs\u00fclt olvas\u00e1si id\u0151":"3 perc"},"schema":{"@context":"https:\/\/schema.org","@graph":[{"@type":"WebSite","@id":"https:\/\/alumni.sze.hu\/en\/#website","url":"https:\/\/alumni.sze.hu\/en\/","name":"SZE Alumni \u2013 Sz\u00e9chenyi Istv\u00e1n Egyetem","description":"SZE Alumni \u2013 Sz\u00e9chenyi Istv\u00e1n Egyetem","potentialAction":[{"@type":"SearchAction","target":{"@type":"EntryPoint","urlTemplate":"https:\/\/alumni.sze.hu\/en\/?s={search_term_string}"},"query-input":"required name=search_term_string"}],"inLanguage":"hu"},{"@type":"ImageObject","@id":"https:\/\/alumni.sze.hu\/en\/szes-albert-kazmer-faculty-advances-green-and-digital-transition-through-international-project\/#primaryimage","inLanguage":"hu","url":"https:\/\/alumni.sze.hu\/en\/wp-content\/uploads\/2026\/04\/Kep1-12.jpg","contentUrl":"https:\/\/alumni.sze.hu\/en\/wp-content\/uploads\/2026\/04\/Kep1-12.jpg","width":2048,"height":1365},{"@type":"WebPage","@id":"https:\/\/alumni.sze.hu\/en\/szes-albert-kazmer-faculty-advances-green-and-digital-transition-through-international-project\/#webpage","url":"https:\/\/alumni.sze.hu\/en\/szes-albert-kazmer-faculty-advances-green-and-digital-transition-through-international-project\/","name":"SZE\u2019s Albert K\u00e1zm\u00e9r Faculty Advances Green and Digital Transition through International Project - SZE Alumni \u2013 Sz\u00e9chenyi Istv\u00e1n Egyetem","isPartOf":{"@id":"https:\/\/alumni.sze.hu\/en\/#website"},"primaryImageOfPage":{"@id":"https:\/\/alumni.sze.hu\/en\/szes-albert-kazmer-faculty-advances-green-and-digital-transition-through-international-project\/#primaryimage"},"datePublished":"2026-04-27T07:13:12+00:00","dateModified":"2026-04-27T07:13:13+00:00","author":{"@id":"https:\/\/alumni.sze.hu\/en\/#\/schema\/person\/e80038ffd588d77e7ccd9bee4a6e445c"},"breadcrumb":{"@id":"https:\/\/alumni.sze.hu\/en\/szes-albert-kazmer-faculty-advances-green-and-digital-transition-through-international-project\/#breadcrumb"},"inLanguage":"hu","potentialAction":[{"@type":"ReadAction","target":["https:\/\/alumni.sze.hu\/en\/szes-albert-kazmer-faculty-advances-green-and-digital-transition-through-international-project\/"]}]},{"@type":"BreadcrumbList","@id":"https:\/\/alumni.sze.hu\/en\/szes-albert-kazmer-faculty-advances-green-and-digital-transition-through-international-project\/#breadcrumb","itemListElement":[{"@type":"ListItem","position":1,"name":"Homepage","item":"https:\/\/alumni.sze.hu\/en\/"},{"@type":"ListItem","position":2,"name":"SZE\u2019s Albert K\u00e1zm\u00e9r Faculty Advances Green and Digital Transition through International Project"}]},{"@type":"Person","@id":"https:\/\/alumni.sze.hu\/en\/#\/schema\/person\/e80038ffd588d77e7ccd9bee4a6e445c","name":"KUP\u00d3-ZAJZON R\u00e9ka","image":{"@type":"ImageObject","@id":"https:\/\/alumni.sze.hu\/en\/#personlogo","inLanguage":"hu","url":"https:\/\/secure.gravatar.com\/avatar\/1084379bc06970c176085757561a2c46a3ed600c0f54ee76511c6ded24d31c0d?s=96&d=mm&r=g","contentUrl":"https:\/\/secure.gravatar.com\/avatar\/1084379bc06970c176085757561a2c46a3ed600c0f54ee76511c6ded24d31c0d?s=96&d=mm&r=g","caption":"KUP\u00d3-ZAJZON R\u00e9ka"},"url":"https:\/\/alumni.sze.hu\/en\/author\/kupore\/"}]}},"_links":{"self":[{"href":"https:\/\/alumni.sze.hu\/en\/wp-json\/wp\/v2\/posts\/9970","targetHints":{"allow":["GET"]}}],"collection":[{"href":"https:\/\/alumni.sze.hu\/en\/wp-json\/wp\/v2\/posts"}],"about":[{"href":"https:\/\/alumni.sze.hu\/en\/wp-json\/wp\/v2\/types\/post"}],"author":[{"embeddable":true,"href":"https:\/\/alumni.sze.hu\/en\/wp-json\/wp\/v2\/users\/22"}],"replies":[{"embeddable":true,"href":"https:\/\/alumni.sze.hu\/en\/wp-json\/wp\/v2\/comments?post=9970"}],"version-history":[{"count":1,"href":"https:\/\/alumni.sze.hu\/en\/wp-json\/wp\/v2\/posts\/9970\/revisions"}],"predecessor-version":[{"id":9975,"href":"https:\/\/alumni.sze.hu\/en\/wp-json\/wp\/v2\/posts\/9970\/revisions\/9975"}],"wp:featuredmedia":[{"embeddable":true,"href":"https:\/\/alumni.sze.hu\/en\/wp-json\/wp\/v2\/media\/9974"}],"wp:attachment":[{"href":"https:\/\/alumni.sze.hu\/en\/wp-json\/wp\/v2\/media?parent=9970"}],"wp:term":[{"taxonomy":"category","embeddable":true,"href":"https:\/\/alumni.sze.hu\/en\/wp-json\/wp\/v2\/categories?post=9970"},{"taxonomy":"post_tag","embeddable":true,"href":"https:\/\/alumni.sze.hu\/en\/wp-json\/wp\/v2\/tags?post=9970"}],"curies":[{"name":"wp","href":"https:\/\/api.w.org\/{rel}","templated":true}]}}