{"id":9359,"date":"2026-01-15T08:22:25","date_gmt":"2026-01-15T08:22:25","guid":{"rendered":"https:\/\/alumni.sze.hu\/en\/?p=9359"},"modified":"2026-01-15T08:22:26","modified_gmt":"2026-01-15T08:22:26","slug":"sze-holds-conference-on-the-vital-issues-of-cybersecurity","status":"publish","type":"post","link":"https:\/\/alumni.sze.hu\/en\/sze-holds-conference-on-the-vital-issues-of-cybersecurity\/","title":{"rendered":"SZE holds Conference on the Vital Issues of Cybersecurity"},"content":{"rendered":"\n<p>Created: 2025.12.17. 13:34<\/p>\n\n\n\n<p><strong>Under the motto&nbsp;<em>\u201cThe Security of the Future and the Importance of Military\u2013Civil Cooperation,\u201d<\/em>&nbsp;the scientific and professional conference Military Cyberspace 2025 was held at the Gy\u0151r Innovation Park of Sz\u00e9chenyi Istv\u00e1n University. At the event of national significance, special attention was devoted to the activities of the University\u2019s Department of Modern Technology and Cybersecurity Law and the Department of Defence Innovation and Critical Infrastructure.<\/strong><\/p>\n\n\n\n<p>A scientific and professional conference was organized on 4 December by Sz\u00e9chenyi Istv\u00e1n University in cooperation with the Military National Security Service, the Ministry of Defence, and the University of Public Service.&nbsp;<em>\u201cSince 2021, the Military Cyberspace Conference has provided a forum for members of the armed forces, intelligence services, and university experts to discuss the most important challenges in this field, with the aim of advancing the cause of cybersecurity through joint professional reflection,\u201d&nbsp;<\/em>emphasized Dr Tam\u00e1s Kenedli, Colonel of the Military National Security Service, at the opening of the event.<\/p>\n\n\n\n<p>In his welcoming address, Major General Norbert Tajti, Director General of the Military National Security Service, highlighted the importance of the fact that the conference was hosted by a civilian institution.\u00a0<em>\u201cJoint organization with Sz\u00e9chenyi Istv\u00e1n University also reinforces that we cannot be successful without intensive cooperation at the state and societal levels,\u201d<\/em>\u00a0he stated. As he noted, today\u2019s security environment has broken with the trends of the previous century, when the front line and the hinterland were clearly separated.\u00a0<em>\u201cThe black and white zones have merged, and security-threatening challenges are emerging in the grey zone,\u201d<\/em>\u00a0he explained. He emphasized that Sz\u00e9chenyi Istv\u00e1n University is an innovative institution that demonstrates openness toward strengthening Hungary\u2019s security, and that the conference represents an important milestone in their joint efforts.<\/p>\n\n\n<div class=\"wp-block-image\">\n<figure class=\"aligncenter size-large\"><img loading=\"lazy\" decoding=\"async\" width=\"1024\" height=\"683\" src=\"https:\/\/alumni.sze.hu\/en\/wp-content\/uploads\/2026\/01\/kep1-3-1024x683.jpg\" alt=\"\" class=\"wp-image-9360\" srcset=\"https:\/\/alumni.sze.hu\/en\/wp-content\/uploads\/2026\/01\/kep1-3-1024x683.jpg 1024w, https:\/\/alumni.sze.hu\/en\/wp-content\/uploads\/2026\/01\/kep1-3-300x200.jpg 300w, https:\/\/alumni.sze.hu\/en\/wp-content\/uploads\/2026\/01\/kep1-3-768x512.jpg 768w, https:\/\/alumni.sze.hu\/en\/wp-content\/uploads\/2026\/01\/kep1-3-1536x1024.jpg 1536w, https:\/\/alumni.sze.hu\/en\/wp-content\/uploads\/2026\/01\/kep1-3-18x12.jpg 18w, https:\/\/alumni.sze.hu\/en\/wp-content\/uploads\/2026\/01\/kep1-3.jpg 2048w\" sizes=\"auto, (max-width: 1024px) 100vw, 1024px\" \/><figcaption class=\"wp-element-caption\">Major General Norbert Tajti, Director General of the Military National Security Service, praised the role assumed by Sz\u00e9chenyi Istv\u00e1n University. (Photo: Andr\u00e1s Adorj\u00e1n)<\/figcaption><\/figure>\n<\/div>\n\n\n<p><\/p>\n\n\n\n<p>Professor Ferenc Friedler, Rector of Sz\u00e9chenyi Istv\u00e1n University and Vice-Rector for Scientific Affairs, explained that the security of cyberspace is one of the most important national security domains of the 21st century, which can only be addressed through military and academic cooperation<em>. \u201cThrough our education programmes, research and development activities, and close industrial partnerships, we have established a knowledge centre that provides a foundation for both cybersecurity and defence innovations. It is no coincidence that Hungary\u2019s first Department of Modern Technology and Cybersecurity Law, as well as the Department of Defence Innovation and Critical Infrastructure, were established at our University. The different perspectives of these two organizational units together create a platform through which we can respond to the fundamental questions of cybersecurity,\u201d<\/em>&nbsp;he underlined.<\/p>\n\n\n\n<p>Representing the State Secretariat responsible for the governance of military national security, Gr\u00e9ta Nagy remarked that in cyberspace, peacetime is an unknown concept. Cyberattacks directed against civilians indicate that military operations are no longer confined to purely military targets.\u00a0<em>\u201cThese attacks are becoming increasingly sophisticated through the use of artificial intelligence. The strongest defence is possible when we think at a whole-of-government level and build strong national resilience, where the resilience of public administration, industry, and society rests on stable pillars,\u201d<\/em>\u00a0she noted. She added that the defence-related section of the National Cybersecurity Strategy published this year highlights that raising awareness, promoting cooperation, joint situational assessment, and the integration of innovation are indispensable elements of this effort.<\/p>\n\n\n<div class=\"wp-block-image\">\n<figure class=\"aligncenter size-large\"><img loading=\"lazy\" decoding=\"async\" width=\"1024\" height=\"683\" src=\"https:\/\/alumni.sze.hu\/en\/wp-content\/uploads\/2026\/01\/kep2-3-1024x683.jpg\" alt=\"\" class=\"wp-image-9361\" srcset=\"https:\/\/alumni.sze.hu\/en\/wp-content\/uploads\/2026\/01\/kep2-3-1024x683.jpg 1024w, https:\/\/alumni.sze.hu\/en\/wp-content\/uploads\/2026\/01\/kep2-3-300x200.jpg 300w, https:\/\/alumni.sze.hu\/en\/wp-content\/uploads\/2026\/01\/kep2-3-768x512.jpg 768w, https:\/\/alumni.sze.hu\/en\/wp-content\/uploads\/2026\/01\/kep2-3-1536x1024.jpg 1536w, https:\/\/alumni.sze.hu\/en\/wp-content\/uploads\/2026\/01\/kep2-3-18x12.jpg 18w, https:\/\/alumni.sze.hu\/en\/wp-content\/uploads\/2026\/01\/kep2-3.jpg 2048w\" sizes=\"auto, (max-width: 1024px) 100vw, 1024px\" \/><figcaption class=\"wp-element-caption\">The cybersecurity conference attracted considerable interest and was held at the Gy\u0151r Innovation Park of Sz\u00e9chenyi Istv\u00e1n University. (Photo: M\u00e1t\u00e9 Dud\u00e1s)<\/figcaption><\/figure>\n<\/div>\n\n\n<p class=\"has-text-align-left\">Throughout the day, participants heard presentations from numerous renowned speakers, including Dr \u00c1gnes Kasper (NATO Cooperative Cyber Defence Centre of Excellence), who spoke on the strategic importance and development of cybersecurity within NATO, and Professor Dr L\u00e1szl\u00f3 Kov\u00e1cs, Major General (University of Public Service), who delivered a presentation on possible future directions for domestic cybersecurity education and research. Lieutenant Colonel Dr \u00c1d\u00e1m Farkas (Sz\u00e9chenyi Istv\u00e1n University, University of Public Service, Military National Security Service) gave an overview entitled\u00a0<em>\u201cThe Place and Role of Cyber and Information Operations Preparedness in the Comprehensive Development of National Security,\u201d<\/em>\u00a0while Colonel D\u00e1vid Orosh\u00e1zi (National Security Service, National Cybersecurity Institute) presented on\u00a0<em>\u201cThe Development of the National Cybersecurity System and Cooperation with the Civil Sphere.\u201d<\/em><\/p>\n\n\n\n<p>At the conference, the two departments of the Gy\u0151r-based university active in this field also introduced their work. The\u00a0<strong>Department of Modern Technology and Cybersecurity Law<\/strong>\u00a0of the De\u00e1k Ferenc Faculty of Law and Political Sciences examines the legal aspects of cybersecurity and offers a nationally unique master\u2019s programme entitled\u00a0<a href=\"https:\/\/admissions.sze.hu\/sze-launches-a-master-s-degree-course-in-cybersecurity?ckw=\">Law of Modern Technologies and Cybersecurity.<\/a>\u00a0Its head and the architect of the programme, Dr Roland Kelemen, delivered a lecture entitled\u00a0<em>\u201cInterpreting Societal Resilience in Cyberspace.\u201d<\/em>\u00a0<a href=\"https:\/\/admissions.sze.hu\/defence-innovations-and-critical-infrastructures-unique-department-established-at-sze?ckw=RGVwYXJ0bWVudCBvZiBEZWZlbmNlIElubm92YXRpb24gYW5kIENyaXRpY2FsIEluZnJhc3RydWN0dXJl\">The Department of Defence Innovation and Critical Infrastructures<\/a>\u00a0which began its operations in the current academic year, was presented by its head, Dr Ferenc Szauter, who outlined the department\u2019s competencies. Staff members of the two organizational units\u2014Dr Hedvig Szab\u00f3, Dr L\u00e1szl\u00f3 Vikman and Dr P\u00e1l L\u00e1szl\u00f3 B\u00e1rk\u00e1nyi\u2014shed light on various defence-related issues from the perspectives of their respective fields during the event.<\/p>\n\n\n<div class=\"wp-block-image\">\n<figure class=\"aligncenter size-large\"><img loading=\"lazy\" decoding=\"async\" width=\"1024\" height=\"683\" src=\"https:\/\/alumni.sze.hu\/en\/wp-content\/uploads\/2026\/01\/Kep3-1-1024x683.jpg\" alt=\"\" class=\"wp-image-9363\" srcset=\"https:\/\/alumni.sze.hu\/en\/wp-content\/uploads\/2026\/01\/Kep3-1-1024x683.jpg 1024w, https:\/\/alumni.sze.hu\/en\/wp-content\/uploads\/2026\/01\/Kep3-1-300x200.jpg 300w, https:\/\/alumni.sze.hu\/en\/wp-content\/uploads\/2026\/01\/Kep3-1-768x512.jpg 768w, https:\/\/alumni.sze.hu\/en\/wp-content\/uploads\/2026\/01\/Kep3-1-1536x1024.jpg 1536w, https:\/\/alumni.sze.hu\/en\/wp-content\/uploads\/2026\/01\/Kep3-1-18x12.jpg 18w, https:\/\/alumni.sze.hu\/en\/wp-content\/uploads\/2026\/01\/Kep3-1.jpg 2048w\" sizes=\"auto, (max-width: 1024px) 100vw, 1024px\" \/><figcaption class=\"wp-element-caption\">Among the speakers was Dr Roland Kelemen, Head of the Department of Modern Technology and Cybersecurity Law at Sz\u00e9chenyi Istv\u00e1n University. (Photo: M\u00e1t\u00e9 Dud\u00e1s)<\/figcaption><\/figure>\n<\/div>\n\n<div class=\"wp-block-image\">\n<figure class=\"aligncenter size-large\"><img loading=\"lazy\" decoding=\"async\" width=\"1024\" height=\"683\" src=\"https:\/\/alumni.sze.hu\/en\/wp-content\/uploads\/2026\/01\/Kep4-1024x683.jpg\" alt=\"\" class=\"wp-image-9362\" srcset=\"https:\/\/alumni.sze.hu\/en\/wp-content\/uploads\/2026\/01\/Kep4-1024x683.jpg 1024w, https:\/\/alumni.sze.hu\/en\/wp-content\/uploads\/2026\/01\/Kep4-300x200.jpg 300w, https:\/\/alumni.sze.hu\/en\/wp-content\/uploads\/2026\/01\/Kep4-768x512.jpg 768w, https:\/\/alumni.sze.hu\/en\/wp-content\/uploads\/2026\/01\/Kep4-1536x1024.jpg 1536w, https:\/\/alumni.sze.hu\/en\/wp-content\/uploads\/2026\/01\/Kep4-18x12.jpg 18w, https:\/\/alumni.sze.hu\/en\/wp-content\/uploads\/2026\/01\/Kep4.jpg 2048w\" sizes=\"auto, (max-width: 1024px) 100vw, 1024px\" \/><figcaption class=\"wp-element-caption\">Dr Ferenc Szauter, Head of the Department of Defence Innovation and Critical Infrastructures, presented the University\u2019s new organizational unit. (Photo: Dud\u00e1s M\u00e1t\u00e9)<\/figcaption><\/figure>\n<\/div>","protected":false},"excerpt":{"rendered":"<p>Created: 2025.12.17. 13:34 Under the motto&nbsp;\u201cThe Security of the Future and the Importance of Military\u2013Civil Cooperation,\u201d&nbsp;the scientific and professional conference Military Cyberspace 2025 was held at the Gy\u0151r Innovation Park &#8230;<\/p>\n","protected":false},"author":22,"featured_media":9360,"comment_status":"closed","ping_status":"open","sticky":false,"template":"","format":"standard","meta":{"footnotes":""},"categories":[24],"tags":[],"class_list":["post-9359","post","type-post","status-publish","format-standard","has-post-thumbnail","hentry","category-news"],"yoast_head":"<!-- This site is optimized with the Yoast SEO plugin v17.8 - https:\/\/yoast.com\/wordpress\/plugins\/seo\/ -->\n<title>SZE holds Conference on the Vital Issues of Cybersecurity - SZE Alumni \u2013 Sz\u00e9chenyi Istv\u00e1n Egyetem<\/title>\n<meta name=\"robots\" content=\"index, follow, max-snippet:-1, max-image-preview:large, max-video-preview:-1\" \/>\n<link rel=\"canonical\" href=\"https:\/\/alumni.sze.hu\/en\/sze-holds-conference-on-the-vital-issues-of-cybersecurity\/\" \/>\n<meta property=\"og:locale\" content=\"hu_HU\" \/>\n<meta property=\"og:type\" content=\"article\" \/>\n<meta property=\"og:title\" content=\"SZE holds Conference on the Vital Issues of Cybersecurity - SZE Alumni \u2013 Sz\u00e9chenyi Istv\u00e1n Egyetem\" \/>\n<meta property=\"og:description\" content=\"Created: 2025.12.17. 13:34 Under the motto&nbsp;\u201cThe Security of the Future and the Importance of Military\u2013Civil Cooperation,\u201d&nbsp;the scientific and professional conference Military Cyberspace 2025 was held at the Gy\u0151r Innovation Park ...\" \/>\n<meta property=\"og:url\" content=\"https:\/\/alumni.sze.hu\/en\/sze-holds-conference-on-the-vital-issues-of-cybersecurity\/\" \/>\n<meta property=\"og:site_name\" content=\"SZE Alumni \u2013 Sz\u00e9chenyi Istv\u00e1n Egyetem\" \/>\n<meta property=\"article:published_time\" content=\"2026-01-15T08:22:25+00:00\" \/>\n<meta property=\"article:modified_time\" content=\"2026-01-15T08:22:26+00:00\" \/>\n<meta property=\"og:image\" content=\"https:\/\/alumni.sze.hu\/en\/wp-content\/uploads\/2026\/01\/kep1-3.jpg\" \/>\n\t<meta property=\"og:image:width\" content=\"2048\" \/>\n\t<meta property=\"og:image:height\" content=\"1365\" \/>\n<meta name=\"twitter:card\" content=\"summary_large_image\" \/>\n<meta name=\"twitter:label1\" content=\"Szerz\u0151:\" \/>\n\t<meta name=\"twitter:data1\" content=\"KUP\u00d3-ZAJZON R\u00e9ka\" \/>\n\t<meta name=\"twitter:label2\" content=\"Becs\u00fclt olvas\u00e1si id\u0151\" \/>\n\t<meta name=\"twitter:data2\" content=\"5 perc\" \/>\n<script type=\"application\/ld+json\" class=\"yoast-schema-graph\">{\"@context\":\"https:\/\/schema.org\",\"@graph\":[{\"@type\":\"WebSite\",\"@id\":\"https:\/\/alumni.sze.hu\/en\/#website\",\"url\":\"https:\/\/alumni.sze.hu\/en\/\",\"name\":\"SZE Alumni \\u2013 Sz\\u00e9chenyi Istv\\u00e1n Egyetem\",\"description\":\"SZE Alumni \\u2013 Sz\\u00e9chenyi Istv\\u00e1n Egyetem\",\"potentialAction\":[{\"@type\":\"SearchAction\",\"target\":{\"@type\":\"EntryPoint\",\"urlTemplate\":\"https:\/\/alumni.sze.hu\/en\/?s={search_term_string}\"},\"query-input\":\"required name=search_term_string\"}],\"inLanguage\":\"hu\"},{\"@type\":\"ImageObject\",\"@id\":\"https:\/\/alumni.sze.hu\/en\/sze-holds-conference-on-the-vital-issues-of-cybersecurity\/#primaryimage\",\"inLanguage\":\"hu\",\"url\":\"https:\/\/alumni.sze.hu\/en\/wp-content\/uploads\/2026\/01\/kep1-3.jpg\",\"contentUrl\":\"https:\/\/alumni.sze.hu\/en\/wp-content\/uploads\/2026\/01\/kep1-3.jpg\",\"width\":2048,\"height\":1365,\"caption\":\"Major General Norbert Tajti, Director General of the Military National Security Service, praised the role assumed by Sz\\u00e9chenyi Istv\\u00e1n University. (Photo: Andr\\u00e1s Adorj\\u00e1n)\"},{\"@type\":\"WebPage\",\"@id\":\"https:\/\/alumni.sze.hu\/en\/sze-holds-conference-on-the-vital-issues-of-cybersecurity\/#webpage\",\"url\":\"https:\/\/alumni.sze.hu\/en\/sze-holds-conference-on-the-vital-issues-of-cybersecurity\/\",\"name\":\"SZE holds Conference on the Vital Issues of Cybersecurity - SZE Alumni \\u2013 Sz\\u00e9chenyi Istv\\u00e1n Egyetem\",\"isPartOf\":{\"@id\":\"https:\/\/alumni.sze.hu\/en\/#website\"},\"primaryImageOfPage\":{\"@id\":\"https:\/\/alumni.sze.hu\/en\/sze-holds-conference-on-the-vital-issues-of-cybersecurity\/#primaryimage\"},\"datePublished\":\"2026-01-15T08:22:25+00:00\",\"dateModified\":\"2026-01-15T08:22:26+00:00\",\"author\":{\"@id\":\"https:\/\/alumni.sze.hu\/en\/#\/schema\/person\/e80038ffd588d77e7ccd9bee4a6e445c\"},\"breadcrumb\":{\"@id\":\"https:\/\/alumni.sze.hu\/en\/sze-holds-conference-on-the-vital-issues-of-cybersecurity\/#breadcrumb\"},\"inLanguage\":\"hu\",\"potentialAction\":[{\"@type\":\"ReadAction\",\"target\":[\"https:\/\/alumni.sze.hu\/en\/sze-holds-conference-on-the-vital-issues-of-cybersecurity\/\"]}]},{\"@type\":\"BreadcrumbList\",\"@id\":\"https:\/\/alumni.sze.hu\/en\/sze-holds-conference-on-the-vital-issues-of-cybersecurity\/#breadcrumb\",\"itemListElement\":[{\"@type\":\"ListItem\",\"position\":1,\"name\":\"Homepage\",\"item\":\"https:\/\/alumni.sze.hu\/en\/\"},{\"@type\":\"ListItem\",\"position\":2,\"name\":\"SZE holds Conference on the Vital Issues of Cybersecurity\"}]},{\"@type\":\"Person\",\"@id\":\"https:\/\/alumni.sze.hu\/en\/#\/schema\/person\/e80038ffd588d77e7ccd9bee4a6e445c\",\"name\":\"KUP\\u00d3-ZAJZON R\\u00e9ka\",\"image\":{\"@type\":\"ImageObject\",\"@id\":\"https:\/\/alumni.sze.hu\/en\/#personlogo\",\"inLanguage\":\"hu\",\"url\":\"https:\/\/secure.gravatar.com\/avatar\/1084379bc06970c176085757561a2c46a3ed600c0f54ee76511c6ded24d31c0d?s=96&d=mm&r=g\",\"contentUrl\":\"https:\/\/secure.gravatar.com\/avatar\/1084379bc06970c176085757561a2c46a3ed600c0f54ee76511c6ded24d31c0d?s=96&d=mm&r=g\",\"caption\":\"KUP\\u00d3-ZAJZON R\\u00e9ka\"},\"url\":\"https:\/\/alumni.sze.hu\/en\/author\/kupore\/\"}]}<\/script>\n<!-- \/ Yoast SEO plugin. -->","yoast_head_json":{"title":"SZE holds Conference on the Vital Issues of Cybersecurity - SZE Alumni \u2013 Sz\u00e9chenyi Istv\u00e1n Egyetem","robots":{"index":"index","follow":"follow","max-snippet":"max-snippet:-1","max-image-preview":"max-image-preview:large","max-video-preview":"max-video-preview:-1"},"canonical":"https:\/\/alumni.sze.hu\/en\/sze-holds-conference-on-the-vital-issues-of-cybersecurity\/","og_locale":"hu_HU","og_type":"article","og_title":"SZE holds Conference on the Vital Issues of Cybersecurity - SZE Alumni \u2013 Sz\u00e9chenyi Istv\u00e1n Egyetem","og_description":"Created: 2025.12.17. 13:34 Under the motto&nbsp;\u201cThe Security of the Future and the Importance of Military\u2013Civil Cooperation,\u201d&nbsp;the scientific and professional conference Military Cyberspace 2025 was held at the Gy\u0151r Innovation Park ...","og_url":"https:\/\/alumni.sze.hu\/en\/sze-holds-conference-on-the-vital-issues-of-cybersecurity\/","og_site_name":"SZE Alumni \u2013 Sz\u00e9chenyi Istv\u00e1n Egyetem","article_published_time":"2026-01-15T08:22:25+00:00","article_modified_time":"2026-01-15T08:22:26+00:00","og_image":[{"width":2048,"height":1365,"url":"https:\/\/alumni.sze.hu\/en\/wp-content\/uploads\/2026\/01\/kep1-3.jpg","type":"image\/jpeg"}],"twitter_card":"summary_large_image","twitter_misc":{"Szerz\u0151:":"KUP\u00d3-ZAJZON R\u00e9ka","Becs\u00fclt olvas\u00e1si id\u0151":"5 perc"},"schema":{"@context":"https:\/\/schema.org","@graph":[{"@type":"WebSite","@id":"https:\/\/alumni.sze.hu\/en\/#website","url":"https:\/\/alumni.sze.hu\/en\/","name":"SZE Alumni \u2013 Sz\u00e9chenyi Istv\u00e1n Egyetem","description":"SZE Alumni \u2013 Sz\u00e9chenyi Istv\u00e1n Egyetem","potentialAction":[{"@type":"SearchAction","target":{"@type":"EntryPoint","urlTemplate":"https:\/\/alumni.sze.hu\/en\/?s={search_term_string}"},"query-input":"required name=search_term_string"}],"inLanguage":"hu"},{"@type":"ImageObject","@id":"https:\/\/alumni.sze.hu\/en\/sze-holds-conference-on-the-vital-issues-of-cybersecurity\/#primaryimage","inLanguage":"hu","url":"https:\/\/alumni.sze.hu\/en\/wp-content\/uploads\/2026\/01\/kep1-3.jpg","contentUrl":"https:\/\/alumni.sze.hu\/en\/wp-content\/uploads\/2026\/01\/kep1-3.jpg","width":2048,"height":1365,"caption":"Major General Norbert Tajti, Director General of the Military National Security Service, praised the role assumed by Sz\u00e9chenyi Istv\u00e1n University. (Photo: Andr\u00e1s Adorj\u00e1n)"},{"@type":"WebPage","@id":"https:\/\/alumni.sze.hu\/en\/sze-holds-conference-on-the-vital-issues-of-cybersecurity\/#webpage","url":"https:\/\/alumni.sze.hu\/en\/sze-holds-conference-on-the-vital-issues-of-cybersecurity\/","name":"SZE holds Conference on the Vital Issues of Cybersecurity - SZE Alumni \u2013 Sz\u00e9chenyi Istv\u00e1n Egyetem","isPartOf":{"@id":"https:\/\/alumni.sze.hu\/en\/#website"},"primaryImageOfPage":{"@id":"https:\/\/alumni.sze.hu\/en\/sze-holds-conference-on-the-vital-issues-of-cybersecurity\/#primaryimage"},"datePublished":"2026-01-15T08:22:25+00:00","dateModified":"2026-01-15T08:22:26+00:00","author":{"@id":"https:\/\/alumni.sze.hu\/en\/#\/schema\/person\/e80038ffd588d77e7ccd9bee4a6e445c"},"breadcrumb":{"@id":"https:\/\/alumni.sze.hu\/en\/sze-holds-conference-on-the-vital-issues-of-cybersecurity\/#breadcrumb"},"inLanguage":"hu","potentialAction":[{"@type":"ReadAction","target":["https:\/\/alumni.sze.hu\/en\/sze-holds-conference-on-the-vital-issues-of-cybersecurity\/"]}]},{"@type":"BreadcrumbList","@id":"https:\/\/alumni.sze.hu\/en\/sze-holds-conference-on-the-vital-issues-of-cybersecurity\/#breadcrumb","itemListElement":[{"@type":"ListItem","position":1,"name":"Homepage","item":"https:\/\/alumni.sze.hu\/en\/"},{"@type":"ListItem","position":2,"name":"SZE holds Conference on the Vital Issues of Cybersecurity"}]},{"@type":"Person","@id":"https:\/\/alumni.sze.hu\/en\/#\/schema\/person\/e80038ffd588d77e7ccd9bee4a6e445c","name":"KUP\u00d3-ZAJZON R\u00e9ka","image":{"@type":"ImageObject","@id":"https:\/\/alumni.sze.hu\/en\/#personlogo","inLanguage":"hu","url":"https:\/\/secure.gravatar.com\/avatar\/1084379bc06970c176085757561a2c46a3ed600c0f54ee76511c6ded24d31c0d?s=96&d=mm&r=g","contentUrl":"https:\/\/secure.gravatar.com\/avatar\/1084379bc06970c176085757561a2c46a3ed600c0f54ee76511c6ded24d31c0d?s=96&d=mm&r=g","caption":"KUP\u00d3-ZAJZON R\u00e9ka"},"url":"https:\/\/alumni.sze.hu\/en\/author\/kupore\/"}]}},"_links":{"self":[{"href":"https:\/\/alumni.sze.hu\/en\/wp-json\/wp\/v2\/posts\/9359","targetHints":{"allow":["GET"]}}],"collection":[{"href":"https:\/\/alumni.sze.hu\/en\/wp-json\/wp\/v2\/posts"}],"about":[{"href":"https:\/\/alumni.sze.hu\/en\/wp-json\/wp\/v2\/types\/post"}],"author":[{"embeddable":true,"href":"https:\/\/alumni.sze.hu\/en\/wp-json\/wp\/v2\/users\/22"}],"replies":[{"embeddable":true,"href":"https:\/\/alumni.sze.hu\/en\/wp-json\/wp\/v2\/comments?post=9359"}],"version-history":[{"count":1,"href":"https:\/\/alumni.sze.hu\/en\/wp-json\/wp\/v2\/posts\/9359\/revisions"}],"predecessor-version":[{"id":9364,"href":"https:\/\/alumni.sze.hu\/en\/wp-json\/wp\/v2\/posts\/9359\/revisions\/9364"}],"wp:featuredmedia":[{"embeddable":true,"href":"https:\/\/alumni.sze.hu\/en\/wp-json\/wp\/v2\/media\/9360"}],"wp:attachment":[{"href":"https:\/\/alumni.sze.hu\/en\/wp-json\/wp\/v2\/media?parent=9359"}],"wp:term":[{"taxonomy":"category","embeddable":true,"href":"https:\/\/alumni.sze.hu\/en\/wp-json\/wp\/v2\/categories?post=9359"},{"taxonomy":"post_tag","embeddable":true,"href":"https:\/\/alumni.sze.hu\/en\/wp-json\/wp\/v2\/tags?post=9359"}],"curies":[{"name":"wp","href":"https:\/\/api.w.org\/{rel}","templated":true}]}}