{"id":9275,"date":"2025-12-12T14:26:10","date_gmt":"2025-12-12T14:26:10","guid":{"rendered":"https:\/\/alumni.sze.hu\/en\/?p=9275"},"modified":"2025-12-12T14:26:10","modified_gmt":"2025-12-12T14:26:10","slug":"kapu-tibor-research-astronaut-meets-hundreds-of-students-at-sze","status":"publish","type":"post","link":"https:\/\/alumni.sze.hu\/en\/kapu-tibor-research-astronaut-meets-hundreds-of-students-at-sze\/","title":{"rendered":"Kapu Tibor, Research Astronaut, Meets Hundreds of Students at SZE"},"content":{"rendered":"\n<p>Created: 2025.12.12. 10:32<\/p>\n\n\n\n<p><strong>Kapu Tibor, research astronaut, and his trained research astronaut colleague, Gyula Cser\u00e9nyi, personally visited Sz\u00e9chenyi Istv\u00e1n University, where they shared their mission experiences with more than a thousand young people. They emphasised that the institution, which is increasingly connected to space research, was an excellent venue for the meeting.<\/strong><\/p>\n\n\n\n<p>This year was of historic significance for Hungary\u2019s space activities, as in the summer, a Hungarian astronaut returned to space for the first time in 45 years as part of the HUNOR (Hungarian to Orbit) Astronaut Programme. Tibor Kapu spent eighteen days on the International Space Station, where he tested space research instruments and carried out numerous experiments. One of these was linked to Sz\u00e9chenyi Istv\u00e1n University: during the programme held on 9 July at the Mobilis Interactive Experience Centre, sixteen primary and secondary school pupils were able to&nbsp;<a href=\"https:\/\/admissions.sze.hu\/students-questions-answered-by-astronaut-tibor-kapu-in-a-joint-sze-mobilis-and-nmhh-programme?ckw=dGlib3Iga2FwdQ==\">ask him questions via live radio contact<\/a>.&nbsp;<em>\u201cOver the past months I have been asked countless questions, but the most creative ones were undoubtedly asked by the students here,\u201d<\/em>&nbsp;the astronaut recalled.<\/p>\n\n\n\n<figure class=\"wp-block-image\"><img decoding=\"async\" src=\"https:\/\/admissions.sze.hu\/images\/News\/2025_12\/kapu.jpg\" alt=\"kapu.jpg\" title=\"kapu.jpg\"\/><\/figure>\n\n\n\n<p><em>Kapu Tibor and Gyula Cser\u00e9nyi, research astronauts, at Sz\u00e9chenyi Istv\u00e1n University. (Photo: Andr\u00e1s Adorj\u00e1n)<\/em><\/p>\n\n\n\n<p>Exactly five months later, on 9 December, Tibor Kapu and his trained research astronaut colleague Gyula Cser\u00e9nyi visited the institution in Gy\u0151r in person, where they met around one and a half thousand primary school pupils, secondary school and University students, first at the University Sports Hall in the morning and then at Mobilis in the afternoon. In their presentation, they reflected on their training period and the spaceflight itself.&nbsp;<em>\u201cWe spent nearly three years back in the school desk, and our studies were complemented with a huge amount of training. We had to acquire many different skills and perform well in extreme situations,\u201d<\/em>&nbsp;explained Gyula Cser\u00e9nyi. Tibor Kapu added that they had to learn to divide their attention in order to carry out several tasks simultaneously. In their talk, they spoke about the physical load experienced during acceleration, aerobatic exercises, land and water survival training, and the simulation of weightlessness. They also recalled a six-day exercise during which they were placed in an unknown location, hermetically sealed off from the outside world, with decreasing amounts of food and sleep to prove their psychological resilience.<\/p>\n\n\n\n<figure class=\"wp-block-image\"><img decoding=\"async\" src=\"https:\/\/static.wixstatic.com\/media\/7f5c56_6c3e5fcaada84975b1f0b8040482c0b7~mv2.jpg\/v1\/fill\/w_740,h_493,al_c,q_85,usm_0.66_1.00_0.01,enc_avif,quality_auto\/7f5c56_6c3e5fcaada84975b1f0b8040482c0b7~mv2.jpg\" alt=\"\"\/><\/figure>\n\n\n\n<p><em>Around 1,200 young people listened to the astronauts\u2019 presentation in the University Sports Hall (Photo: Andr\u00e1s Adorj\u00e1n)<\/em><\/p>\n\n\n\n<p><em>\u201cAfter our selection, we spent a year in the United States, where the training of NASA, SpaceX and Axiom Space taught us how to eat, sleep and move on the International Space Station, how we travel there from Earth and how we return,\u201d<\/em>&nbsp;said Gyula Cser\u00e9nyi. Tibor Kapu recalled the longer-than-planned quarantine and then the moments of launch.&nbsp;<em>\u201cThe rocket is a 70-metre-high tower that burns 400 tonnes of fuel in the minutes of lift-off. Meanwhile, we were sitting inside a small cabin, experiencing incredible forces and effects. It took more than a day to reach the space station, which is a laboratory orbiting Earth, and where I carried out 25 different Hungarian experiments,\u201d<\/em>&nbsp;he noted. He recalled several of these, including when he grew peppers, radishes and wheat in space.<\/p>\n\n\n\n<figure class=\"wp-block-image\"><img decoding=\"async\" src=\"https:\/\/static.wixstatic.com\/media\/7f5c56_940e4ced5eb24c209ae3ebc323f39855~mv2.jpg\/v1\/fill\/w_740,h_493,al_c,q_85,usm_0.66_1.00_0.01,enc_avif,quality_auto\/7f5c56_940e4ced5eb24c209ae3ebc323f39855~mv2.jpg\" alt=\"\"\/><\/figure>\n\n\n\n<p><em>In the afternoon, the Mobilis Interactive Experience Centre also filled with visitors eager to hear the conversation with the two research astronauts (Photo: M\u00e1t\u00e9 Dud\u00e1s)<\/em><\/p>\n\n\n\n<p>The astronaut shared many personal experiences with the audience, such as that sleeping in space is as comfortable as being surrounded by a perfect memory-foam mattress.&nbsp;<em>\u201cWhen you\u2019re floating, you don\u2019t need shoes. I especially enjoyed that I didn\u2019t have to wear shoes for twenty days,\u201d<\/em>&nbsp;he said jokingly. He then used his own videos and photographs to show how he ate and moved in space, and what Earth and Hungary look like from an altitude of 400 kilometres.&nbsp;<em>\u201cThe space station orbits the planet in 90 minutes, so we see the night-time and daytime Earth for 45 minutes each, a total of 16 times in 24 hours,\u201d<\/em>&nbsp;he explained, highlighting the uniqueness of the space perspective.<\/p>\n\n\n\n<figure class=\"wp-block-image\"><img decoding=\"async\" src=\"https:\/\/static.wixstatic.com\/media\/7f5c56_19c7f909201748df9f7e6ed1369e5758~mv2.jpg\" alt=\"\"\/><\/figure>\n\n\n\n<figure class=\"wp-block-image\"><img decoding=\"async\" src=\"https:\/\/static.wixstatic.com\/media\/7f5c56_df5253b45dde459788fe3e8ec3504d84~mv2.jpg\" alt=\"\"\/><\/figure>\n\n\n\n<p><em>Tibor Kapu and Gyula Cser\u00e9nyi also visited the Space Telecommunications Laboratory of Sz\u00e9chenyi Istv\u00e1n University, where they signed an antenna that has already been signed by several astronauts (Photo: M\u00e1t\u00e9 Dud\u00e1s)<\/em><\/p>\n\n\n\n<p>Following the presentation, Tibor Kapu stated that Sz\u00e9chenyi Istv\u00e1n University was an excellent venue for the meeting, as space research is gaining increasing emphasis at this technology-focused institution. He added that students interested in this field would be in good hands if they chose the university in Gy\u0151r, as they could take an active role in projects such as the space equipment development of the SZESAT College for Advanced Studies. Notably, the twin satellite developed by students from Gy\u0151r recently entered Earth orbit as part of the Hunity programme, led by the Budapest University of Technology and Economics.<\/p>\n\n\n\n<p><em>\u201cSpace-related research covers almost every field of science\u2014from law, through engineering and technological development, to psychology and even space economics. As the University of Gy\u0151r embraces many areas of science, students can approach questions related to space from various directions according to their professional interests. I encourage young people to boldly engage with these topics, which will significantly shape our future,\u201d<\/em>&nbsp;the astronaut concluded.<\/p>\n\n\n\n<p><em>Gallery (Photos: Andr\u00e1s Adorj\u00e1n, M\u00e1t\u00e9 Dud\u00e1s)<\/em><strong>:<\/strong><\/p>\n\n\n\n<figure class=\"wp-block-image\"><img decoding=\"async\" src=\"https:\/\/static.wixstatic.com\/media\/7f5c56_a5581ff8457643698a00e1152541fdd8~mv2.jpg\" alt=\"\"\/><\/figure>\n\n\n\n<figure class=\"wp-block-image\"><img decoding=\"async\" src=\"https:\/\/static.wixstatic.com\/media\/7f5c56_6a632cbfc4614bedbbd1cc99f762528f~mv2.jpg\" alt=\"\"\/><\/figure>\n\n\n\n<figure class=\"wp-block-image\"><img decoding=\"async\" src=\"https:\/\/static.wixstatic.com\/media\/7f5c56_3e514eb9703f4406b39b2830aa7f4d38~mv2.jpg\" alt=\"\"\/><\/figure>\n\n\n\n<figure class=\"wp-block-image\"><img decoding=\"async\" src=\"https:\/\/static.wixstatic.com\/media\/7f5c56_87ab8cb9807c4449b24a9218a80ad37d~mv2.jpg\" alt=\"\"\/><\/figure>\n\n\n\n<figure class=\"wp-block-image\"><img decoding=\"async\" src=\"https:\/\/static.wixstatic.com\/media\/7f5c56_b34ed3883c434e7eb98048ce6d9f713b~mv2.jpg\" alt=\"\"\/><\/figure>\n","protected":false},"excerpt":{"rendered":"<p>Created: 2025.12.12. 10:32 Kapu Tibor, research astronaut, and his trained research astronaut colleague, Gyula Cser\u00e9nyi, personally visited Sz\u00e9chenyi Istv\u00e1n University, where they shared their mission experiences with more than a &#8230;<\/p>\n","protected":false},"author":22,"featured_media":9276,"comment_status":"closed","ping_status":"open","sticky":false,"template":"","format":"standard","meta":{"footnotes":""},"categories":[24],"tags":[],"class_list":["post-9275","post","type-post","status-publish","format-standard","has-post-thumbnail","hentry","category-news"],"yoast_head":"<!-- This site is optimized with the Yoast SEO plugin v17.8 - https:\/\/yoast.com\/wordpress\/plugins\/seo\/ -->\n<title>Kapu Tibor, Research Astronaut, Meets Hundreds of Students at SZE - SZE Alumni \u2013 Sz\u00e9chenyi Istv\u00e1n Egyetem<\/title>\n<meta name=\"robots\" content=\"index, follow, max-snippet:-1, max-image-preview:large, max-video-preview:-1\" \/>\n<link rel=\"canonical\" href=\"https:\/\/alumni.sze.hu\/en\/kapu-tibor-research-astronaut-meets-hundreds-of-students-at-sze\/\" \/>\n<meta property=\"og:locale\" content=\"hu_HU\" \/>\n<meta property=\"og:type\" content=\"article\" \/>\n<meta property=\"og:title\" content=\"Kapu Tibor, Research Astronaut, Meets Hundreds of Students at SZE - SZE Alumni \u2013 Sz\u00e9chenyi Istv\u00e1n Egyetem\" \/>\n<meta property=\"og:description\" content=\"Created: 2025.12.12. 10:32 Kapu Tibor, research astronaut, and his trained research astronaut colleague, Gyula Cser\u00e9nyi, personally visited Sz\u00e9chenyi Istv\u00e1n University, where they shared their mission experiences with more than a ...\" \/>\n<meta property=\"og:url\" content=\"https:\/\/alumni.sze.hu\/en\/kapu-tibor-research-astronaut-meets-hundreds-of-students-at-sze\/\" \/>\n<meta property=\"og:site_name\" content=\"SZE Alumni \u2013 Sz\u00e9chenyi Istv\u00e1n Egyetem\" \/>\n<meta property=\"article:published_time\" content=\"2025-12-12T14:26:10+00:00\" \/>\n<meta property=\"og:image\" content=\"https:\/\/alumni.sze.hu\/en\/wp-content\/uploads\/2025\/12\/kapu.jpg\" \/>\n\t<meta property=\"og:image:width\" content=\"2048\" \/>\n\t<meta property=\"og:image:height\" content=\"1365\" \/>\n<meta name=\"twitter:card\" content=\"summary_large_image\" \/>\n<meta name=\"twitter:label1\" content=\"Szerz\u0151:\" \/>\n\t<meta name=\"twitter:data1\" content=\"KUP\u00d3-ZAJZON R\u00e9ka\" \/>\n\t<meta name=\"twitter:label2\" content=\"Becs\u00fclt olvas\u00e1si id\u0151\" \/>\n\t<meta name=\"twitter:data2\" content=\"4 perc\" \/>\n<script type=\"application\/ld+json\" class=\"yoast-schema-graph\">{\"@context\":\"https:\/\/schema.org\",\"@graph\":[{\"@type\":\"WebSite\",\"@id\":\"https:\/\/alumni.sze.hu\/en\/#website\",\"url\":\"https:\/\/alumni.sze.hu\/en\/\",\"name\":\"SZE Alumni \\u2013 Sz\\u00e9chenyi Istv\\u00e1n Egyetem\",\"description\":\"SZE Alumni \\u2013 Sz\\u00e9chenyi Istv\\u00e1n Egyetem\",\"potentialAction\":[{\"@type\":\"SearchAction\",\"target\":{\"@type\":\"EntryPoint\",\"urlTemplate\":\"https:\/\/alumni.sze.hu\/en\/?s={search_term_string}\"},\"query-input\":\"required name=search_term_string\"}],\"inLanguage\":\"hu\"},{\"@type\":\"ImageObject\",\"@id\":\"https:\/\/alumni.sze.hu\/en\/kapu-tibor-research-astronaut-meets-hundreds-of-students-at-sze\/#primaryimage\",\"inLanguage\":\"hu\",\"url\":\"https:\/\/alumni.sze.hu\/en\/wp-content\/uploads\/2025\/12\/kapu.jpg\",\"contentUrl\":\"https:\/\/alumni.sze.hu\/en\/wp-content\/uploads\/2025\/12\/kapu.jpg\",\"width\":2048,\"height\":1365,\"caption\":\"Kapu Tibor and Gyula Cser\\u00e9nyi, research astronauts, at Sz\\u00e9chenyi Istv\\u00e1n University. (Photo: Andr\\u00e1s Adorj\\u00e1n)\"},{\"@type\":\"WebPage\",\"@id\":\"https:\/\/alumni.sze.hu\/en\/kapu-tibor-research-astronaut-meets-hundreds-of-students-at-sze\/#webpage\",\"url\":\"https:\/\/alumni.sze.hu\/en\/kapu-tibor-research-astronaut-meets-hundreds-of-students-at-sze\/\",\"name\":\"Kapu Tibor, Research Astronaut, Meets Hundreds of Students at SZE - SZE Alumni \\u2013 Sz\\u00e9chenyi Istv\\u00e1n Egyetem\",\"isPartOf\":{\"@id\":\"https:\/\/alumni.sze.hu\/en\/#website\"},\"primaryImageOfPage\":{\"@id\":\"https:\/\/alumni.sze.hu\/en\/kapu-tibor-research-astronaut-meets-hundreds-of-students-at-sze\/#primaryimage\"},\"datePublished\":\"2025-12-12T14:26:10+00:00\",\"dateModified\":\"2025-12-12T14:26:10+00:00\",\"author\":{\"@id\":\"https:\/\/alumni.sze.hu\/en\/#\/schema\/person\/e80038ffd588d77e7ccd9bee4a6e445c\"},\"breadcrumb\":{\"@id\":\"https:\/\/alumni.sze.hu\/en\/kapu-tibor-research-astronaut-meets-hundreds-of-students-at-sze\/#breadcrumb\"},\"inLanguage\":\"hu\",\"potentialAction\":[{\"@type\":\"ReadAction\",\"target\":[\"https:\/\/alumni.sze.hu\/en\/kapu-tibor-research-astronaut-meets-hundreds-of-students-at-sze\/\"]}]},{\"@type\":\"BreadcrumbList\",\"@id\":\"https:\/\/alumni.sze.hu\/en\/kapu-tibor-research-astronaut-meets-hundreds-of-students-at-sze\/#breadcrumb\",\"itemListElement\":[{\"@type\":\"ListItem\",\"position\":1,\"name\":\"Homepage\",\"item\":\"https:\/\/alumni.sze.hu\/en\/\"},{\"@type\":\"ListItem\",\"position\":2,\"name\":\"Kapu Tibor, Research Astronaut, Meets Hundreds of Students at SZE\"}]},{\"@type\":\"Person\",\"@id\":\"https:\/\/alumni.sze.hu\/en\/#\/schema\/person\/e80038ffd588d77e7ccd9bee4a6e445c\",\"name\":\"KUP\\u00d3-ZAJZON R\\u00e9ka\",\"image\":{\"@type\":\"ImageObject\",\"@id\":\"https:\/\/alumni.sze.hu\/en\/#personlogo\",\"inLanguage\":\"hu\",\"url\":\"https:\/\/secure.gravatar.com\/avatar\/1084379bc06970c176085757561a2c46a3ed600c0f54ee76511c6ded24d31c0d?s=96&d=mm&r=g\",\"contentUrl\":\"https:\/\/secure.gravatar.com\/avatar\/1084379bc06970c176085757561a2c46a3ed600c0f54ee76511c6ded24d31c0d?s=96&d=mm&r=g\",\"caption\":\"KUP\\u00d3-ZAJZON R\\u00e9ka\"},\"url\":\"https:\/\/alumni.sze.hu\/en\/author\/kupore\/\"}]}<\/script>\n<!-- \/ Yoast SEO plugin. -->","yoast_head_json":{"title":"Kapu Tibor, Research Astronaut, Meets Hundreds of Students at SZE - SZE Alumni \u2013 Sz\u00e9chenyi Istv\u00e1n Egyetem","robots":{"index":"index","follow":"follow","max-snippet":"max-snippet:-1","max-image-preview":"max-image-preview:large","max-video-preview":"max-video-preview:-1"},"canonical":"https:\/\/alumni.sze.hu\/en\/kapu-tibor-research-astronaut-meets-hundreds-of-students-at-sze\/","og_locale":"hu_HU","og_type":"article","og_title":"Kapu Tibor, Research Astronaut, Meets Hundreds of Students at SZE - SZE Alumni \u2013 Sz\u00e9chenyi Istv\u00e1n Egyetem","og_description":"Created: 2025.12.12. 10:32 Kapu Tibor, research astronaut, and his trained research astronaut colleague, Gyula Cser\u00e9nyi, personally visited Sz\u00e9chenyi Istv\u00e1n University, where they shared their mission experiences with more than a ...","og_url":"https:\/\/alumni.sze.hu\/en\/kapu-tibor-research-astronaut-meets-hundreds-of-students-at-sze\/","og_site_name":"SZE Alumni \u2013 Sz\u00e9chenyi Istv\u00e1n Egyetem","article_published_time":"2025-12-12T14:26:10+00:00","og_image":[{"width":2048,"height":1365,"url":"https:\/\/alumni.sze.hu\/en\/wp-content\/uploads\/2025\/12\/kapu.jpg","type":"image\/jpeg"}],"twitter_card":"summary_large_image","twitter_misc":{"Szerz\u0151:":"KUP\u00d3-ZAJZON R\u00e9ka","Becs\u00fclt olvas\u00e1si id\u0151":"4 perc"},"schema":{"@context":"https:\/\/schema.org","@graph":[{"@type":"WebSite","@id":"https:\/\/alumni.sze.hu\/en\/#website","url":"https:\/\/alumni.sze.hu\/en\/","name":"SZE Alumni \u2013 Sz\u00e9chenyi Istv\u00e1n Egyetem","description":"SZE Alumni \u2013 Sz\u00e9chenyi Istv\u00e1n Egyetem","potentialAction":[{"@type":"SearchAction","target":{"@type":"EntryPoint","urlTemplate":"https:\/\/alumni.sze.hu\/en\/?s={search_term_string}"},"query-input":"required name=search_term_string"}],"inLanguage":"hu"},{"@type":"ImageObject","@id":"https:\/\/alumni.sze.hu\/en\/kapu-tibor-research-astronaut-meets-hundreds-of-students-at-sze\/#primaryimage","inLanguage":"hu","url":"https:\/\/alumni.sze.hu\/en\/wp-content\/uploads\/2025\/12\/kapu.jpg","contentUrl":"https:\/\/alumni.sze.hu\/en\/wp-content\/uploads\/2025\/12\/kapu.jpg","width":2048,"height":1365,"caption":"Kapu Tibor and Gyula Cser\u00e9nyi, research astronauts, at Sz\u00e9chenyi Istv\u00e1n University. (Photo: Andr\u00e1s Adorj\u00e1n)"},{"@type":"WebPage","@id":"https:\/\/alumni.sze.hu\/en\/kapu-tibor-research-astronaut-meets-hundreds-of-students-at-sze\/#webpage","url":"https:\/\/alumni.sze.hu\/en\/kapu-tibor-research-astronaut-meets-hundreds-of-students-at-sze\/","name":"Kapu Tibor, Research Astronaut, Meets Hundreds of Students at SZE - SZE Alumni \u2013 Sz\u00e9chenyi Istv\u00e1n Egyetem","isPartOf":{"@id":"https:\/\/alumni.sze.hu\/en\/#website"},"primaryImageOfPage":{"@id":"https:\/\/alumni.sze.hu\/en\/kapu-tibor-research-astronaut-meets-hundreds-of-students-at-sze\/#primaryimage"},"datePublished":"2025-12-12T14:26:10+00:00","dateModified":"2025-12-12T14:26:10+00:00","author":{"@id":"https:\/\/alumni.sze.hu\/en\/#\/schema\/person\/e80038ffd588d77e7ccd9bee4a6e445c"},"breadcrumb":{"@id":"https:\/\/alumni.sze.hu\/en\/kapu-tibor-research-astronaut-meets-hundreds-of-students-at-sze\/#breadcrumb"},"inLanguage":"hu","potentialAction":[{"@type":"ReadAction","target":["https:\/\/alumni.sze.hu\/en\/kapu-tibor-research-astronaut-meets-hundreds-of-students-at-sze\/"]}]},{"@type":"BreadcrumbList","@id":"https:\/\/alumni.sze.hu\/en\/kapu-tibor-research-astronaut-meets-hundreds-of-students-at-sze\/#breadcrumb","itemListElement":[{"@type":"ListItem","position":1,"name":"Homepage","item":"https:\/\/alumni.sze.hu\/en\/"},{"@type":"ListItem","position":2,"name":"Kapu Tibor, Research Astronaut, Meets Hundreds of Students at SZE"}]},{"@type":"Person","@id":"https:\/\/alumni.sze.hu\/en\/#\/schema\/person\/e80038ffd588d77e7ccd9bee4a6e445c","name":"KUP\u00d3-ZAJZON R\u00e9ka","image":{"@type":"ImageObject","@id":"https:\/\/alumni.sze.hu\/en\/#personlogo","inLanguage":"hu","url":"https:\/\/secure.gravatar.com\/avatar\/1084379bc06970c176085757561a2c46a3ed600c0f54ee76511c6ded24d31c0d?s=96&d=mm&r=g","contentUrl":"https:\/\/secure.gravatar.com\/avatar\/1084379bc06970c176085757561a2c46a3ed600c0f54ee76511c6ded24d31c0d?s=96&d=mm&r=g","caption":"KUP\u00d3-ZAJZON R\u00e9ka"},"url":"https:\/\/alumni.sze.hu\/en\/author\/kupore\/"}]}},"_links":{"self":[{"href":"https:\/\/alumni.sze.hu\/en\/wp-json\/wp\/v2\/posts\/9275","targetHints":{"allow":["GET"]}}],"collection":[{"href":"https:\/\/alumni.sze.hu\/en\/wp-json\/wp\/v2\/posts"}],"about":[{"href":"https:\/\/alumni.sze.hu\/en\/wp-json\/wp\/v2\/types\/post"}],"author":[{"embeddable":true,"href":"https:\/\/alumni.sze.hu\/en\/wp-json\/wp\/v2\/users\/22"}],"replies":[{"embeddable":true,"href":"https:\/\/alumni.sze.hu\/en\/wp-json\/wp\/v2\/comments?post=9275"}],"version-history":[{"count":1,"href":"https:\/\/alumni.sze.hu\/en\/wp-json\/wp\/v2\/posts\/9275\/revisions"}],"predecessor-version":[{"id":9277,"href":"https:\/\/alumni.sze.hu\/en\/wp-json\/wp\/v2\/posts\/9275\/revisions\/9277"}],"wp:featuredmedia":[{"embeddable":true,"href":"https:\/\/alumni.sze.hu\/en\/wp-json\/wp\/v2\/media\/9276"}],"wp:attachment":[{"href":"https:\/\/alumni.sze.hu\/en\/wp-json\/wp\/v2\/media?parent=9275"}],"wp:term":[{"taxonomy":"category","embeddable":true,"href":"https:\/\/alumni.sze.hu\/en\/wp-json\/wp\/v2\/categories?post=9275"},{"taxonomy":"post_tag","embeddable":true,"href":"https:\/\/alumni.sze.hu\/en\/wp-json\/wp\/v2\/tags?post=9275"}],"curies":[{"name":"wp","href":"https:\/\/api.w.org\/{rel}","templated":true}]}}