{"id":9245,"date":"2025-12-02T11:38:06","date_gmt":"2025-12-02T11:38:06","guid":{"rendered":"https:\/\/alumni.sze.hu\/en\/?p=9245"},"modified":"2025-12-02T11:38:07","modified_gmt":"2025-12-02T11:38:07","slug":"international-students-for-peaceful-coexistence-szes-cultural-programme-series-continues","status":"publish","type":"post","link":"https:\/\/alumni.sze.hu\/en\/international-students-for-peaceful-coexistence-szes-cultural-programme-series-continues\/","title":{"rendered":"International Students for Peaceful Coexistence: SZE\u2019s Cultural Programme Series Continues"},"content":{"rendered":"\n<p>Created: 2025.12.01. 10:01<\/p>\n\n\n\n<p><strong><em>Sz\u00e9chenyi Istv\u00e1n University has continued the cultural knowledge-sharing programme it launched in 2023, in which international students present their home countries to the residents of a children\u2019s home in Gy\u0151r and to the University community. The current event focused on island nations and the symbolism of water. The initiative drew attention to intercultural connections and the importance of shared values.<\/em><\/strong><\/p>\n\n\n\n<p>The \u201cMe and My Country\u201d programme series of Sz\u00e9chenyi Istv\u00e1n University was launched in 2023 with the aim of enabling the institution\u2019s diverse international student community to present their cultures through personal stories to the young residents of the Gy\u0151r children\u2019s home, as well as to members of the University. In recent years, more than a dozen countries have been in the spotlight, and the initiative remains highly popular among participants. Each cultural afternoon emphasises shared values and openness towards one another, with speakers seeking points of connection that unite people from different nations rather than focusing on differences.<\/p>\n\n\n\n<p>This year, the organisers invited students from island countries to share the cultural and natural treasures of their homelands, with special attention to the role of water. The first event of the academic year was held at the children\u2019s home in Gy\u0151r, where residents learnt about Japan and the Caribbean Island of Saint Lucia. This was followed by a session on the University\u2019s Main Campus, where around sixty participants gathered. The programme opened with a presentation by Dr Emese Bukor, Head of the Hungarian and International Cultures Unit at the University\u2019s Centre for Language and Culture, who introduced Hungary\u2019s medicinal and mineral waters, its thermal resources and bathing culture. The atmosphere of the event was set by a modern rendition of the folk song\u00a0<em>\u201cTavaszi sz\u00e9l vizet \u00e1raszt\u201d<\/em>\u00a0(\u201cSpring Wind Brings the Water\u201d), which, as part of the\u00a0<em>Bridge of Cultures<\/em>\u00a0symphony, symbolised connection and shared values.<\/p>\n\n\n<div class=\"wp-block-image\">\n<figure class=\"aligncenter size-large\"><img loading=\"lazy\" decoding=\"async\" width=\"1024\" height=\"576\" src=\"https:\/\/alumni.sze.hu\/en\/wp-content\/uploads\/2025\/12\/my-country_Kep1-1024x576.webp\" alt=\"\" class=\"wp-image-9246\" srcset=\"https:\/\/alumni.sze.hu\/en\/wp-content\/uploads\/2025\/12\/my-country_Kep1-1024x576.webp 1024w, https:\/\/alumni.sze.hu\/en\/wp-content\/uploads\/2025\/12\/my-country_Kep1-300x169.webp 300w, https:\/\/alumni.sze.hu\/en\/wp-content\/uploads\/2025\/12\/my-country_Kep1-768x432.webp 768w, https:\/\/alumni.sze.hu\/en\/wp-content\/uploads\/2025\/12\/my-country_Kep1-1536x864.webp 1536w, https:\/\/alumni.sze.hu\/en\/wp-content\/uploads\/2025\/12\/my-country_Kep1-18x10.webp 18w, https:\/\/alumni.sze.hu\/en\/wp-content\/uploads\/2025\/12\/my-country_Kep1.webp 1920w\" sizes=\"auto, (max-width: 1024px) 100vw, 1024px\" \/><figcaption class=\"wp-element-caption\"><em>Speakers at Sz\u00e9chenyi Istv\u00e1n University\u2019s event: Sylvia P\u00e1lin\u00e9 Ny\u00edri, chief organiser and staff member of the Centre for Mobility and Scholarships of the International Directorate; Dr Emese Bukor, Head of the Hungarian and International Cultures Unit at the Centre for Language and Culture; Imani Gaspard (Saint Lucia), Nipun Gunarathne (Sri Lanka), Dunputh Yashveer (Mauritius), and Kumagai Tokihira, Shiho Nakatsu, Ryota Ohata (Japan) (Photo: M\u00e1t\u00e9 Dud\u00e1s)<\/em><\/figcaption><\/figure>\n<\/div>\n\n\n<p class=\"has-text-align-left\">Participants had the opportunity to learn about four island countries through the presentations of international students at the University. Sri Lanka was represented by Nipun Gunarathne, a Vehicle Engineering BSc student and Stipendium Hungaricum scholarship holder; Mauritius by Dunputh Yashveer, a Vehicle Engineering MSc student; Saint Lucia by Imani Gaspard, a Sociology BSc student and Stipendium Hungaricum scholarship holder; and Japan by three International Relations BSc students and Stipendium Hungaricum scholarship holders \u2013 Shiho Nakatsu, Tokihira Kumagai and Ryota Ohata. The presenters introduced the traditions, natural beauty, gastronomy and the importance of water in their homelands through personal experiences.<\/p>\n\n\n\n<figure class=\"wp-block-image\"><img decoding=\"async\" src=\"https:\/\/admissions.sze.hu\/images\/News\/2025_12\/my%20country_K%C3%A9p2.webp\" alt=\"Nipun Gunarathne, Stipendium Hungaricum scholarship holder and Vehicle Engineering BSc student, gave a presentation on Sri Lanka (Photo: M\u00e1t\u00e9 Dud\u00e1s)\" title=\"Nipun Gunarathne, Stipendium Hungaricum scholarship holder and Vehicle Engineering BSc student, gave a presentation on Sri Lanka (Photo: M\u00e1t\u00e9 Dud\u00e1s)\"\/><\/figure>\n\n\n\n<p class=\"has-text-align-center\"><em>Nipun Gunarathne, Stipendium Hungaricum scholarship holder and Vehicle Engineering BSc student, gave a presentation on Sri Lanka (Photo: M\u00e1t\u00e9 Dud\u00e1s)<\/em><\/p>\n\n\n\n<p>One of the participants, International Relations student Erzs\u00e9bet Maas, said that as a Hungarian she was delighted to attend the programme and returned home with a wealth of new knowledge<em>. \u201cThe opening presentation created a wonderful atmosphere, and I found the preparation of the international students truly impressive. I especially valued the opportunity to ask personal questions after the presentations, which created a friendly and intimate environment,\u201d<\/em>&nbsp;she said. She added that programmes like this strengthen acceptance and openness, which are essential foundations of a well-functioning student community.<\/p>\n\n\n\n<p>For Imani Gaspard, speaking about the island of Saint Lucia to an international audience was a special experience, and she found the other countries\u2019 presentations equally inspiring. Dunputh Yashveer from Mauritius highlighted that he was delighted to present his homeland \u2013 often known simply as a paradise-like holiday destination \u2013 in greater depth, allowing participants to discover its natural and cultural richness from a new perspective. Both confirmed that the event helped them feel even more at home in Hungary and within the University community.<\/p>\n\n\n\n<figure class=\"wp-block-image\"><img decoding=\"async\" src=\"https:\/\/admissions.sze.hu\/images\/News\/2025_12\/my%20country_K%C3%A9p3.webp\" alt=\"The cultural event attracted many members of Sz\u00e9chenyi Istv\u00e1n University\u2019s Hungarian and international student community (Photo: M\u00e1t\u00e9 Dud\u00e1s)\" title=\"The cultural event attracted many members of Sz\u00e9chenyi Istv\u00e1n University\u2019s Hungarian and international student community (Photo: M\u00e1t\u00e9 Dud\u00e1s)\"\/><\/figure>\n\n\n\n<p class=\"has-text-align-center\"><em>The cultural event attracted many members of Sz\u00e9chenyi Istv\u00e1n University\u2019s Hungarian and international student community (Photo: M\u00e1t\u00e9 Dud\u00e1s)<\/em><\/p>\n","protected":false},"excerpt":{"rendered":"<p>Created: 2025.12.01. 10:01 Sz\u00e9chenyi Istv\u00e1n University has continued the cultural knowledge-sharing programme it launched in 2023, in which international students present their home countries to the residents of a children\u2019s &#8230;<\/p>\n","protected":false},"author":22,"featured_media":9247,"comment_status":"closed","ping_status":"open","sticky":false,"template":"","format":"standard","meta":{"footnotes":""},"categories":[24],"tags":[],"class_list":["post-9245","post","type-post","status-publish","format-standard","has-post-thumbnail","hentry","category-news"],"yoast_head":"<!-- This site is optimized with the Yoast SEO plugin v17.8 - https:\/\/yoast.com\/wordpress\/plugins\/seo\/ -->\n<title>International Students for Peaceful Coexistence: SZE\u2019s Cultural Programme Series Continues - SZE Alumni \u2013 Sz\u00e9chenyi Istv\u00e1n Egyetem<\/title>\n<meta name=\"robots\" content=\"index, follow, max-snippet:-1, max-image-preview:large, max-video-preview:-1\" \/>\n<link rel=\"canonical\" href=\"https:\/\/alumni.sze.hu\/en\/international-students-for-peaceful-coexistence-szes-cultural-programme-series-continues\/\" \/>\n<meta property=\"og:locale\" content=\"hu_HU\" \/>\n<meta property=\"og:type\" content=\"article\" \/>\n<meta property=\"og:title\" content=\"International Students for Peaceful Coexistence: SZE\u2019s Cultural Programme Series Continues - SZE Alumni \u2013 Sz\u00e9chenyi Istv\u00e1n Egyetem\" \/>\n<meta property=\"og:description\" content=\"Created: 2025.12.01. 10:01 Sz\u00e9chenyi Istv\u00e1n University has continued the cultural knowledge-sharing programme it launched in 2023, in which international students present their home countries to the residents of a children\u2019s ...\" \/>\n<meta property=\"og:url\" content=\"https:\/\/alumni.sze.hu\/en\/international-students-for-peaceful-coexistence-szes-cultural-programme-series-continues\/\" \/>\n<meta property=\"og:site_name\" content=\"SZE Alumni \u2013 Sz\u00e9chenyi Istv\u00e1n Egyetem\" \/>\n<meta property=\"article:published_time\" content=\"2025-12-02T11:38:06+00:00\" \/>\n<meta property=\"article:modified_time\" content=\"2025-12-02T11:38:07+00:00\" \/>\n<meta name=\"twitter:card\" content=\"summary_large_image\" \/>\n<meta name=\"twitter:image\" content=\"https:\/\/alumni.sze.hu\/en\/wp-content\/uploads\/2025\/12\/my-country_Kep1-1.webp\" \/>\n<meta name=\"twitter:label1\" content=\"Szerz\u0151:\" \/>\n\t<meta name=\"twitter:data1\" content=\"KUP\u00d3-ZAJZON R\u00e9ka\" \/>\n\t<meta name=\"twitter:label2\" content=\"Becs\u00fclt olvas\u00e1si id\u0151\" \/>\n\t<meta name=\"twitter:data2\" content=\"4 perc\" \/>\n<script type=\"application\/ld+json\" class=\"yoast-schema-graph\">{\"@context\":\"https:\/\/schema.org\",\"@graph\":[{\"@type\":\"WebSite\",\"@id\":\"https:\/\/alumni.sze.hu\/en\/#website\",\"url\":\"https:\/\/alumni.sze.hu\/en\/\",\"name\":\"SZE Alumni \\u2013 Sz\\u00e9chenyi Istv\\u00e1n Egyetem\",\"description\":\"SZE Alumni \\u2013 Sz\\u00e9chenyi Istv\\u00e1n Egyetem\",\"potentialAction\":[{\"@type\":\"SearchAction\",\"target\":{\"@type\":\"EntryPoint\",\"urlTemplate\":\"https:\/\/alumni.sze.hu\/en\/?s={search_term_string}\"},\"query-input\":\"required name=search_term_string\"}],\"inLanguage\":\"hu\"},{\"@type\":\"ImageObject\",\"@id\":\"https:\/\/alumni.sze.hu\/en\/international-students-for-peaceful-coexistence-szes-cultural-programme-series-continues\/#primaryimage\",\"inLanguage\":\"hu\",\"url\":\"https:\/\/alumni.sze.hu\/en\/wp-content\/uploads\/2025\/12\/my-country_Kep1-1.webp\",\"contentUrl\":\"https:\/\/alumni.sze.hu\/en\/wp-content\/uploads\/2025\/12\/my-country_Kep1-1.webp\",\"width\":1920,\"height\":1080,\"caption\":\"Speakers at Sz\\u00e9chenyi Istv\\u00e1n University\\u2019s event: Sylvia P\\u00e1lin\\u00e9 Ny\\u00edri, chief organiser and staff member of the Centre for Mobility and Scholarships of the International Directorate; Dr Emese Bukor, Head of the Hungarian and International Cultures Unit at the Centre for Language and Culture; Imani Gaspard (Saint Lucia), Nipun Gunarathne (Sri Lanka), Dunputh Yashveer (Mauritius), and Kumagai Tokihira, Shiho Nakatsu, Ryota Ohata (Japan) (Photo: M\\u00e1t\\u00e9 Dud\\u00e1s)\"},{\"@type\":\"WebPage\",\"@id\":\"https:\/\/alumni.sze.hu\/en\/international-students-for-peaceful-coexistence-szes-cultural-programme-series-continues\/#webpage\",\"url\":\"https:\/\/alumni.sze.hu\/en\/international-students-for-peaceful-coexistence-szes-cultural-programme-series-continues\/\",\"name\":\"International Students for Peaceful Coexistence: SZE\\u2019s Cultural Programme Series Continues - SZE Alumni \\u2013 Sz\\u00e9chenyi Istv\\u00e1n Egyetem\",\"isPartOf\":{\"@id\":\"https:\/\/alumni.sze.hu\/en\/#website\"},\"primaryImageOfPage\":{\"@id\":\"https:\/\/alumni.sze.hu\/en\/international-students-for-peaceful-coexistence-szes-cultural-programme-series-continues\/#primaryimage\"},\"datePublished\":\"2025-12-02T11:38:06+00:00\",\"dateModified\":\"2025-12-02T11:38:07+00:00\",\"author\":{\"@id\":\"https:\/\/alumni.sze.hu\/en\/#\/schema\/person\/e80038ffd588d77e7ccd9bee4a6e445c\"},\"breadcrumb\":{\"@id\":\"https:\/\/alumni.sze.hu\/en\/international-students-for-peaceful-coexistence-szes-cultural-programme-series-continues\/#breadcrumb\"},\"inLanguage\":\"hu\",\"potentialAction\":[{\"@type\":\"ReadAction\",\"target\":[\"https:\/\/alumni.sze.hu\/en\/international-students-for-peaceful-coexistence-szes-cultural-programme-series-continues\/\"]}]},{\"@type\":\"BreadcrumbList\",\"@id\":\"https:\/\/alumni.sze.hu\/en\/international-students-for-peaceful-coexistence-szes-cultural-programme-series-continues\/#breadcrumb\",\"itemListElement\":[{\"@type\":\"ListItem\",\"position\":1,\"name\":\"Homepage\",\"item\":\"https:\/\/alumni.sze.hu\/en\/\"},{\"@type\":\"ListItem\",\"position\":2,\"name\":\"International Students for Peaceful Coexistence: SZE\\u2019s Cultural Programme Series Continues\"}]},{\"@type\":\"Person\",\"@id\":\"https:\/\/alumni.sze.hu\/en\/#\/schema\/person\/e80038ffd588d77e7ccd9bee4a6e445c\",\"name\":\"KUP\\u00d3-ZAJZON R\\u00e9ka\",\"image\":{\"@type\":\"ImageObject\",\"@id\":\"https:\/\/alumni.sze.hu\/en\/#personlogo\",\"inLanguage\":\"hu\",\"url\":\"https:\/\/secure.gravatar.com\/avatar\/1084379bc06970c176085757561a2c46a3ed600c0f54ee76511c6ded24d31c0d?s=96&d=mm&r=g\",\"contentUrl\":\"https:\/\/secure.gravatar.com\/avatar\/1084379bc06970c176085757561a2c46a3ed600c0f54ee76511c6ded24d31c0d?s=96&d=mm&r=g\",\"caption\":\"KUP\\u00d3-ZAJZON R\\u00e9ka\"},\"url\":\"https:\/\/alumni.sze.hu\/en\/author\/kupore\/\"}]}<\/script>\n<!-- \/ Yoast SEO plugin. -->","yoast_head_json":{"title":"International Students for Peaceful Coexistence: SZE\u2019s Cultural Programme Series Continues - SZE Alumni \u2013 Sz\u00e9chenyi Istv\u00e1n Egyetem","robots":{"index":"index","follow":"follow","max-snippet":"max-snippet:-1","max-image-preview":"max-image-preview:large","max-video-preview":"max-video-preview:-1"},"canonical":"https:\/\/alumni.sze.hu\/en\/international-students-for-peaceful-coexistence-szes-cultural-programme-series-continues\/","og_locale":"hu_HU","og_type":"article","og_title":"International Students for Peaceful Coexistence: SZE\u2019s Cultural Programme Series Continues - SZE Alumni \u2013 Sz\u00e9chenyi Istv\u00e1n Egyetem","og_description":"Created: 2025.12.01. 10:01 Sz\u00e9chenyi Istv\u00e1n University has continued the cultural knowledge-sharing programme it launched in 2023, in which international students present their home countries to the residents of a children\u2019s ...","og_url":"https:\/\/alumni.sze.hu\/en\/international-students-for-peaceful-coexistence-szes-cultural-programme-series-continues\/","og_site_name":"SZE Alumni \u2013 Sz\u00e9chenyi Istv\u00e1n Egyetem","article_published_time":"2025-12-02T11:38:06+00:00","article_modified_time":"2025-12-02T11:38:07+00:00","twitter_card":"summary_large_image","twitter_image":"https:\/\/alumni.sze.hu\/en\/wp-content\/uploads\/2025\/12\/my-country_Kep1-1.webp","twitter_misc":{"Szerz\u0151:":"KUP\u00d3-ZAJZON R\u00e9ka","Becs\u00fclt olvas\u00e1si id\u0151":"4 perc"},"schema":{"@context":"https:\/\/schema.org","@graph":[{"@type":"WebSite","@id":"https:\/\/alumni.sze.hu\/en\/#website","url":"https:\/\/alumni.sze.hu\/en\/","name":"SZE Alumni \u2013 Sz\u00e9chenyi Istv\u00e1n Egyetem","description":"SZE Alumni \u2013 Sz\u00e9chenyi Istv\u00e1n Egyetem","potentialAction":[{"@type":"SearchAction","target":{"@type":"EntryPoint","urlTemplate":"https:\/\/alumni.sze.hu\/en\/?s={search_term_string}"},"query-input":"required name=search_term_string"}],"inLanguage":"hu"},{"@type":"ImageObject","@id":"https:\/\/alumni.sze.hu\/en\/international-students-for-peaceful-coexistence-szes-cultural-programme-series-continues\/#primaryimage","inLanguage":"hu","url":"https:\/\/alumni.sze.hu\/en\/wp-content\/uploads\/2025\/12\/my-country_Kep1-1.webp","contentUrl":"https:\/\/alumni.sze.hu\/en\/wp-content\/uploads\/2025\/12\/my-country_Kep1-1.webp","width":1920,"height":1080,"caption":"Speakers at Sz\u00e9chenyi Istv\u00e1n University\u2019s event: Sylvia P\u00e1lin\u00e9 Ny\u00edri, chief organiser and staff member of the Centre for Mobility and Scholarships of the International Directorate; Dr Emese Bukor, Head of the Hungarian and International Cultures Unit at the Centre for Language and Culture; Imani Gaspard (Saint Lucia), Nipun Gunarathne (Sri Lanka), Dunputh Yashveer (Mauritius), and Kumagai Tokihira, Shiho Nakatsu, Ryota Ohata (Japan) (Photo: M\u00e1t\u00e9 Dud\u00e1s)"},{"@type":"WebPage","@id":"https:\/\/alumni.sze.hu\/en\/international-students-for-peaceful-coexistence-szes-cultural-programme-series-continues\/#webpage","url":"https:\/\/alumni.sze.hu\/en\/international-students-for-peaceful-coexistence-szes-cultural-programme-series-continues\/","name":"International Students for Peaceful Coexistence: SZE\u2019s Cultural Programme Series Continues - SZE Alumni \u2013 Sz\u00e9chenyi Istv\u00e1n Egyetem","isPartOf":{"@id":"https:\/\/alumni.sze.hu\/en\/#website"},"primaryImageOfPage":{"@id":"https:\/\/alumni.sze.hu\/en\/international-students-for-peaceful-coexistence-szes-cultural-programme-series-continues\/#primaryimage"},"datePublished":"2025-12-02T11:38:06+00:00","dateModified":"2025-12-02T11:38:07+00:00","author":{"@id":"https:\/\/alumni.sze.hu\/en\/#\/schema\/person\/e80038ffd588d77e7ccd9bee4a6e445c"},"breadcrumb":{"@id":"https:\/\/alumni.sze.hu\/en\/international-students-for-peaceful-coexistence-szes-cultural-programme-series-continues\/#breadcrumb"},"inLanguage":"hu","potentialAction":[{"@type":"ReadAction","target":["https:\/\/alumni.sze.hu\/en\/international-students-for-peaceful-coexistence-szes-cultural-programme-series-continues\/"]}]},{"@type":"BreadcrumbList","@id":"https:\/\/alumni.sze.hu\/en\/international-students-for-peaceful-coexistence-szes-cultural-programme-series-continues\/#breadcrumb","itemListElement":[{"@type":"ListItem","position":1,"name":"Homepage","item":"https:\/\/alumni.sze.hu\/en\/"},{"@type":"ListItem","position":2,"name":"International Students for Peaceful Coexistence: SZE\u2019s Cultural Programme Series Continues"}]},{"@type":"Person","@id":"https:\/\/alumni.sze.hu\/en\/#\/schema\/person\/e80038ffd588d77e7ccd9bee4a6e445c","name":"KUP\u00d3-ZAJZON R\u00e9ka","image":{"@type":"ImageObject","@id":"https:\/\/alumni.sze.hu\/en\/#personlogo","inLanguage":"hu","url":"https:\/\/secure.gravatar.com\/avatar\/1084379bc06970c176085757561a2c46a3ed600c0f54ee76511c6ded24d31c0d?s=96&d=mm&r=g","contentUrl":"https:\/\/secure.gravatar.com\/avatar\/1084379bc06970c176085757561a2c46a3ed600c0f54ee76511c6ded24d31c0d?s=96&d=mm&r=g","caption":"KUP\u00d3-ZAJZON R\u00e9ka"},"url":"https:\/\/alumni.sze.hu\/en\/author\/kupore\/"}]}},"_links":{"self":[{"href":"https:\/\/alumni.sze.hu\/en\/wp-json\/wp\/v2\/posts\/9245","targetHints":{"allow":["GET"]}}],"collection":[{"href":"https:\/\/alumni.sze.hu\/en\/wp-json\/wp\/v2\/posts"}],"about":[{"href":"https:\/\/alumni.sze.hu\/en\/wp-json\/wp\/v2\/types\/post"}],"author":[{"embeddable":true,"href":"https:\/\/alumni.sze.hu\/en\/wp-json\/wp\/v2\/users\/22"}],"replies":[{"embeddable":true,"href":"https:\/\/alumni.sze.hu\/en\/wp-json\/wp\/v2\/comments?post=9245"}],"version-history":[{"count":1,"href":"https:\/\/alumni.sze.hu\/en\/wp-json\/wp\/v2\/posts\/9245\/revisions"}],"predecessor-version":[{"id":9248,"href":"https:\/\/alumni.sze.hu\/en\/wp-json\/wp\/v2\/posts\/9245\/revisions\/9248"}],"wp:featuredmedia":[{"embeddable":true,"href":"https:\/\/alumni.sze.hu\/en\/wp-json\/wp\/v2\/media\/9247"}],"wp:attachment":[{"href":"https:\/\/alumni.sze.hu\/en\/wp-json\/wp\/v2\/media?parent=9245"}],"wp:term":[{"taxonomy":"category","embeddable":true,"href":"https:\/\/alumni.sze.hu\/en\/wp-json\/wp\/v2\/categories?post=9245"},{"taxonomy":"post_tag","embeddable":true,"href":"https:\/\/alumni.sze.hu\/en\/wp-json\/wp\/v2\/tags?post=9245"}],"curies":[{"name":"wp","href":"https:\/\/api.w.org\/{rel}","templated":true}]}}