{"id":9233,"date":"2025-12-02T11:18:34","date_gmt":"2025-12-02T11:18:34","guid":{"rendered":"https:\/\/alumni.sze.hu\/en\/?p=9233"},"modified":"2025-12-02T11:18:35","modified_gmt":"2025-12-02T11:18:35","slug":"historic-moment-in-parliament-1st-hungarian-german-youth-parliament-established","status":"publish","type":"post","link":"https:\/\/alumni.sze.hu\/en\/historic-moment-in-parliament-1st-hungarian-german-youth-parliament-established\/","title":{"rendered":"Historic Moment in Parliament: 1st Hungarian\u2013German Youth Parliament Established"},"content":{"rendered":"\n<p>Created: 2025.11.28. 09:18<\/p>\n\n\n\n<p><strong>Alongside the Hungarian\u2013German Youth Association as the main organiser, Sz\u00e9chenyi Istv\u00e1n University also played an important role in bringing together the first Hungarian\u2013German Youth Parliament. The event, held in the Hungarian Parliament Building, contributed to young people enriching the centuries-old relationship between the two nations.<\/strong><\/p>\n\n\n\n<p>A historic event took place in the Upper House Chamber of the Parliament on 21 November: for the first time, the Hungarian\u2013German Youth Parliament convened, creating a new forum for young people from both countries. The event was organised by the Hungarian\u2013German Youth Association, whose president, Dr Erzs\u00e9bet Kn\u00e1b \u2013 founder and board member of the Sz\u00e9chenyi Istv\u00e1n University Foundation, which maintains the University \u2013 highlighted in her opening speech:\u00a0<em>\u201cThe challenges of the modern age do not allow nations to seek their future in isolation, for themselves and by themselves. Peace, mutual understanding and cooperation are not self-evident inheritances, but values that every generation must reinforce again and again. You, the first delegates of the Hungarian\u2013German Youth Parliament, are undertaking this task: you build relationships, you build bridges, you shape the future. You do so knowing that not every road is smooth, and at times history tests the friendship of our nations \u2014 yet the shared direction and the shared goal must never be lost from sight.\u201d<\/em>\u00a0She noted that Hungarian\u2013German relations are built on centuries-old traditions, and it is the task of young people to bring new content to this dialogue. She emphasised that the youth parliament marks the beginning of a mission centred on the future, Europe, and the shared responsibility of the two nations.<\/p>\n\n\n\n<figure class=\"wp-block-image size-full\"><img loading=\"lazy\" decoding=\"async\" width=\"925\" height=\"616\" src=\"https:\/\/alumni.sze.hu\/en\/wp-content\/uploads\/2025\/12\/haho.jpg\" alt=\"\" class=\"wp-image-9236\" srcset=\"https:\/\/alumni.sze.hu\/en\/wp-content\/uploads\/2025\/12\/haho.jpg 925w, https:\/\/alumni.sze.hu\/en\/wp-content\/uploads\/2025\/12\/haho-300x200.jpg 300w, https:\/\/alumni.sze.hu\/en\/wp-content\/uploads\/2025\/12\/haho-768x511.jpg 768w, https:\/\/alumni.sze.hu\/en\/wp-content\/uploads\/2025\/12\/haho-18x12.jpg 18w\" sizes=\"auto, (max-width: 925px) 100vw, 925px\" \/><\/figure>\n\n\n\n<p class=\"has-text-align-center\"><em>In her opening speech, Dr Erzs\u00e9bet Kn\u00e1b, President of the Hungarian\u2013German Youth Association, underlined that peace, mutual understanding and cooperation are values that every generation must reinforce time and again<\/em>&nbsp;<em>(Photo: D\u00e1vid Rokob)<\/em><\/p>\n\n\n\n<p>The prestige of the event was reflected in the presence of numerous Hungarian and German political and diplomatic leaders. Dr L\u00e1szl\u00f3 K\u00f6v\u00e9r, Speaker of the House, addressed the participants in person as chief patron, while from the German side Karin Prien, Federal Minister for Education, Family Affairs, Senior Citizens, Women and Youth, greeted the participants via video message. In addition, Julia Gross, Germany\u2019s Ambassador to Hungary, Dr P\u00e9ter Gy\u00f6rk\u00f6s, Hungary\u2019s Ambassador to Germany, and several Hungarian and German MPs \u2013 including Imre Ritter, Istv\u00e1n Hiller and Knut Abraham \u2013 also spoke. The latter two are members of the board of the Hungarian\u2013German Youth Association.<\/p>\n\n\n\n<figure class=\"wp-block-image\"><img decoding=\"async\" src=\"https:\/\/admissions.sze.hu\/images\/News\/2025_11\/parliament.jpg\" alt=\"parliament.jpg\" title=\"parliament.jpg\"\/><\/figure>\n\n\n\n<p><em>Group photo of the participants of the plenary session of the Hungarian\u2013German Youth Parliament<\/em>&nbsp;<em>(Photo: Gy\u00f6rgy B\u00e1lint)<\/em><\/p>\n\n\n\n<p>Before the plenary session, five committees worked on drafting the resolutions, with 50 Hungarian and German young people collaborating on the proposals, which were later reviewed and supplemented by more than 80 additional delegates. The professional material thus created formed the basis of the plenary agenda.<\/p>\n\n\n\n<p>Sz\u00e9chenyi Istv\u00e1n University served as the most important professional pillar in the legal preparation of the parliament. In her speech, Dr Erzs\u00e9bet Kn\u00e1b expressed special thanks to the University for its high-level intellectual and organisational support. The concept and documents of the youth parliament were developed with the significant involvement of academic staff from the University\u2019s De\u00e1k Ferenc Faculty of Law and Political Sciences, including Dean, Dr P\u00e9ter Smuk, Vice-Dean Dr Csaba Erd\u0151s and Head of Department Dr Attila Barna, as well as students of the University, among them Borb\u00e1la Ill\u00e9s as Chair of the Committee on Procedural Rules and Hungarian Co-Chair of the session, and M\u00e1t\u00e9 K\u00f3nya as Chair of the Committee for Education, Mobility and Future Perspectives.<\/p>\n\n\n\n<p>The resolutions adopted at the session addressed several areas that may shape the future of Hungarian\u2013German cooperation in the long term: education, mobility, innovation, democracy development and foreign affairs cooperation. The closing document included several forward-looking initiatives, such as the creation of a bilingual digital remembrance platform, joint action against anti-Semitism, the development of an innovation and start-up cooperation system, and the establishment of exchange links within the German\u2013Hungarian dual education programme.<\/p>\n\n\n\n<p>The Hungarian\u2013German Youth Association founded the Hungarian\u2013German Youth Council, whose ten members were presented at the ceremonial closing of the plenary session. The Youth Council will be responsible for presenting the adopted resolutions to decision-makers in Hungary and Germany over the coming year and for preparing the parliamentary session to be held in Berlin in 2027.<\/p>\n\n\n\n<figure class=\"wp-block-image size-full\"><img loading=\"lazy\" decoding=\"async\" width=\"925\" height=\"616\" src=\"https:\/\/alumni.sze.hu\/en\/wp-content\/uploads\/2025\/12\/hahoka.jpg\" alt=\"\" class=\"wp-image-9235\" srcset=\"https:\/\/alumni.sze.hu\/en\/wp-content\/uploads\/2025\/12\/hahoka.jpg 925w, https:\/\/alumni.sze.hu\/en\/wp-content\/uploads\/2025\/12\/hahoka-300x200.jpg 300w, https:\/\/alumni.sze.hu\/en\/wp-content\/uploads\/2025\/12\/hahoka-768x511.jpg 768w, https:\/\/alumni.sze.hu\/en\/wp-content\/uploads\/2025\/12\/hahoka-18x12.jpg 18w\" sizes=\"auto, (max-width: 925px) 100vw, 925px\" \/><\/figure>\n\n\n\n<p class=\"has-text-align-center\"><em>The impressive Upper House Chamber of the Parliament provided the venue for the session of the Hungarian\u2013German Youth Parliament. In the front row (left to right): Imre Ritter, Dr L\u00e1szl\u00f3 K\u00f6v\u00e9r and Dr Erzs\u00e9bet Kn\u00e1b<\/em>&nbsp;<em>(Photo: D\u00e1vid Rokob)<\/em><\/p>\n","protected":false},"excerpt":{"rendered":"<p>Created: 2025.11.28. 09:18 Alongside the Hungarian\u2013German Youth Association as the main organiser, Sz\u00e9chenyi Istv\u00e1n University also played an important role in bringing together the first Hungarian\u2013German Youth Parliament. The event, &#8230;<\/p>\n","protected":false},"author":22,"featured_media":9234,"comment_status":"closed","ping_status":"open","sticky":false,"template":"","format":"standard","meta":{"footnotes":""},"categories":[24],"tags":[],"class_list":["post-9233","post","type-post","status-publish","format-standard","has-post-thumbnail","hentry","category-news"],"yoast_head":"<!-- This site is optimized with the Yoast SEO plugin v17.8 - https:\/\/yoast.com\/wordpress\/plugins\/seo\/ -->\n<title>Historic Moment in Parliament: 1st Hungarian\u2013German Youth Parliament Established - SZE Alumni \u2013 Sz\u00e9chenyi Istv\u00e1n Egyetem<\/title>\n<meta name=\"robots\" content=\"index, follow, max-snippet:-1, max-image-preview:large, max-video-preview:-1\" \/>\n<link rel=\"canonical\" href=\"https:\/\/alumni.sze.hu\/en\/historic-moment-in-parliament-1st-hungarian-german-youth-parliament-established\/\" \/>\n<meta property=\"og:locale\" content=\"hu_HU\" \/>\n<meta property=\"og:type\" content=\"article\" \/>\n<meta property=\"og:title\" content=\"Historic Moment in Parliament: 1st Hungarian\u2013German Youth Parliament Established - SZE Alumni \u2013 Sz\u00e9chenyi Istv\u00e1n Egyetem\" \/>\n<meta property=\"og:description\" content=\"Created: 2025.11.28. 09:18 Alongside the Hungarian\u2013German Youth Association as the main organiser, Sz\u00e9chenyi Istv\u00e1n University also played an important role in bringing together the first Hungarian\u2013German Youth Parliament. The event, ...\" \/>\n<meta property=\"og:url\" content=\"https:\/\/alumni.sze.hu\/en\/historic-moment-in-parliament-1st-hungarian-german-youth-parliament-established\/\" \/>\n<meta property=\"og:site_name\" content=\"SZE Alumni \u2013 Sz\u00e9chenyi Istv\u00e1n Egyetem\" \/>\n<meta property=\"article:published_time\" content=\"2025-12-02T11:18:34+00:00\" \/>\n<meta property=\"article:modified_time\" content=\"2025-12-02T11:18:35+00:00\" \/>\n<meta property=\"og:image\" content=\"https:\/\/alumni.sze.hu\/en\/wp-content\/uploads\/2025\/12\/parliament-scaled.jpg\" \/>\n\t<meta property=\"og:image:width\" content=\"2560\" \/>\n\t<meta property=\"og:image:height\" content=\"1707\" \/>\n<meta name=\"twitter:card\" content=\"summary_large_image\" \/>\n<meta name=\"twitter:label1\" content=\"Szerz\u0151:\" \/>\n\t<meta name=\"twitter:data1\" content=\"KUP\u00d3-ZAJZON R\u00e9ka\" \/>\n\t<meta name=\"twitter:label2\" content=\"Becs\u00fclt olvas\u00e1si id\u0151\" \/>\n\t<meta name=\"twitter:data2\" content=\"4 perc\" \/>\n<script type=\"application\/ld+json\" class=\"yoast-schema-graph\">{\"@context\":\"https:\/\/schema.org\",\"@graph\":[{\"@type\":\"WebSite\",\"@id\":\"https:\/\/alumni.sze.hu\/en\/#website\",\"url\":\"https:\/\/alumni.sze.hu\/en\/\",\"name\":\"SZE Alumni \\u2013 Sz\\u00e9chenyi Istv\\u00e1n Egyetem\",\"description\":\"SZE Alumni \\u2013 Sz\\u00e9chenyi Istv\\u00e1n Egyetem\",\"potentialAction\":[{\"@type\":\"SearchAction\",\"target\":{\"@type\":\"EntryPoint\",\"urlTemplate\":\"https:\/\/alumni.sze.hu\/en\/?s={search_term_string}\"},\"query-input\":\"required name=search_term_string\"}],\"inLanguage\":\"hu\"},{\"@type\":\"ImageObject\",\"@id\":\"https:\/\/alumni.sze.hu\/en\/historic-moment-in-parliament-1st-hungarian-german-youth-parliament-established\/#primaryimage\",\"inLanguage\":\"hu\",\"url\":\"https:\/\/alumni.sze.hu\/en\/wp-content\/uploads\/2025\/12\/parliament-scaled.jpg\",\"contentUrl\":\"https:\/\/alumni.sze.hu\/en\/wp-content\/uploads\/2025\/12\/parliament-scaled.jpg\",\"width\":2560,\"height\":1707,\"caption\":\"Magyar-N\\u00e9met Ifj\\u00fas\\u00e1gi Parlament, Orsz\\u00e1gh\\u00e1z 2025.11.21.\"},{\"@type\":\"WebPage\",\"@id\":\"https:\/\/alumni.sze.hu\/en\/historic-moment-in-parliament-1st-hungarian-german-youth-parliament-established\/#webpage\",\"url\":\"https:\/\/alumni.sze.hu\/en\/historic-moment-in-parliament-1st-hungarian-german-youth-parliament-established\/\",\"name\":\"Historic Moment in Parliament: 1st Hungarian\\u2013German Youth Parliament Established - SZE Alumni \\u2013 Sz\\u00e9chenyi Istv\\u00e1n Egyetem\",\"isPartOf\":{\"@id\":\"https:\/\/alumni.sze.hu\/en\/#website\"},\"primaryImageOfPage\":{\"@id\":\"https:\/\/alumni.sze.hu\/en\/historic-moment-in-parliament-1st-hungarian-german-youth-parliament-established\/#primaryimage\"},\"datePublished\":\"2025-12-02T11:18:34+00:00\",\"dateModified\":\"2025-12-02T11:18:35+00:00\",\"author\":{\"@id\":\"https:\/\/alumni.sze.hu\/en\/#\/schema\/person\/e80038ffd588d77e7ccd9bee4a6e445c\"},\"breadcrumb\":{\"@id\":\"https:\/\/alumni.sze.hu\/en\/historic-moment-in-parliament-1st-hungarian-german-youth-parliament-established\/#breadcrumb\"},\"inLanguage\":\"hu\",\"potentialAction\":[{\"@type\":\"ReadAction\",\"target\":[\"https:\/\/alumni.sze.hu\/en\/historic-moment-in-parliament-1st-hungarian-german-youth-parliament-established\/\"]}]},{\"@type\":\"BreadcrumbList\",\"@id\":\"https:\/\/alumni.sze.hu\/en\/historic-moment-in-parliament-1st-hungarian-german-youth-parliament-established\/#breadcrumb\",\"itemListElement\":[{\"@type\":\"ListItem\",\"position\":1,\"name\":\"Homepage\",\"item\":\"https:\/\/alumni.sze.hu\/en\/\"},{\"@type\":\"ListItem\",\"position\":2,\"name\":\"Historic Moment in Parliament: 1st Hungarian\\u2013German Youth Parliament Established\"}]},{\"@type\":\"Person\",\"@id\":\"https:\/\/alumni.sze.hu\/en\/#\/schema\/person\/e80038ffd588d77e7ccd9bee4a6e445c\",\"name\":\"KUP\\u00d3-ZAJZON R\\u00e9ka\",\"image\":{\"@type\":\"ImageObject\",\"@id\":\"https:\/\/alumni.sze.hu\/en\/#personlogo\",\"inLanguage\":\"hu\",\"url\":\"https:\/\/secure.gravatar.com\/avatar\/1084379bc06970c176085757561a2c46a3ed600c0f54ee76511c6ded24d31c0d?s=96&d=mm&r=g\",\"contentUrl\":\"https:\/\/secure.gravatar.com\/avatar\/1084379bc06970c176085757561a2c46a3ed600c0f54ee76511c6ded24d31c0d?s=96&d=mm&r=g\",\"caption\":\"KUP\\u00d3-ZAJZON R\\u00e9ka\"},\"url\":\"https:\/\/alumni.sze.hu\/en\/author\/kupore\/\"}]}<\/script>\n<!-- \/ Yoast SEO plugin. -->","yoast_head_json":{"title":"Historic Moment in Parliament: 1st Hungarian\u2013German Youth Parliament Established - SZE Alumni \u2013 Sz\u00e9chenyi Istv\u00e1n Egyetem","robots":{"index":"index","follow":"follow","max-snippet":"max-snippet:-1","max-image-preview":"max-image-preview:large","max-video-preview":"max-video-preview:-1"},"canonical":"https:\/\/alumni.sze.hu\/en\/historic-moment-in-parliament-1st-hungarian-german-youth-parliament-established\/","og_locale":"hu_HU","og_type":"article","og_title":"Historic Moment in Parliament: 1st Hungarian\u2013German Youth Parliament Established - SZE Alumni \u2013 Sz\u00e9chenyi Istv\u00e1n Egyetem","og_description":"Created: 2025.11.28. 09:18 Alongside the Hungarian\u2013German Youth Association as the main organiser, Sz\u00e9chenyi Istv\u00e1n University also played an important role in bringing together the first Hungarian\u2013German Youth Parliament. The event, ...","og_url":"https:\/\/alumni.sze.hu\/en\/historic-moment-in-parliament-1st-hungarian-german-youth-parliament-established\/","og_site_name":"SZE Alumni \u2013 Sz\u00e9chenyi Istv\u00e1n Egyetem","article_published_time":"2025-12-02T11:18:34+00:00","article_modified_time":"2025-12-02T11:18:35+00:00","og_image":[{"width":2560,"height":1707,"url":"https:\/\/alumni.sze.hu\/en\/wp-content\/uploads\/2025\/12\/parliament-scaled.jpg","type":"image\/jpeg"}],"twitter_card":"summary_large_image","twitter_misc":{"Szerz\u0151:":"KUP\u00d3-ZAJZON R\u00e9ka","Becs\u00fclt olvas\u00e1si id\u0151":"4 perc"},"schema":{"@context":"https:\/\/schema.org","@graph":[{"@type":"WebSite","@id":"https:\/\/alumni.sze.hu\/en\/#website","url":"https:\/\/alumni.sze.hu\/en\/","name":"SZE Alumni \u2013 Sz\u00e9chenyi Istv\u00e1n Egyetem","description":"SZE Alumni \u2013 Sz\u00e9chenyi Istv\u00e1n Egyetem","potentialAction":[{"@type":"SearchAction","target":{"@type":"EntryPoint","urlTemplate":"https:\/\/alumni.sze.hu\/en\/?s={search_term_string}"},"query-input":"required name=search_term_string"}],"inLanguage":"hu"},{"@type":"ImageObject","@id":"https:\/\/alumni.sze.hu\/en\/historic-moment-in-parliament-1st-hungarian-german-youth-parliament-established\/#primaryimage","inLanguage":"hu","url":"https:\/\/alumni.sze.hu\/en\/wp-content\/uploads\/2025\/12\/parliament-scaled.jpg","contentUrl":"https:\/\/alumni.sze.hu\/en\/wp-content\/uploads\/2025\/12\/parliament-scaled.jpg","width":2560,"height":1707,"caption":"Magyar-N\u00e9met Ifj\u00fas\u00e1gi Parlament, Orsz\u00e1gh\u00e1z 2025.11.21."},{"@type":"WebPage","@id":"https:\/\/alumni.sze.hu\/en\/historic-moment-in-parliament-1st-hungarian-german-youth-parliament-established\/#webpage","url":"https:\/\/alumni.sze.hu\/en\/historic-moment-in-parliament-1st-hungarian-german-youth-parliament-established\/","name":"Historic Moment in Parliament: 1st Hungarian\u2013German Youth Parliament Established - SZE Alumni \u2013 Sz\u00e9chenyi Istv\u00e1n Egyetem","isPartOf":{"@id":"https:\/\/alumni.sze.hu\/en\/#website"},"primaryImageOfPage":{"@id":"https:\/\/alumni.sze.hu\/en\/historic-moment-in-parliament-1st-hungarian-german-youth-parliament-established\/#primaryimage"},"datePublished":"2025-12-02T11:18:34+00:00","dateModified":"2025-12-02T11:18:35+00:00","author":{"@id":"https:\/\/alumni.sze.hu\/en\/#\/schema\/person\/e80038ffd588d77e7ccd9bee4a6e445c"},"breadcrumb":{"@id":"https:\/\/alumni.sze.hu\/en\/historic-moment-in-parliament-1st-hungarian-german-youth-parliament-established\/#breadcrumb"},"inLanguage":"hu","potentialAction":[{"@type":"ReadAction","target":["https:\/\/alumni.sze.hu\/en\/historic-moment-in-parliament-1st-hungarian-german-youth-parliament-established\/"]}]},{"@type":"BreadcrumbList","@id":"https:\/\/alumni.sze.hu\/en\/historic-moment-in-parliament-1st-hungarian-german-youth-parliament-established\/#breadcrumb","itemListElement":[{"@type":"ListItem","position":1,"name":"Homepage","item":"https:\/\/alumni.sze.hu\/en\/"},{"@type":"ListItem","position":2,"name":"Historic Moment in Parliament: 1st Hungarian\u2013German Youth Parliament Established"}]},{"@type":"Person","@id":"https:\/\/alumni.sze.hu\/en\/#\/schema\/person\/e80038ffd588d77e7ccd9bee4a6e445c","name":"KUP\u00d3-ZAJZON R\u00e9ka","image":{"@type":"ImageObject","@id":"https:\/\/alumni.sze.hu\/en\/#personlogo","inLanguage":"hu","url":"https:\/\/secure.gravatar.com\/avatar\/1084379bc06970c176085757561a2c46a3ed600c0f54ee76511c6ded24d31c0d?s=96&d=mm&r=g","contentUrl":"https:\/\/secure.gravatar.com\/avatar\/1084379bc06970c176085757561a2c46a3ed600c0f54ee76511c6ded24d31c0d?s=96&d=mm&r=g","caption":"KUP\u00d3-ZAJZON R\u00e9ka"},"url":"https:\/\/alumni.sze.hu\/en\/author\/kupore\/"}]}},"_links":{"self":[{"href":"https:\/\/alumni.sze.hu\/en\/wp-json\/wp\/v2\/posts\/9233","targetHints":{"allow":["GET"]}}],"collection":[{"href":"https:\/\/alumni.sze.hu\/en\/wp-json\/wp\/v2\/posts"}],"about":[{"href":"https:\/\/alumni.sze.hu\/en\/wp-json\/wp\/v2\/types\/post"}],"author":[{"embeddable":true,"href":"https:\/\/alumni.sze.hu\/en\/wp-json\/wp\/v2\/users\/22"}],"replies":[{"embeddable":true,"href":"https:\/\/alumni.sze.hu\/en\/wp-json\/wp\/v2\/comments?post=9233"}],"version-history":[{"count":1,"href":"https:\/\/alumni.sze.hu\/en\/wp-json\/wp\/v2\/posts\/9233\/revisions"}],"predecessor-version":[{"id":9237,"href":"https:\/\/alumni.sze.hu\/en\/wp-json\/wp\/v2\/posts\/9233\/revisions\/9237"}],"wp:featuredmedia":[{"embeddable":true,"href":"https:\/\/alumni.sze.hu\/en\/wp-json\/wp\/v2\/media\/9234"}],"wp:attachment":[{"href":"https:\/\/alumni.sze.hu\/en\/wp-json\/wp\/v2\/media?parent=9233"}],"wp:term":[{"taxonomy":"category","embeddable":true,"href":"https:\/\/alumni.sze.hu\/en\/wp-json\/wp\/v2\/categories?post=9233"},{"taxonomy":"post_tag","embeddable":true,"href":"https:\/\/alumni.sze.hu\/en\/wp-json\/wp\/v2\/tags?post=9233"}],"curies":[{"name":"wp","href":"https:\/\/api.w.org\/{rel}","templated":true}]}}