{"id":9218,"date":"2025-12-01T09:10:58","date_gmt":"2025-12-01T09:10:58","guid":{"rendered":"https:\/\/alumni.sze.hu\/en\/?p=9218"},"modified":"2025-12-01T09:10:58","modified_gmt":"2025-12-01T09:10:58","slug":"two-sze-lecturers-elected-to-committees-of-prestigious-international-law-scholarly-society","status":"publish","type":"post","link":"https:\/\/alumni.sze.hu\/en\/two-sze-lecturers-elected-to-committees-of-prestigious-international-law-scholarly-society\/","title":{"rendered":"Two SZE Lecturers Elected to Committees of Prestigious International Law Scholarly Society"},"content":{"rendered":"\n<p>Created: 2025.11.26. 14:52<\/p>\n\n\n\n<p><strong>Dr G\u00e1bor Kecsk\u00e9s, Associate Professor, and Dr G\u00e1bor Sulyok, lecturers of the De\u00e1k Ferenc Faculty of Law and Political Sciences at Sz\u00e9chenyi Istv\u00e1n University, have recently been elected as members of the scientific committees on space law and artificial intelligence of the International Law Association, a London-based scholarly society with a long tradition.<\/strong><\/p>\n\n\n\n<p>The International Law Association (ILA) was founded in Brussels in 1873 to promote the study, development and respect of international law. Over the decades it has grown into a global organisation with more than sixty national branches and around five thousand members. Two lecturers of the Department of International Law and European Law at Sz\u00e9chenyi Istv\u00e1n University were recently invited to join newly established specialist committees, following a nomination by the Hungarian branch, one of the oldest branches of the association, founded in 1923. Dr G\u00e1bor Kecsk\u00e9s has become a member of the&nbsp;<a href=\"https:\/\/www.ila-hq.org\/en\/committees\/artificial-intelligence-technology-law\">committee dealing with artificial intelligence and technology law<\/a>, while Dr G\u00e1bor Sulyok has joined the&nbsp;<a href=\"https:\/\/www.ila-hq.org\/en\/committees\/legal-aspects-space-debris-remediation\">committee focusing on the legal aspects of reducing space debris<\/a>. Both fields are strategic priorities for the Gy\u0151r-based institution, which actively promotes interdisciplinary research in these areas.<\/p>\n\n\n\n<p>According to Dr G\u00e1bor Kecsk\u00e9s, the committee on artificial intelligence offers an opportunity to discuss the legal implications of AI-related issues that affect states and the broader international community, as well as to develop various recommendations. As a researcher and lecturer, this provides him with a unique opportunity to contribute to shaping the regulation of rapidly advancing technology.\u00a0<em>\u201cOur University is at the forefront of innovation, and I am particularly interested in technological developments and the regulation of artificial intelligence in general. Based on my professional experience of recent years, I am firmly convinced that the regulatory tasks ahead of us can be carried out in a more realistic and effective way through mutual understanding and cooperation between scientific disciplines,\u201d<\/em>\u00a0he noted.<\/p>\n\n\n<div class=\"wp-block-image\">\n<figure class=\"aligncenter size-large\"><img loading=\"lazy\" decoding=\"async\" width=\"1024\" height=\"683\" src=\"https:\/\/alumni.sze.hu\/en\/wp-content\/uploads\/2025\/12\/nemzetkozi-jogi-biz_Kep1-1024x683.webp\" alt=\"\" class=\"wp-image-9220\" srcset=\"https:\/\/alumni.sze.hu\/en\/wp-content\/uploads\/2025\/12\/nemzetkozi-jogi-biz_Kep1-1024x683.webp 1024w, https:\/\/alumni.sze.hu\/en\/wp-content\/uploads\/2025\/12\/nemzetkozi-jogi-biz_Kep1-300x200.webp 300w, https:\/\/alumni.sze.hu\/en\/wp-content\/uploads\/2025\/12\/nemzetkozi-jogi-biz_Kep1-768x512.webp 768w, https:\/\/alumni.sze.hu\/en\/wp-content\/uploads\/2025\/12\/nemzetkozi-jogi-biz_Kep1-1536x1024.webp 1536w, https:\/\/alumni.sze.hu\/en\/wp-content\/uploads\/2025\/12\/nemzetkozi-jogi-biz_Kep1-18x12.webp 18w, https:\/\/alumni.sze.hu\/en\/wp-content\/uploads\/2025\/12\/nemzetkozi-jogi-biz_Kep1.webp 1620w\" sizes=\"auto, (max-width: 1024px) 100vw, 1024px\" \/><figcaption class=\"wp-element-caption\"><em>Dr G\u00e1bor Kecsk\u00e9s, Associate Professor at the De\u00e1k Ferenc Faculty of Law and Political Sciences of Sz\u00e9chenyi Istv\u00e1n University, has become a member of the International Law Association\u2019s committee on artificial intelligence and technology law (Photo: Andr\u00e1s Adorj\u00e1n)<\/em><\/figcaption><\/figure>\n<\/div>\n\n\n<p><\/p>\n\n\n\n<p>According to Dr G\u00e1bor Sulyok, the exploration and use of outer space is essential for the development of human civilisation, yet the amount of space debris poses a serious threat to the sustainability of such activities. Addressing the issue requires urgent and multifaceted international cooperation; therefore, he is encouraged that one of the most prestigious scientific societies in international law now assigns particular importance to this problem.\u00a0<em>\u201cIf, as a member of the committee on reducing space debris, I can contribute in any way to international efforts, I will consider it a major achievement of my academic career. It is particularly reassuring that I can carry out my committee work as a lecturer at a forward-thinking university where a dedicated interdisciplinary research centre has been established to study the technical and legal aspects of space activities,\u201d<\/em>\u00a0he stressed.<\/p>\n\n\n<div class=\"wp-block-image\">\n<figure class=\"aligncenter size-large\"><img loading=\"lazy\" decoding=\"async\" width=\"1024\" height=\"683\" src=\"https:\/\/alumni.sze.hu\/en\/wp-content\/uploads\/2025\/12\/nemzetkozi-jogi-biz_Kep2-1024x683.webp\" alt=\"\" class=\"wp-image-9219\" srcset=\"https:\/\/alumni.sze.hu\/en\/wp-content\/uploads\/2025\/12\/nemzetkozi-jogi-biz_Kep2-1024x683.webp 1024w, https:\/\/alumni.sze.hu\/en\/wp-content\/uploads\/2025\/12\/nemzetkozi-jogi-biz_Kep2-300x200.webp 300w, https:\/\/alumni.sze.hu\/en\/wp-content\/uploads\/2025\/12\/nemzetkozi-jogi-biz_Kep2-768x512.webp 768w, https:\/\/alumni.sze.hu\/en\/wp-content\/uploads\/2025\/12\/nemzetkozi-jogi-biz_Kep2-1536x1024.webp 1536w, https:\/\/alumni.sze.hu\/en\/wp-content\/uploads\/2025\/12\/nemzetkozi-jogi-biz_Kep2-18x12.webp 18w, https:\/\/alumni.sze.hu\/en\/wp-content\/uploads\/2025\/12\/nemzetkozi-jogi-biz_Kep2.webp 1620w\" sizes=\"auto, (max-width: 1024px) 100vw, 1024px\" \/><figcaption class=\"wp-element-caption\"><em>Dr G\u00e1bor Sulyok of the De\u00e1k Ferenc Faculty of Law and Political Sciences at Sz\u00e9chenyi Istv\u00e1n University has been elected a member of the International Law Association\u2019s committee dealing with the legal issues of reducing space debris (Photo: M\u00e1t\u00e9 Dud\u00e1s)<\/em><\/figcaption><\/figure>\n<\/div>\n\n\n<p><em>The International Law Association, as a non-governmental organisation, holds consultative status with numerous specialised agencies of the United Nations. In achieving its scholarly objectives, a key role is played by its scientific committees, which focus on topical issues of international law and prepare reports and recommendations for the association and the international academic community.<\/em><\/p>\n","protected":false},"excerpt":{"rendered":"<p>Created: 2025.11.26. 14:52 Dr G\u00e1bor Kecsk\u00e9s, Associate Professor, and Dr G\u00e1bor Sulyok, lecturers of the De\u00e1k Ferenc Faculty of Law and Political Sciences at Sz\u00e9chenyi Istv\u00e1n University, have recently been &#8230;<\/p>\n","protected":false},"author":22,"featured_media":9220,"comment_status":"closed","ping_status":"open","sticky":false,"template":"","format":"standard","meta":{"footnotes":""},"categories":[24],"tags":[],"class_list":["post-9218","post","type-post","status-publish","format-standard","has-post-thumbnail","hentry","category-news"],"yoast_head":"<!-- This site is optimized with the Yoast SEO plugin v17.8 - https:\/\/yoast.com\/wordpress\/plugins\/seo\/ -->\n<title>Two SZE Lecturers Elected to Committees of Prestigious International Law Scholarly Society - SZE Alumni \u2013 Sz\u00e9chenyi Istv\u00e1n Egyetem<\/title>\n<meta name=\"robots\" content=\"index, follow, max-snippet:-1, max-image-preview:large, max-video-preview:-1\" \/>\n<link rel=\"canonical\" href=\"https:\/\/alumni.sze.hu\/en\/two-sze-lecturers-elected-to-committees-of-prestigious-international-law-scholarly-society\/\" \/>\n<meta property=\"og:locale\" content=\"hu_HU\" \/>\n<meta property=\"og:type\" content=\"article\" \/>\n<meta property=\"og:title\" content=\"Two SZE Lecturers Elected to Committees of Prestigious International Law Scholarly Society - SZE Alumni \u2013 Sz\u00e9chenyi Istv\u00e1n Egyetem\" \/>\n<meta property=\"og:description\" content=\"Created: 2025.11.26. 14:52 Dr G\u00e1bor Kecsk\u00e9s, Associate Professor, and Dr G\u00e1bor Sulyok, lecturers of the De\u00e1k Ferenc Faculty of Law and Political Sciences at Sz\u00e9chenyi Istv\u00e1n University, have recently been ...\" \/>\n<meta property=\"og:url\" content=\"https:\/\/alumni.sze.hu\/en\/two-sze-lecturers-elected-to-committees-of-prestigious-international-law-scholarly-society\/\" \/>\n<meta property=\"og:site_name\" content=\"SZE Alumni \u2013 Sz\u00e9chenyi Istv\u00e1n Egyetem\" \/>\n<meta property=\"article:published_time\" content=\"2025-12-01T09:10:58+00:00\" \/>\n<meta name=\"twitter:card\" content=\"summary_large_image\" \/>\n<meta name=\"twitter:image\" content=\"https:\/\/alumni.sze.hu\/en\/wp-content\/uploads\/2025\/12\/nemzetkozi-jogi-biz_Kep1.webp\" \/>\n<meta name=\"twitter:label1\" content=\"Szerz\u0151:\" \/>\n\t<meta name=\"twitter:data1\" content=\"KUP\u00d3-ZAJZON R\u00e9ka\" \/>\n\t<meta name=\"twitter:label2\" content=\"Becs\u00fclt olvas\u00e1si id\u0151\" \/>\n\t<meta name=\"twitter:data2\" content=\"3 perc\" \/>\n<script type=\"application\/ld+json\" class=\"yoast-schema-graph\">{\"@context\":\"https:\/\/schema.org\",\"@graph\":[{\"@type\":\"WebSite\",\"@id\":\"https:\/\/alumni.sze.hu\/en\/#website\",\"url\":\"https:\/\/alumni.sze.hu\/en\/\",\"name\":\"SZE Alumni \\u2013 Sz\\u00e9chenyi Istv\\u00e1n Egyetem\",\"description\":\"SZE Alumni \\u2013 Sz\\u00e9chenyi Istv\\u00e1n Egyetem\",\"potentialAction\":[{\"@type\":\"SearchAction\",\"target\":{\"@type\":\"EntryPoint\",\"urlTemplate\":\"https:\/\/alumni.sze.hu\/en\/?s={search_term_string}\"},\"query-input\":\"required name=search_term_string\"}],\"inLanguage\":\"hu\"},{\"@type\":\"ImageObject\",\"@id\":\"https:\/\/alumni.sze.hu\/en\/two-sze-lecturers-elected-to-committees-of-prestigious-international-law-scholarly-society\/#primaryimage\",\"inLanguage\":\"hu\",\"url\":\"https:\/\/alumni.sze.hu\/en\/wp-content\/uploads\/2025\/12\/nemzetkozi-jogi-biz_Kep1.webp\",\"contentUrl\":\"https:\/\/alumni.sze.hu\/en\/wp-content\/uploads\/2025\/12\/nemzetkozi-jogi-biz_Kep1.webp\",\"width\":1620,\"height\":1080,\"caption\":\"Dr G\\u00e1bor Kecsk\\u00e9s, Associate Professor at the De\\u00e1k Ferenc Faculty of Law and Political Sciences of Sz\\u00e9chenyi Istv\\u00e1n University, has become a member of the International Law Association\\u2019s committee on artificial intelligence and technology law (Photo: Andr\\u00e1s Adorj\\u00e1n)\"},{\"@type\":\"WebPage\",\"@id\":\"https:\/\/alumni.sze.hu\/en\/two-sze-lecturers-elected-to-committees-of-prestigious-international-law-scholarly-society\/#webpage\",\"url\":\"https:\/\/alumni.sze.hu\/en\/two-sze-lecturers-elected-to-committees-of-prestigious-international-law-scholarly-society\/\",\"name\":\"Two SZE Lecturers Elected to Committees of Prestigious International Law Scholarly Society - SZE Alumni \\u2013 Sz\\u00e9chenyi Istv\\u00e1n Egyetem\",\"isPartOf\":{\"@id\":\"https:\/\/alumni.sze.hu\/en\/#website\"},\"primaryImageOfPage\":{\"@id\":\"https:\/\/alumni.sze.hu\/en\/two-sze-lecturers-elected-to-committees-of-prestigious-international-law-scholarly-society\/#primaryimage\"},\"datePublished\":\"2025-12-01T09:10:58+00:00\",\"dateModified\":\"2025-12-01T09:10:58+00:00\",\"author\":{\"@id\":\"https:\/\/alumni.sze.hu\/en\/#\/schema\/person\/e80038ffd588d77e7ccd9bee4a6e445c\"},\"breadcrumb\":{\"@id\":\"https:\/\/alumni.sze.hu\/en\/two-sze-lecturers-elected-to-committees-of-prestigious-international-law-scholarly-society\/#breadcrumb\"},\"inLanguage\":\"hu\",\"potentialAction\":[{\"@type\":\"ReadAction\",\"target\":[\"https:\/\/alumni.sze.hu\/en\/two-sze-lecturers-elected-to-committees-of-prestigious-international-law-scholarly-society\/\"]}]},{\"@type\":\"BreadcrumbList\",\"@id\":\"https:\/\/alumni.sze.hu\/en\/two-sze-lecturers-elected-to-committees-of-prestigious-international-law-scholarly-society\/#breadcrumb\",\"itemListElement\":[{\"@type\":\"ListItem\",\"position\":1,\"name\":\"Homepage\",\"item\":\"https:\/\/alumni.sze.hu\/en\/\"},{\"@type\":\"ListItem\",\"position\":2,\"name\":\"Two SZE Lecturers Elected to Committees of Prestigious International Law Scholarly Society\"}]},{\"@type\":\"Person\",\"@id\":\"https:\/\/alumni.sze.hu\/en\/#\/schema\/person\/e80038ffd588d77e7ccd9bee4a6e445c\",\"name\":\"KUP\\u00d3-ZAJZON R\\u00e9ka\",\"image\":{\"@type\":\"ImageObject\",\"@id\":\"https:\/\/alumni.sze.hu\/en\/#personlogo\",\"inLanguage\":\"hu\",\"url\":\"https:\/\/secure.gravatar.com\/avatar\/1084379bc06970c176085757561a2c46a3ed600c0f54ee76511c6ded24d31c0d?s=96&d=mm&r=g\",\"contentUrl\":\"https:\/\/secure.gravatar.com\/avatar\/1084379bc06970c176085757561a2c46a3ed600c0f54ee76511c6ded24d31c0d?s=96&d=mm&r=g\",\"caption\":\"KUP\\u00d3-ZAJZON R\\u00e9ka\"},\"url\":\"https:\/\/alumni.sze.hu\/en\/author\/kupore\/\"}]}<\/script>\n<!-- \/ Yoast SEO plugin. -->","yoast_head_json":{"title":"Two SZE Lecturers Elected to Committees of Prestigious International Law Scholarly Society - SZE Alumni \u2013 Sz\u00e9chenyi Istv\u00e1n Egyetem","robots":{"index":"index","follow":"follow","max-snippet":"max-snippet:-1","max-image-preview":"max-image-preview:large","max-video-preview":"max-video-preview:-1"},"canonical":"https:\/\/alumni.sze.hu\/en\/two-sze-lecturers-elected-to-committees-of-prestigious-international-law-scholarly-society\/","og_locale":"hu_HU","og_type":"article","og_title":"Two SZE Lecturers Elected to Committees of Prestigious International Law Scholarly Society - SZE Alumni \u2013 Sz\u00e9chenyi Istv\u00e1n Egyetem","og_description":"Created: 2025.11.26. 14:52 Dr G\u00e1bor Kecsk\u00e9s, Associate Professor, and Dr G\u00e1bor Sulyok, lecturers of the De\u00e1k Ferenc Faculty of Law and Political Sciences at Sz\u00e9chenyi Istv\u00e1n University, have recently been ...","og_url":"https:\/\/alumni.sze.hu\/en\/two-sze-lecturers-elected-to-committees-of-prestigious-international-law-scholarly-society\/","og_site_name":"SZE Alumni \u2013 Sz\u00e9chenyi Istv\u00e1n Egyetem","article_published_time":"2025-12-01T09:10:58+00:00","twitter_card":"summary_large_image","twitter_image":"https:\/\/alumni.sze.hu\/en\/wp-content\/uploads\/2025\/12\/nemzetkozi-jogi-biz_Kep1.webp","twitter_misc":{"Szerz\u0151:":"KUP\u00d3-ZAJZON R\u00e9ka","Becs\u00fclt olvas\u00e1si id\u0151":"3 perc"},"schema":{"@context":"https:\/\/schema.org","@graph":[{"@type":"WebSite","@id":"https:\/\/alumni.sze.hu\/en\/#website","url":"https:\/\/alumni.sze.hu\/en\/","name":"SZE Alumni \u2013 Sz\u00e9chenyi Istv\u00e1n Egyetem","description":"SZE Alumni \u2013 Sz\u00e9chenyi Istv\u00e1n Egyetem","potentialAction":[{"@type":"SearchAction","target":{"@type":"EntryPoint","urlTemplate":"https:\/\/alumni.sze.hu\/en\/?s={search_term_string}"},"query-input":"required name=search_term_string"}],"inLanguage":"hu"},{"@type":"ImageObject","@id":"https:\/\/alumni.sze.hu\/en\/two-sze-lecturers-elected-to-committees-of-prestigious-international-law-scholarly-society\/#primaryimage","inLanguage":"hu","url":"https:\/\/alumni.sze.hu\/en\/wp-content\/uploads\/2025\/12\/nemzetkozi-jogi-biz_Kep1.webp","contentUrl":"https:\/\/alumni.sze.hu\/en\/wp-content\/uploads\/2025\/12\/nemzetkozi-jogi-biz_Kep1.webp","width":1620,"height":1080,"caption":"Dr G\u00e1bor Kecsk\u00e9s, Associate Professor at the De\u00e1k Ferenc Faculty of Law and Political Sciences of Sz\u00e9chenyi Istv\u00e1n University, has become a member of the International Law Association\u2019s committee on artificial intelligence and technology law (Photo: Andr\u00e1s Adorj\u00e1n)"},{"@type":"WebPage","@id":"https:\/\/alumni.sze.hu\/en\/two-sze-lecturers-elected-to-committees-of-prestigious-international-law-scholarly-society\/#webpage","url":"https:\/\/alumni.sze.hu\/en\/two-sze-lecturers-elected-to-committees-of-prestigious-international-law-scholarly-society\/","name":"Two SZE Lecturers Elected to Committees of Prestigious International Law Scholarly Society - SZE Alumni \u2013 Sz\u00e9chenyi Istv\u00e1n Egyetem","isPartOf":{"@id":"https:\/\/alumni.sze.hu\/en\/#website"},"primaryImageOfPage":{"@id":"https:\/\/alumni.sze.hu\/en\/two-sze-lecturers-elected-to-committees-of-prestigious-international-law-scholarly-society\/#primaryimage"},"datePublished":"2025-12-01T09:10:58+00:00","dateModified":"2025-12-01T09:10:58+00:00","author":{"@id":"https:\/\/alumni.sze.hu\/en\/#\/schema\/person\/e80038ffd588d77e7ccd9bee4a6e445c"},"breadcrumb":{"@id":"https:\/\/alumni.sze.hu\/en\/two-sze-lecturers-elected-to-committees-of-prestigious-international-law-scholarly-society\/#breadcrumb"},"inLanguage":"hu","potentialAction":[{"@type":"ReadAction","target":["https:\/\/alumni.sze.hu\/en\/two-sze-lecturers-elected-to-committees-of-prestigious-international-law-scholarly-society\/"]}]},{"@type":"BreadcrumbList","@id":"https:\/\/alumni.sze.hu\/en\/two-sze-lecturers-elected-to-committees-of-prestigious-international-law-scholarly-society\/#breadcrumb","itemListElement":[{"@type":"ListItem","position":1,"name":"Homepage","item":"https:\/\/alumni.sze.hu\/en\/"},{"@type":"ListItem","position":2,"name":"Two SZE Lecturers Elected to Committees of Prestigious International Law Scholarly Society"}]},{"@type":"Person","@id":"https:\/\/alumni.sze.hu\/en\/#\/schema\/person\/e80038ffd588d77e7ccd9bee4a6e445c","name":"KUP\u00d3-ZAJZON R\u00e9ka","image":{"@type":"ImageObject","@id":"https:\/\/alumni.sze.hu\/en\/#personlogo","inLanguage":"hu","url":"https:\/\/secure.gravatar.com\/avatar\/1084379bc06970c176085757561a2c46a3ed600c0f54ee76511c6ded24d31c0d?s=96&d=mm&r=g","contentUrl":"https:\/\/secure.gravatar.com\/avatar\/1084379bc06970c176085757561a2c46a3ed600c0f54ee76511c6ded24d31c0d?s=96&d=mm&r=g","caption":"KUP\u00d3-ZAJZON R\u00e9ka"},"url":"https:\/\/alumni.sze.hu\/en\/author\/kupore\/"}]}},"_links":{"self":[{"href":"https:\/\/alumni.sze.hu\/en\/wp-json\/wp\/v2\/posts\/9218","targetHints":{"allow":["GET"]}}],"collection":[{"href":"https:\/\/alumni.sze.hu\/en\/wp-json\/wp\/v2\/posts"}],"about":[{"href":"https:\/\/alumni.sze.hu\/en\/wp-json\/wp\/v2\/types\/post"}],"author":[{"embeddable":true,"href":"https:\/\/alumni.sze.hu\/en\/wp-json\/wp\/v2\/users\/22"}],"replies":[{"embeddable":true,"href":"https:\/\/alumni.sze.hu\/en\/wp-json\/wp\/v2\/comments?post=9218"}],"version-history":[{"count":1,"href":"https:\/\/alumni.sze.hu\/en\/wp-json\/wp\/v2\/posts\/9218\/revisions"}],"predecessor-version":[{"id":9221,"href":"https:\/\/alumni.sze.hu\/en\/wp-json\/wp\/v2\/posts\/9218\/revisions\/9221"}],"wp:featuredmedia":[{"embeddable":true,"href":"https:\/\/alumni.sze.hu\/en\/wp-json\/wp\/v2\/media\/9220"}],"wp:attachment":[{"href":"https:\/\/alumni.sze.hu\/en\/wp-json\/wp\/v2\/media?parent=9218"}],"wp:term":[{"taxonomy":"category","embeddable":true,"href":"https:\/\/alumni.sze.hu\/en\/wp-json\/wp\/v2\/categories?post=9218"},{"taxonomy":"post_tag","embeddable":true,"href":"https:\/\/alumni.sze.hu\/en\/wp-json\/wp\/v2\/tags?post=9218"}],"curies":[{"name":"wp","href":"https:\/\/api.w.org\/{rel}","templated":true}]}}