{"id":9215,"date":"2025-12-01T09:05:13","date_gmt":"2025-12-01T09:05:13","guid":{"rendered":"https:\/\/alumni.sze.hu\/en\/?p=9215"},"modified":"2025-12-01T09:05:14","modified_gmt":"2025-12-01T09:05:14","slug":"renowned-professors-speak-at-szes-conference-on-sustainability","status":"publish","type":"post","link":"https:\/\/alumni.sze.hu\/en\/renowned-professors-speak-at-szes-conference-on-sustainability\/","title":{"rendered":"Renowned Professors Speak at SZE\u2019s Conference on Sustainability"},"content":{"rendered":"\n<p>Created: 2025.11.26. 10:47<\/p>\n\n\n\n<p><strong>Researchers from five continents took part in the recently held Conference on Sustainability at Sz\u00e9chenyi Istv\u00e1n University. More than one hundred experts presented the energetic, technological, economic, environmental and health-related aspects of the topic, arriving from numerous countries around the world, including China, Germany, Malaysia, New Zealand and Angola.<\/strong><\/p>\n\n\n\n<p>The international conference of Sz\u00e9chenyi Istv\u00e1n University, focusing on sustainability, was organised for the third time. The event, known as COS (Conference on Sustainability), once again attracted leading experts in the field from twelve countries. Held between 10 and 12 November, the programme featured more than one hundred presentations on topics such as the sustainability of industrial and agricultural systems, corporate and business sustainability, environmental management and the circular economy, sustainable energy and climate resilience, as well as sustainable urban development, infrastructure and transport.<\/p>\n\n\n\n<p>At the opening ceremony, Dr Ferenc Friedler, Rector and Vice-President for Scientific Affairs of Sz\u00e9chenyi Istv\u00e1n University, underlined, that international collaborations in sustainability research have a real impact on our future, and the Gy\u0151r-based conference offers an excellent opportunity to build such joint research efforts.\u00a0<em>\u201cOne of the most important elements of scientific work is professional dialogue involving researchers from different fields and countries. Our event provides every opportunity for high-quality, valuable publications to be produced as a result,\u201d<\/em>\u00a0he emphasised. He added that a new feature of this year\u2019s event is the cooperation with an international conference in Malaysia and another in the Netherlands, through which the presented studies will be published in special issues of prestigious scientific journals, thanks to Dr Petar Varbanov, researcher and professor of Sz\u00e9chenyi Istv\u00e1n University, among others.<\/p>\n\n\n\n<figure class=\"wp-block-image size-large\"><img loading=\"lazy\" decoding=\"async\" width=\"1024\" height=\"683\" src=\"https:\/\/alumni.sze.hu\/en\/wp-content\/uploads\/2025\/12\/Kep1-5-1024x683.webp\" alt=\"\" class=\"wp-image-9216\" srcset=\"https:\/\/alumni.sze.hu\/en\/wp-content\/uploads\/2025\/12\/Kep1-5-1024x683.webp 1024w, https:\/\/alumni.sze.hu\/en\/wp-content\/uploads\/2025\/12\/Kep1-5-300x200.webp 300w, https:\/\/alumni.sze.hu\/en\/wp-content\/uploads\/2025\/12\/Kep1-5-768x512.webp 768w, https:\/\/alumni.sze.hu\/en\/wp-content\/uploads\/2025\/12\/Kep1-5-1536x1024.webp 1536w, https:\/\/alumni.sze.hu\/en\/wp-content\/uploads\/2025\/12\/Kep1-5-18x12.webp 18w, https:\/\/alumni.sze.hu\/en\/wp-content\/uploads\/2025\/12\/Kep1-5.webp 1620w\" sizes=\"auto, (max-width: 1024px) 100vw, 1024px\" \/><figcaption class=\"wp-element-caption\"><em>One of the pioneers of sustainability research, Professor Michael Narodoslawsky of Graz University of Technology (Photo: Gergely Nagy)<\/em><\/figcaption><\/figure>\n\n\n\n<p class=\"has-text-align-center\"><\/p>\n\n\n\n<p>The Rector also introduced the keynote speakers of the conference, including Professor Michael Narodoslawsky of Graz University of Technology, one of the earliest researchers of sustainability.&nbsp;<em>\u201cIt is particularly valuable that Sz\u00e9chenyi University dedicates a three-day professional forum to this topic, which is essential for our future. I trust that this programme will broaden the interpretation of the concept, moving beyond climate change and environmental pollution, and will generate real system-level change. We are in the right place for this, as the institution in Gy\u0151r plays a significant role in this transformation,\u201d<\/em>&nbsp;Professor Narodoslawsky said. In his presentation, he drew participants\u2019 attention to the systemic issues on the technological side of sustainable development.<\/p>\n\n\n\n<figure class=\"wp-block-image\"><img decoding=\"async\" src=\"https:\/\/admissions.sze.hu\/images\/News\/2025_11\/COS-2025\/K%C3%A9p2.webp\" alt=\"Professor Qiuwang Wang of Xi\u2019an Jiaotong University, China, spoke about hybrid heat-treatment strategies in his lecture (Photo: Gergely Nagy)\" title=\"Professor Qiuwang Wang of Xi\u2019an Jiaotong University, China, spoke about hybrid heat-treatment strategies in his lecture (Photo: Gergely Nagy)\"\/><\/figure>\n\n\n\n<p class=\"has-text-align-center\"><em>Professor Qiuwang Wang of Xi\u2019an Jiaotong University, China, spoke about hybrid heat-treatment strategies in his lecture<\/em>&nbsp;<em>(Photo: Gergely Nagy)<\/em><\/p>\n\n\n\n<p>The high quality of the event was further enhanced by plenary lectures delivered by prominent professors such as Dr Qiuwang Wang from Xi\u2019an Jiaotong University, China; Dr Kathleen B. Aviso from De La Salle University, Philippines; Dr Pasquale Marcello Falcone from the University of Naples Parthenope; Dr Bing Shen How from the Sarawak campus of Swinburne University of Technology, Australia; Dr Hon Loong Lam from the Malaysia campus of the University of Nottingham, United Kingdom; Dr Seungjae Lee from Seoul National University, South Korea; Dr Sin Yong Teng from Maastricht University, the Netherlands; Dr Bohong Wang from Zhejiang Ocean University, China; and Dr Kirti Maheskumar Yenkie from Rowan University, United States.<\/p>\n\n\n\n<figure class=\"wp-block-image\"><img decoding=\"async\" src=\"https:\/\/admissions.sze.hu\/images\/News\/2025_11\/COS-2025\/K%C3%A9p3.webp\" alt=\"More than one hundred researchers presented their scientific results at Sz\u00e9chenyi University\u2019s Conference on Sustainability (Photos: Gergely Nagy)\" title=\"More than one hundred researchers presented their scientific results at Sz\u00e9chenyi University\u2019s Conference on Sustainability (Photos: Gergely Nagy)\"\/><\/figure>\n\n\n\n<figure class=\"wp-block-image\"><img decoding=\"async\" src=\"https:\/\/admissions.sze.hu\/images\/News\/2025_11\/COS-2025\/K%C3%A9p4.webp\" alt=\"More than one hundred researchers presented their scientific results at Sz\u00e9chenyi University\u2019s Conference on Sustainability (Photos: Gergely Nagy)\" title=\"More than one hundred researchers presented their scientific results at Sz\u00e9chenyi University\u2019s Conference on Sustainability (Photos: Gergely Nagy)\"\/><\/figure>\n\n\n\n<p class=\"has-text-align-center\"><em>More than one hundred researchers presented their scientific results at Sz\u00e9chenyi University\u2019s Conference on<\/em>&nbsp;<em>Sustainability (Photos: Gergely Nagy)<\/em><\/p>\n\n\n\n<p>Besides international researchers, the Hungarian academic sphere was also well represented: during the three-day conference, 102 presentations were delivered across nine sections. At the event organised by Sz\u00e9chenyi University\u2019s Sustainability Competence Centre, participants were introduced to topics including corporate responsibility and the role of quality management legislation in achieving sustainable development goals, the impacts of the coronavirus pandemic on food waste in the European Union, the future of passenger rail lines in Gy\u0151r, and the environmental footprint of Hungary\u2019s hydrogen strategy.<\/p>\n\n\n\n<figure class=\"wp-block-image\"><img decoding=\"async\" src=\"https:\/\/admissions.sze.hu\/images\/News\/2025_11\/COS-2025\/K%C3%A9p5.webp\" alt=\"Dr Ferenc Friedler, Rector and Vice-President for Scientific Affairs of Sz\u00e9chenyi Istv\u00e1n University (Photo: Gergely Nagy)\" title=\"Dr Ferenc Friedler, Rector and Vice-President for Scientific Affairs of Sz\u00e9chenyi Istv\u00e1n University (Photo: Gergely Nagy)\"\/><\/figure>\n\n\n\n<p class=\"has-text-align-center\"><em>Dr Ferenc Friedler, Rector and Vice-President for Scientific Affairs of Sz\u00e9chenyi Istv\u00e1n University (Photo: Gergely Nagy)<\/em><\/p>\n","protected":false},"excerpt":{"rendered":"<p>Created: 2025.11.26. 10:47 Researchers from five continents took part in the recently held Conference on Sustainability at Sz\u00e9chenyi Istv\u00e1n University. More than one hundred experts presented the energetic, technological, economic, &#8230;<\/p>\n","protected":false},"author":22,"featured_media":9216,"comment_status":"closed","ping_status":"open","sticky":false,"template":"","format":"standard","meta":{"footnotes":""},"categories":[24],"tags":[],"class_list":["post-9215","post","type-post","status-publish","format-standard","has-post-thumbnail","hentry","category-news"],"yoast_head":"<!-- This site is optimized with the Yoast SEO plugin v17.8 - https:\/\/yoast.com\/wordpress\/plugins\/seo\/ -->\n<title>Renowned Professors Speak at SZE\u2019s Conference on Sustainability - SZE Alumni \u2013 Sz\u00e9chenyi Istv\u00e1n Egyetem<\/title>\n<meta name=\"robots\" content=\"index, follow, max-snippet:-1, max-image-preview:large, max-video-preview:-1\" \/>\n<link rel=\"canonical\" href=\"https:\/\/alumni.sze.hu\/en\/renowned-professors-speak-at-szes-conference-on-sustainability\/\" \/>\n<meta property=\"og:locale\" content=\"hu_HU\" \/>\n<meta property=\"og:type\" content=\"article\" \/>\n<meta property=\"og:title\" content=\"Renowned Professors Speak at SZE\u2019s Conference on Sustainability - SZE Alumni \u2013 Sz\u00e9chenyi Istv\u00e1n Egyetem\" \/>\n<meta property=\"og:description\" content=\"Created: 2025.11.26. 10:47 Researchers from five continents took part in the recently held Conference on Sustainability at Sz\u00e9chenyi Istv\u00e1n University. More than one hundred experts presented the energetic, technological, economic, ...\" \/>\n<meta property=\"og:url\" content=\"https:\/\/alumni.sze.hu\/en\/renowned-professors-speak-at-szes-conference-on-sustainability\/\" \/>\n<meta property=\"og:site_name\" content=\"SZE Alumni \u2013 Sz\u00e9chenyi Istv\u00e1n Egyetem\" \/>\n<meta property=\"article:published_time\" content=\"2025-12-01T09:05:13+00:00\" \/>\n<meta property=\"article:modified_time\" content=\"2025-12-01T09:05:14+00:00\" \/>\n<meta name=\"twitter:card\" content=\"summary_large_image\" \/>\n<meta name=\"twitter:image\" content=\"https:\/\/alumni.sze.hu\/en\/wp-content\/uploads\/2025\/12\/Kep1-5.webp\" \/>\n<meta name=\"twitter:label1\" content=\"Szerz\u0151:\" \/>\n\t<meta name=\"twitter:data1\" content=\"KUP\u00d3-ZAJZON R\u00e9ka\" \/>\n\t<meta name=\"twitter:label2\" content=\"Becs\u00fclt olvas\u00e1si id\u0151\" \/>\n\t<meta name=\"twitter:data2\" content=\"3 perc\" \/>\n<script type=\"application\/ld+json\" class=\"yoast-schema-graph\">{\"@context\":\"https:\/\/schema.org\",\"@graph\":[{\"@type\":\"WebSite\",\"@id\":\"https:\/\/alumni.sze.hu\/en\/#website\",\"url\":\"https:\/\/alumni.sze.hu\/en\/\",\"name\":\"SZE Alumni \\u2013 Sz\\u00e9chenyi Istv\\u00e1n Egyetem\",\"description\":\"SZE Alumni \\u2013 Sz\\u00e9chenyi Istv\\u00e1n Egyetem\",\"potentialAction\":[{\"@type\":\"SearchAction\",\"target\":{\"@type\":\"EntryPoint\",\"urlTemplate\":\"https:\/\/alumni.sze.hu\/en\/?s={search_term_string}\"},\"query-input\":\"required name=search_term_string\"}],\"inLanguage\":\"hu\"},{\"@type\":\"ImageObject\",\"@id\":\"https:\/\/alumni.sze.hu\/en\/renowned-professors-speak-at-szes-conference-on-sustainability\/#primaryimage\",\"inLanguage\":\"hu\",\"url\":\"https:\/\/alumni.sze.hu\/en\/wp-content\/uploads\/2025\/12\/Kep1-5.webp\",\"contentUrl\":\"https:\/\/alumni.sze.hu\/en\/wp-content\/uploads\/2025\/12\/Kep1-5.webp\",\"width\":1620,\"height\":1080,\"caption\":\"One of the pioneers of sustainability research, Professor Michael Narodoslawsky of Graz University of Technology (Photo: Gergely Nagy)\"},{\"@type\":\"WebPage\",\"@id\":\"https:\/\/alumni.sze.hu\/en\/renowned-professors-speak-at-szes-conference-on-sustainability\/#webpage\",\"url\":\"https:\/\/alumni.sze.hu\/en\/renowned-professors-speak-at-szes-conference-on-sustainability\/\",\"name\":\"Renowned Professors Speak at SZE\\u2019s Conference on Sustainability - SZE Alumni \\u2013 Sz\\u00e9chenyi Istv\\u00e1n Egyetem\",\"isPartOf\":{\"@id\":\"https:\/\/alumni.sze.hu\/en\/#website\"},\"primaryImageOfPage\":{\"@id\":\"https:\/\/alumni.sze.hu\/en\/renowned-professors-speak-at-szes-conference-on-sustainability\/#primaryimage\"},\"datePublished\":\"2025-12-01T09:05:13+00:00\",\"dateModified\":\"2025-12-01T09:05:14+00:00\",\"author\":{\"@id\":\"https:\/\/alumni.sze.hu\/en\/#\/schema\/person\/e80038ffd588d77e7ccd9bee4a6e445c\"},\"breadcrumb\":{\"@id\":\"https:\/\/alumni.sze.hu\/en\/renowned-professors-speak-at-szes-conference-on-sustainability\/#breadcrumb\"},\"inLanguage\":\"hu\",\"potentialAction\":[{\"@type\":\"ReadAction\",\"target\":[\"https:\/\/alumni.sze.hu\/en\/renowned-professors-speak-at-szes-conference-on-sustainability\/\"]}]},{\"@type\":\"BreadcrumbList\",\"@id\":\"https:\/\/alumni.sze.hu\/en\/renowned-professors-speak-at-szes-conference-on-sustainability\/#breadcrumb\",\"itemListElement\":[{\"@type\":\"ListItem\",\"position\":1,\"name\":\"Homepage\",\"item\":\"https:\/\/alumni.sze.hu\/en\/\"},{\"@type\":\"ListItem\",\"position\":2,\"name\":\"Renowned Professors Speak at SZE\\u2019s Conference on Sustainability\"}]},{\"@type\":\"Person\",\"@id\":\"https:\/\/alumni.sze.hu\/en\/#\/schema\/person\/e80038ffd588d77e7ccd9bee4a6e445c\",\"name\":\"KUP\\u00d3-ZAJZON R\\u00e9ka\",\"image\":{\"@type\":\"ImageObject\",\"@id\":\"https:\/\/alumni.sze.hu\/en\/#personlogo\",\"inLanguage\":\"hu\",\"url\":\"https:\/\/secure.gravatar.com\/avatar\/1084379bc06970c176085757561a2c46a3ed600c0f54ee76511c6ded24d31c0d?s=96&d=mm&r=g\",\"contentUrl\":\"https:\/\/secure.gravatar.com\/avatar\/1084379bc06970c176085757561a2c46a3ed600c0f54ee76511c6ded24d31c0d?s=96&d=mm&r=g\",\"caption\":\"KUP\\u00d3-ZAJZON R\\u00e9ka\"},\"url\":\"https:\/\/alumni.sze.hu\/en\/author\/kupore\/\"}]}<\/script>\n<!-- \/ Yoast SEO plugin. -->","yoast_head_json":{"title":"Renowned Professors Speak at SZE\u2019s Conference on Sustainability - SZE Alumni \u2013 Sz\u00e9chenyi Istv\u00e1n Egyetem","robots":{"index":"index","follow":"follow","max-snippet":"max-snippet:-1","max-image-preview":"max-image-preview:large","max-video-preview":"max-video-preview:-1"},"canonical":"https:\/\/alumni.sze.hu\/en\/renowned-professors-speak-at-szes-conference-on-sustainability\/","og_locale":"hu_HU","og_type":"article","og_title":"Renowned Professors Speak at SZE\u2019s Conference on Sustainability - SZE Alumni \u2013 Sz\u00e9chenyi Istv\u00e1n Egyetem","og_description":"Created: 2025.11.26. 10:47 Researchers from five continents took part in the recently held Conference on Sustainability at Sz\u00e9chenyi Istv\u00e1n University. More than one hundred experts presented the energetic, technological, economic, ...","og_url":"https:\/\/alumni.sze.hu\/en\/renowned-professors-speak-at-szes-conference-on-sustainability\/","og_site_name":"SZE Alumni \u2013 Sz\u00e9chenyi Istv\u00e1n Egyetem","article_published_time":"2025-12-01T09:05:13+00:00","article_modified_time":"2025-12-01T09:05:14+00:00","twitter_card":"summary_large_image","twitter_image":"https:\/\/alumni.sze.hu\/en\/wp-content\/uploads\/2025\/12\/Kep1-5.webp","twitter_misc":{"Szerz\u0151:":"KUP\u00d3-ZAJZON R\u00e9ka","Becs\u00fclt olvas\u00e1si id\u0151":"3 perc"},"schema":{"@context":"https:\/\/schema.org","@graph":[{"@type":"WebSite","@id":"https:\/\/alumni.sze.hu\/en\/#website","url":"https:\/\/alumni.sze.hu\/en\/","name":"SZE Alumni \u2013 Sz\u00e9chenyi Istv\u00e1n Egyetem","description":"SZE Alumni \u2013 Sz\u00e9chenyi Istv\u00e1n Egyetem","potentialAction":[{"@type":"SearchAction","target":{"@type":"EntryPoint","urlTemplate":"https:\/\/alumni.sze.hu\/en\/?s={search_term_string}"},"query-input":"required name=search_term_string"}],"inLanguage":"hu"},{"@type":"ImageObject","@id":"https:\/\/alumni.sze.hu\/en\/renowned-professors-speak-at-szes-conference-on-sustainability\/#primaryimage","inLanguage":"hu","url":"https:\/\/alumni.sze.hu\/en\/wp-content\/uploads\/2025\/12\/Kep1-5.webp","contentUrl":"https:\/\/alumni.sze.hu\/en\/wp-content\/uploads\/2025\/12\/Kep1-5.webp","width":1620,"height":1080,"caption":"One of the pioneers of sustainability research, Professor Michael Narodoslawsky of Graz University of Technology (Photo: Gergely Nagy)"},{"@type":"WebPage","@id":"https:\/\/alumni.sze.hu\/en\/renowned-professors-speak-at-szes-conference-on-sustainability\/#webpage","url":"https:\/\/alumni.sze.hu\/en\/renowned-professors-speak-at-szes-conference-on-sustainability\/","name":"Renowned Professors Speak at SZE\u2019s Conference on Sustainability - SZE Alumni \u2013 Sz\u00e9chenyi Istv\u00e1n Egyetem","isPartOf":{"@id":"https:\/\/alumni.sze.hu\/en\/#website"},"primaryImageOfPage":{"@id":"https:\/\/alumni.sze.hu\/en\/renowned-professors-speak-at-szes-conference-on-sustainability\/#primaryimage"},"datePublished":"2025-12-01T09:05:13+00:00","dateModified":"2025-12-01T09:05:14+00:00","author":{"@id":"https:\/\/alumni.sze.hu\/en\/#\/schema\/person\/e80038ffd588d77e7ccd9bee4a6e445c"},"breadcrumb":{"@id":"https:\/\/alumni.sze.hu\/en\/renowned-professors-speak-at-szes-conference-on-sustainability\/#breadcrumb"},"inLanguage":"hu","potentialAction":[{"@type":"ReadAction","target":["https:\/\/alumni.sze.hu\/en\/renowned-professors-speak-at-szes-conference-on-sustainability\/"]}]},{"@type":"BreadcrumbList","@id":"https:\/\/alumni.sze.hu\/en\/renowned-professors-speak-at-szes-conference-on-sustainability\/#breadcrumb","itemListElement":[{"@type":"ListItem","position":1,"name":"Homepage","item":"https:\/\/alumni.sze.hu\/en\/"},{"@type":"ListItem","position":2,"name":"Renowned Professors Speak at SZE\u2019s Conference on Sustainability"}]},{"@type":"Person","@id":"https:\/\/alumni.sze.hu\/en\/#\/schema\/person\/e80038ffd588d77e7ccd9bee4a6e445c","name":"KUP\u00d3-ZAJZON R\u00e9ka","image":{"@type":"ImageObject","@id":"https:\/\/alumni.sze.hu\/en\/#personlogo","inLanguage":"hu","url":"https:\/\/secure.gravatar.com\/avatar\/1084379bc06970c176085757561a2c46a3ed600c0f54ee76511c6ded24d31c0d?s=96&d=mm&r=g","contentUrl":"https:\/\/secure.gravatar.com\/avatar\/1084379bc06970c176085757561a2c46a3ed600c0f54ee76511c6ded24d31c0d?s=96&d=mm&r=g","caption":"KUP\u00d3-ZAJZON R\u00e9ka"},"url":"https:\/\/alumni.sze.hu\/en\/author\/kupore\/"}]}},"_links":{"self":[{"href":"https:\/\/alumni.sze.hu\/en\/wp-json\/wp\/v2\/posts\/9215","targetHints":{"allow":["GET"]}}],"collection":[{"href":"https:\/\/alumni.sze.hu\/en\/wp-json\/wp\/v2\/posts"}],"about":[{"href":"https:\/\/alumni.sze.hu\/en\/wp-json\/wp\/v2\/types\/post"}],"author":[{"embeddable":true,"href":"https:\/\/alumni.sze.hu\/en\/wp-json\/wp\/v2\/users\/22"}],"replies":[{"embeddable":true,"href":"https:\/\/alumni.sze.hu\/en\/wp-json\/wp\/v2\/comments?post=9215"}],"version-history":[{"count":1,"href":"https:\/\/alumni.sze.hu\/en\/wp-json\/wp\/v2\/posts\/9215\/revisions"}],"predecessor-version":[{"id":9217,"href":"https:\/\/alumni.sze.hu\/en\/wp-json\/wp\/v2\/posts\/9215\/revisions\/9217"}],"wp:featuredmedia":[{"embeddable":true,"href":"https:\/\/alumni.sze.hu\/en\/wp-json\/wp\/v2\/media\/9216"}],"wp:attachment":[{"href":"https:\/\/alumni.sze.hu\/en\/wp-json\/wp\/v2\/media?parent=9215"}],"wp:term":[{"taxonomy":"category","embeddable":true,"href":"https:\/\/alumni.sze.hu\/en\/wp-json\/wp\/v2\/categories?post=9215"},{"taxonomy":"post_tag","embeddable":true,"href":"https:\/\/alumni.sze.hu\/en\/wp-json\/wp\/v2\/tags?post=9215"}],"curies":[{"name":"wp","href":"https:\/\/api.w.org\/{rel}","templated":true}]}}