{"id":9197,"date":"2025-11-24T12:57:35","date_gmt":"2025-11-24T12:57:35","guid":{"rendered":"https:\/\/alumni.sze.hu\/en\/?p=9197"},"modified":"2025-11-24T12:57:35","modified_gmt":"2025-11-24T12:57:35","slug":"nato-defence-college-senior-official-gives-lecture-at-szes-faculty-of-law-and-political-sciences","status":"publish","type":"post","link":"https:\/\/alumni.sze.hu\/en\/nato-defence-college-senior-official-gives-lecture-at-szes-faculty-of-law-and-political-sciences\/","title":{"rendered":"NATO Defence College Senior Official Gives Lecture at SZE\u2019s Faculty of Law and Political Sciences"},"content":{"rendered":"\n<p>Created: 2025.11.24. 11:25<\/p>\n\n\n\n<p><strong>Brigadier General, Dr Ferenc Moln\u00e1r, a senior staff member of the NATO Defence College and honorary university professor at the Ludovika University of Public Service, recently presented the institution\u2019s education activities and experiences, as well as the importance of civil\u2013military cooperation from the perspective of NATO leadership, at the De\u00e1k Ferenc Faculty of Law and Political Sciences of Sz\u00e9chenyi Istv\u00e1n University.<\/strong><\/p>\n\n\n\n<p>Following the welcome address by Dr P\u00e9ter Smuk, Dean of the Faculty, Lieutenant Colonel Dr \u00c1d\u00e1m Farkas, Senior Research Fellow at the Department of Modern Technology and Cybersecurity Law at Sz\u00e9chenyi Istv\u00e1n University and at the Institute of National Security of the Ludovika University of Public Service, introduced the speaker. Brigadier General, Dr Ferenc Moln\u00e1r has several decades of military and higher education teaching and research experience. After completing his qualification as a mechanised infantry officer, he obtained a degree in sociology at E\u00f6tv\u00f6s Lor\u00e1nd University, followed by a degree in security policy at the United States Naval<strong>\u00a0<\/strong>Postgraduate School, all while serving as an active-duty officer. He earned both his PhD and habilitation in the field of military sciences at the Zr\u00ednyi Mikl\u00f3s National University of Defence. During his military career, he held several positions in the Ministry of Defence, and served for four years as Faculty Adviser at the NATO Defence College, while also gaining international experience at the ISAF headquarters in Kabul and the NATO command in Sarajevo. Since 2020 he has been carrying out leadership duties in Rome as Director for Academic Planning at the NATO Defence College. He secured this position through a competitive application process, and after completing his first term, he was appointed for a second one, making him a key figure in NATO\u2019s colonel-, general-, ambassador- and diplomatic-level programmes for half a decade.<\/p>\n\n\n<div class=\"wp-block-image\">\n<figure class=\"aligncenter size-large\"><img loading=\"lazy\" decoding=\"async\" width=\"1024\" height=\"682\" src=\"https:\/\/alumni.sze.hu\/en\/wp-content\/uploads\/2025\/11\/NATO_Kep-1024x682.webp\" alt=\"\" class=\"wp-image-9198\" srcset=\"https:\/\/alumni.sze.hu\/en\/wp-content\/uploads\/2025\/11\/NATO_Kep-1024x682.webp 1024w, https:\/\/alumni.sze.hu\/en\/wp-content\/uploads\/2025\/11\/NATO_Kep-300x200.webp 300w, https:\/\/alumni.sze.hu\/en\/wp-content\/uploads\/2025\/11\/NATO_Kep-768x511.webp 768w, https:\/\/alumni.sze.hu\/en\/wp-content\/uploads\/2025\/11\/NATO_Kep-1536x1023.webp 1536w, https:\/\/alumni.sze.hu\/en\/wp-content\/uploads\/2025\/11\/NATO_Kep-18x12.webp 18w, https:\/\/alumni.sze.hu\/en\/wp-content\/uploads\/2025\/11\/NATO_Kep.webp 1622w\" sizes=\"auto, (max-width: 1024px) 100vw, 1024px\" \/><figcaption class=\"wp-element-caption\">Brigadier General, Dr Ferenc Moln\u00e1r (third from the left in the front row) with representatives of Sz\u00e9chenyi Istv\u00e1n University at the building of the De\u00e1k Ferenc Faculty of Law and Political Sciences (Photo: M\u00e1t\u00e9 Dud\u00e1s)<\/figcaption><\/figure>\n<\/div>\n\n\n<p><\/p>\n\n\n\n<p>Dr Moln\u00e1r began his lecture with an introduction to the NATO Defence College, which was founded in 1951 and whose main tasks include organising educational programmes and conducting research that supports education as well as NATO\u2019s highest-level decision-making forums. He explained that lecturers are invited from all over the world according to a curriculum adapted to the changing security and geopolitical environment, and that the institution annually receives around 600 students and 600 visitors from approximately 40 countries. He emphasised that NATO\u2019s dual nature\u2014as a military and political alliance\u2014clearly manifests itself in the educational activities as well. He underlined that instead of a dominance of specialised, strictly military lectures and narrowly focused expert perspectives, the curriculum is defined more by methods that promote strategic thinking, security interpretation, diplomacy, sectoral policymaking and cooperation. The applied methodology includes numerous forward-looking elements that allow for the acquisition of high-level knowledge. One such element is that the institution does not have a permanent teaching staff; instead, it works with internationally recognised invited experts who possess both academic and practical experience. This ensures that the curriculum can be adapted to current and future topics. The learning process also places great emphasis on compulsory and recommended readings requiring preliminary preparation and in-depth understanding; on informal discussions and debates during lectures and coffee breaks; on presentation and debate moderation tasks aimed at realism and consensus building; and on Q&amp;A sessions, many of which are based on work carried out in 10\u201311 person committees.<\/p>\n\n\n\n<p>The role of these working groups is not limited to short-term tasks; on the contrary, long-term project work is of key importance during the programmes, and such projects must be presented and defended at the end of the course. In these projects\u2014typically addressing current security challenges\u2014ongoing cooperation across cultures and disciplines is required from topic selection through development to presentation. The experience gained during this cooperation can be just as valuable\u2014if not more so\u2014than the resulting documents, some of which are occasionally used in alliance-level policy-making. As an example, he mentioned that before the international identification of the Russian \u201cshadow fleet\u201d, an analysis produced at the College already anticipated its potential application and subsequent operation.<\/p>\n\n\n\n<p>During the lecture, Brigadier General, also presented the organisational structure of the NATO Defence College\u2019s research activities. He explained that the research department is responsible for preparing concise, relevant and strategically important studies for NATO and member-state decision-makers, as well as for carrying out project work supporting education. Their activities correspond to NATO\u2019s strategic priorities and even contribute to expanding them, including the increasingly relevant field of \u201cforesight\u201d analysis. He also highlighted that, in addition to teaching and research, international cooperation plays a significant role, with the College having established credit recognition agreements with several universities, including institutions in Italy and the United Kingdom. He added that researchers from various NATO member states regularly join the College for several months, which could also serve as an opportunity for Hungarian higher education institutions.<\/p>\n\n\n\n<p>The closing message of the lecture stressed that integrating civil and military expertise is essential for national and alliance security. He pointed out that in Eastern Europe, many defence-related competencies faded from the civil sphere after the Cold War, whereas in Western Europe there is a strong tradition of teaching defence-related subjects at civilian universities, and military higher education programmes also involve experts who research and teach civilian topics. This model, he suggested, could also be of interest to Hungarian universities. With regard to the increasingly dynamic security challenges, he noted that these require theoretical and practical synergies between defence and civilian expertise, as well as closer collaboration between the two fields. He expressed his hope that this lecture had contributed to promoting these aspirations within Hungarian circumstances.<\/p>\n","protected":false},"excerpt":{"rendered":"<p>Created: 2025.11.24. 11:25 Brigadier General, Dr Ferenc Moln\u00e1r, a senior staff member of the NATO Defence College and honorary university professor at the Ludovika University of Public Service, recently presented &#8230;<\/p>\n","protected":false},"author":22,"featured_media":9198,"comment_status":"closed","ping_status":"open","sticky":false,"template":"","format":"standard","meta":{"footnotes":""},"categories":[24],"tags":[],"class_list":["post-9197","post","type-post","status-publish","format-standard","has-post-thumbnail","hentry","category-news"],"yoast_head":"<!-- This site is optimized with the Yoast SEO plugin v17.8 - https:\/\/yoast.com\/wordpress\/plugins\/seo\/ -->\n<title>NATO Defence College Senior Official Gives Lecture at SZE\u2019s Faculty of Law and Political Sciences - SZE Alumni \u2013 Sz\u00e9chenyi Istv\u00e1n Egyetem<\/title>\n<meta name=\"robots\" content=\"index, follow, max-snippet:-1, max-image-preview:large, max-video-preview:-1\" \/>\n<link rel=\"canonical\" href=\"https:\/\/alumni.sze.hu\/en\/nato-defence-college-senior-official-gives-lecture-at-szes-faculty-of-law-and-political-sciences\/\" \/>\n<meta property=\"og:locale\" content=\"hu_HU\" \/>\n<meta property=\"og:type\" content=\"article\" \/>\n<meta property=\"og:title\" content=\"NATO Defence College Senior Official Gives Lecture at SZE\u2019s Faculty of Law and Political Sciences - SZE Alumni \u2013 Sz\u00e9chenyi Istv\u00e1n Egyetem\" \/>\n<meta property=\"og:description\" content=\"Created: 2025.11.24. 11:25 Brigadier General, Dr Ferenc Moln\u00e1r, a senior staff member of the NATO Defence College and honorary university professor at the Ludovika University of Public Service, recently presented ...\" \/>\n<meta property=\"og:url\" content=\"https:\/\/alumni.sze.hu\/en\/nato-defence-college-senior-official-gives-lecture-at-szes-faculty-of-law-and-political-sciences\/\" \/>\n<meta property=\"og:site_name\" content=\"SZE Alumni \u2013 Sz\u00e9chenyi Istv\u00e1n Egyetem\" \/>\n<meta property=\"article:published_time\" content=\"2025-11-24T12:57:35+00:00\" \/>\n<meta name=\"twitter:card\" content=\"summary_large_image\" \/>\n<meta name=\"twitter:image\" content=\"https:\/\/alumni.sze.hu\/en\/wp-content\/uploads\/2025\/11\/NATO_Kep.webp\" \/>\n<meta name=\"twitter:label1\" content=\"Szerz\u0151:\" \/>\n\t<meta name=\"twitter:data1\" content=\"KUP\u00d3-ZAJZON R\u00e9ka\" \/>\n\t<meta name=\"twitter:label2\" content=\"Becs\u00fclt olvas\u00e1si id\u0151\" \/>\n\t<meta name=\"twitter:data2\" content=\"5 perc\" \/>\n<script type=\"application\/ld+json\" class=\"yoast-schema-graph\">{\"@context\":\"https:\/\/schema.org\",\"@graph\":[{\"@type\":\"WebSite\",\"@id\":\"https:\/\/alumni.sze.hu\/en\/#website\",\"url\":\"https:\/\/alumni.sze.hu\/en\/\",\"name\":\"SZE Alumni \\u2013 Sz\\u00e9chenyi Istv\\u00e1n Egyetem\",\"description\":\"SZE Alumni \\u2013 Sz\\u00e9chenyi Istv\\u00e1n Egyetem\",\"potentialAction\":[{\"@type\":\"SearchAction\",\"target\":{\"@type\":\"EntryPoint\",\"urlTemplate\":\"https:\/\/alumni.sze.hu\/en\/?s={search_term_string}\"},\"query-input\":\"required name=search_term_string\"}],\"inLanguage\":\"hu\"},{\"@type\":\"ImageObject\",\"@id\":\"https:\/\/alumni.sze.hu\/en\/nato-defence-college-senior-official-gives-lecture-at-szes-faculty-of-law-and-political-sciences\/#primaryimage\",\"inLanguage\":\"hu\",\"url\":\"https:\/\/alumni.sze.hu\/en\/wp-content\/uploads\/2025\/11\/NATO_Kep.webp\",\"contentUrl\":\"https:\/\/alumni.sze.hu\/en\/wp-content\/uploads\/2025\/11\/NATO_Kep.webp\",\"width\":1622,\"height\":1080,\"caption\":\"Brigadier General, Dr Ferenc Moln\\u00e1r (third from the left in the front row) with representatives of Sz\\u00e9chenyi Istv\\u00e1n University at the building of the De\\u00e1k Ferenc Faculty of Law and Political Sciences (Photo: M\\u00e1t\\u00e9 Dud\\u00e1s)\"},{\"@type\":\"WebPage\",\"@id\":\"https:\/\/alumni.sze.hu\/en\/nato-defence-college-senior-official-gives-lecture-at-szes-faculty-of-law-and-political-sciences\/#webpage\",\"url\":\"https:\/\/alumni.sze.hu\/en\/nato-defence-college-senior-official-gives-lecture-at-szes-faculty-of-law-and-political-sciences\/\",\"name\":\"NATO Defence College Senior Official Gives Lecture at SZE\\u2019s Faculty of Law and Political Sciences - SZE Alumni \\u2013 Sz\\u00e9chenyi Istv\\u00e1n Egyetem\",\"isPartOf\":{\"@id\":\"https:\/\/alumni.sze.hu\/en\/#website\"},\"primaryImageOfPage\":{\"@id\":\"https:\/\/alumni.sze.hu\/en\/nato-defence-college-senior-official-gives-lecture-at-szes-faculty-of-law-and-political-sciences\/#primaryimage\"},\"datePublished\":\"2025-11-24T12:57:35+00:00\",\"dateModified\":\"2025-11-24T12:57:35+00:00\",\"author\":{\"@id\":\"https:\/\/alumni.sze.hu\/en\/#\/schema\/person\/e80038ffd588d77e7ccd9bee4a6e445c\"},\"breadcrumb\":{\"@id\":\"https:\/\/alumni.sze.hu\/en\/nato-defence-college-senior-official-gives-lecture-at-szes-faculty-of-law-and-political-sciences\/#breadcrumb\"},\"inLanguage\":\"hu\",\"potentialAction\":[{\"@type\":\"ReadAction\",\"target\":[\"https:\/\/alumni.sze.hu\/en\/nato-defence-college-senior-official-gives-lecture-at-szes-faculty-of-law-and-political-sciences\/\"]}]},{\"@type\":\"BreadcrumbList\",\"@id\":\"https:\/\/alumni.sze.hu\/en\/nato-defence-college-senior-official-gives-lecture-at-szes-faculty-of-law-and-political-sciences\/#breadcrumb\",\"itemListElement\":[{\"@type\":\"ListItem\",\"position\":1,\"name\":\"Homepage\",\"item\":\"https:\/\/alumni.sze.hu\/en\/\"},{\"@type\":\"ListItem\",\"position\":2,\"name\":\"NATO Defence College Senior Official Gives Lecture at SZE\\u2019s Faculty of Law and Political Sciences\"}]},{\"@type\":\"Person\",\"@id\":\"https:\/\/alumni.sze.hu\/en\/#\/schema\/person\/e80038ffd588d77e7ccd9bee4a6e445c\",\"name\":\"KUP\\u00d3-ZAJZON R\\u00e9ka\",\"image\":{\"@type\":\"ImageObject\",\"@id\":\"https:\/\/alumni.sze.hu\/en\/#personlogo\",\"inLanguage\":\"hu\",\"url\":\"https:\/\/secure.gravatar.com\/avatar\/1084379bc06970c176085757561a2c46a3ed600c0f54ee76511c6ded24d31c0d?s=96&d=mm&r=g\",\"contentUrl\":\"https:\/\/secure.gravatar.com\/avatar\/1084379bc06970c176085757561a2c46a3ed600c0f54ee76511c6ded24d31c0d?s=96&d=mm&r=g\",\"caption\":\"KUP\\u00d3-ZAJZON R\\u00e9ka\"},\"url\":\"https:\/\/alumni.sze.hu\/en\/author\/kupore\/\"}]}<\/script>\n<!-- \/ Yoast SEO plugin. -->","yoast_head_json":{"title":"NATO Defence College Senior Official Gives Lecture at SZE\u2019s Faculty of Law and Political Sciences - SZE Alumni \u2013 Sz\u00e9chenyi Istv\u00e1n Egyetem","robots":{"index":"index","follow":"follow","max-snippet":"max-snippet:-1","max-image-preview":"max-image-preview:large","max-video-preview":"max-video-preview:-1"},"canonical":"https:\/\/alumni.sze.hu\/en\/nato-defence-college-senior-official-gives-lecture-at-szes-faculty-of-law-and-political-sciences\/","og_locale":"hu_HU","og_type":"article","og_title":"NATO Defence College Senior Official Gives Lecture at SZE\u2019s Faculty of Law and Political Sciences - SZE Alumni \u2013 Sz\u00e9chenyi Istv\u00e1n Egyetem","og_description":"Created: 2025.11.24. 11:25 Brigadier General, Dr Ferenc Moln\u00e1r, a senior staff member of the NATO Defence College and honorary university professor at the Ludovika University of Public Service, recently presented ...","og_url":"https:\/\/alumni.sze.hu\/en\/nato-defence-college-senior-official-gives-lecture-at-szes-faculty-of-law-and-political-sciences\/","og_site_name":"SZE Alumni \u2013 Sz\u00e9chenyi Istv\u00e1n Egyetem","article_published_time":"2025-11-24T12:57:35+00:00","twitter_card":"summary_large_image","twitter_image":"https:\/\/alumni.sze.hu\/en\/wp-content\/uploads\/2025\/11\/NATO_Kep.webp","twitter_misc":{"Szerz\u0151:":"KUP\u00d3-ZAJZON R\u00e9ka","Becs\u00fclt olvas\u00e1si id\u0151":"5 perc"},"schema":{"@context":"https:\/\/schema.org","@graph":[{"@type":"WebSite","@id":"https:\/\/alumni.sze.hu\/en\/#website","url":"https:\/\/alumni.sze.hu\/en\/","name":"SZE Alumni \u2013 Sz\u00e9chenyi Istv\u00e1n Egyetem","description":"SZE Alumni \u2013 Sz\u00e9chenyi Istv\u00e1n Egyetem","potentialAction":[{"@type":"SearchAction","target":{"@type":"EntryPoint","urlTemplate":"https:\/\/alumni.sze.hu\/en\/?s={search_term_string}"},"query-input":"required name=search_term_string"}],"inLanguage":"hu"},{"@type":"ImageObject","@id":"https:\/\/alumni.sze.hu\/en\/nato-defence-college-senior-official-gives-lecture-at-szes-faculty-of-law-and-political-sciences\/#primaryimage","inLanguage":"hu","url":"https:\/\/alumni.sze.hu\/en\/wp-content\/uploads\/2025\/11\/NATO_Kep.webp","contentUrl":"https:\/\/alumni.sze.hu\/en\/wp-content\/uploads\/2025\/11\/NATO_Kep.webp","width":1622,"height":1080,"caption":"Brigadier General, Dr Ferenc Moln\u00e1r (third from the left in the front row) with representatives of Sz\u00e9chenyi Istv\u00e1n University at the building of the De\u00e1k Ferenc Faculty of Law and Political Sciences (Photo: M\u00e1t\u00e9 Dud\u00e1s)"},{"@type":"WebPage","@id":"https:\/\/alumni.sze.hu\/en\/nato-defence-college-senior-official-gives-lecture-at-szes-faculty-of-law-and-political-sciences\/#webpage","url":"https:\/\/alumni.sze.hu\/en\/nato-defence-college-senior-official-gives-lecture-at-szes-faculty-of-law-and-political-sciences\/","name":"NATO Defence College Senior Official Gives Lecture at SZE\u2019s Faculty of Law and Political Sciences - SZE Alumni \u2013 Sz\u00e9chenyi Istv\u00e1n Egyetem","isPartOf":{"@id":"https:\/\/alumni.sze.hu\/en\/#website"},"primaryImageOfPage":{"@id":"https:\/\/alumni.sze.hu\/en\/nato-defence-college-senior-official-gives-lecture-at-szes-faculty-of-law-and-political-sciences\/#primaryimage"},"datePublished":"2025-11-24T12:57:35+00:00","dateModified":"2025-11-24T12:57:35+00:00","author":{"@id":"https:\/\/alumni.sze.hu\/en\/#\/schema\/person\/e80038ffd588d77e7ccd9bee4a6e445c"},"breadcrumb":{"@id":"https:\/\/alumni.sze.hu\/en\/nato-defence-college-senior-official-gives-lecture-at-szes-faculty-of-law-and-political-sciences\/#breadcrumb"},"inLanguage":"hu","potentialAction":[{"@type":"ReadAction","target":["https:\/\/alumni.sze.hu\/en\/nato-defence-college-senior-official-gives-lecture-at-szes-faculty-of-law-and-political-sciences\/"]}]},{"@type":"BreadcrumbList","@id":"https:\/\/alumni.sze.hu\/en\/nato-defence-college-senior-official-gives-lecture-at-szes-faculty-of-law-and-political-sciences\/#breadcrumb","itemListElement":[{"@type":"ListItem","position":1,"name":"Homepage","item":"https:\/\/alumni.sze.hu\/en\/"},{"@type":"ListItem","position":2,"name":"NATO Defence College Senior Official Gives Lecture at SZE\u2019s Faculty of Law and Political Sciences"}]},{"@type":"Person","@id":"https:\/\/alumni.sze.hu\/en\/#\/schema\/person\/e80038ffd588d77e7ccd9bee4a6e445c","name":"KUP\u00d3-ZAJZON R\u00e9ka","image":{"@type":"ImageObject","@id":"https:\/\/alumni.sze.hu\/en\/#personlogo","inLanguage":"hu","url":"https:\/\/secure.gravatar.com\/avatar\/1084379bc06970c176085757561a2c46a3ed600c0f54ee76511c6ded24d31c0d?s=96&d=mm&r=g","contentUrl":"https:\/\/secure.gravatar.com\/avatar\/1084379bc06970c176085757561a2c46a3ed600c0f54ee76511c6ded24d31c0d?s=96&d=mm&r=g","caption":"KUP\u00d3-ZAJZON R\u00e9ka"},"url":"https:\/\/alumni.sze.hu\/en\/author\/kupore\/"}]}},"_links":{"self":[{"href":"https:\/\/alumni.sze.hu\/en\/wp-json\/wp\/v2\/posts\/9197","targetHints":{"allow":["GET"]}}],"collection":[{"href":"https:\/\/alumni.sze.hu\/en\/wp-json\/wp\/v2\/posts"}],"about":[{"href":"https:\/\/alumni.sze.hu\/en\/wp-json\/wp\/v2\/types\/post"}],"author":[{"embeddable":true,"href":"https:\/\/alumni.sze.hu\/en\/wp-json\/wp\/v2\/users\/22"}],"replies":[{"embeddable":true,"href":"https:\/\/alumni.sze.hu\/en\/wp-json\/wp\/v2\/comments?post=9197"}],"version-history":[{"count":1,"href":"https:\/\/alumni.sze.hu\/en\/wp-json\/wp\/v2\/posts\/9197\/revisions"}],"predecessor-version":[{"id":9199,"href":"https:\/\/alumni.sze.hu\/en\/wp-json\/wp\/v2\/posts\/9197\/revisions\/9199"}],"wp:featuredmedia":[{"embeddable":true,"href":"https:\/\/alumni.sze.hu\/en\/wp-json\/wp\/v2\/media\/9198"}],"wp:attachment":[{"href":"https:\/\/alumni.sze.hu\/en\/wp-json\/wp\/v2\/media?parent=9197"}],"wp:term":[{"taxonomy":"category","embeddable":true,"href":"https:\/\/alumni.sze.hu\/en\/wp-json\/wp\/v2\/categories?post=9197"},{"taxonomy":"post_tag","embeddable":true,"href":"https:\/\/alumni.sze.hu\/en\/wp-json\/wp\/v2\/tags?post=9197"}],"curies":[{"name":"wp","href":"https:\/\/api.w.org\/{rel}","templated":true}]}}