{"id":9086,"date":"2025-11-20T13:17:00","date_gmt":"2025-11-20T13:17:00","guid":{"rendered":"https:\/\/alumni.sze.hu\/en\/?p=9086"},"modified":"2025-11-20T13:17:01","modified_gmt":"2025-11-20T13:17:01","slug":"szes-design-students-present-work-at-top-european-design-exhibition","status":"publish","type":"post","link":"https:\/\/alumni.sze.hu\/en\/szes-design-students-present-work-at-top-european-design-exhibition\/","title":{"rendered":"SZE\u2019s Design Students Present Work at Top European Design Exhibition"},"content":{"rendered":"\n<p>Created: 2025.11.20. 10:48<\/p>\n\n\n\n<p><strong><em>The Design Campus Competence Centre and Sz\u00e9chenyi Istv\u00e1n University\u2019s Department of Design have jointly launched the initiative titled \u201cDO \u2014 Growing in Design\u201d, which provides a platform for talented young designers to showcase their work. As part of this programme, the University\u2019s design students recently presented an exciting exhibition at one of the continent\u2019s most significant design fairs and exhibitions: Blickfang Vienna 2025.<\/em><\/strong><\/p>\n\n\n\n<p>Sz\u00e9chenyi Istv\u00e1n University places great emphasis on nurturing talent, and the Design Campus Competence Centre (DCKK) and the Department of Design within the Faculty of Design and Performance Arts has now added a new element to this mission by launching their joint project titled \u201cDO \u2014 Growing in Design.\u201d<\/p>\n\n\n\n<p><em>\u201cDesign today is not only about objects but also about thinking, connection and development. This mindset drives our initiative. Our collaboration is both a professional partnership and the beginning of a new era, in which academic knowledge, research and the creative industries work together to strengthen their presence on both the national and international stage,\u201d<\/em>\u00a0said Andr\u00e1s Gosztom, Professional Director of the\u00a0<em>DCKK<\/em>. Kriszti\u00e1n Pal\u00f3cz, Head of the Department of Industrial Design, added that the name \u201cDO\u201d draws inspiration from Gy\u0151r\u2019s industrial heritage and symbolises an active design approach \u2013 an attitude in which form, concept and collaboration form an inseparable unity.\u00a0<em>\u201cThe project made its debut at the Blickfang Vienna 2025 exhibition, which is a milestone, as this event is one of Europe\u2019s best-known design fairs and exhibitions,\u201d<\/em>\u00a0he emphasised.<\/p>\n\n\n<div class=\"wp-block-image\">\n<figure class=\"aligncenter size-large\"><img loading=\"lazy\" decoding=\"async\" width=\"1024\" height=\"683\" src=\"https:\/\/alumni.sze.hu\/en\/wp-content\/uploads\/2025\/11\/Kep1-2-1024x683.webp\" alt=\"\" class=\"wp-image-9087\" srcset=\"https:\/\/alumni.sze.hu\/en\/wp-content\/uploads\/2025\/11\/Kep1-2-1024x683.webp 1024w, https:\/\/alumni.sze.hu\/en\/wp-content\/uploads\/2025\/11\/Kep1-2-300x200.webp 300w, https:\/\/alumni.sze.hu\/en\/wp-content\/uploads\/2025\/11\/Kep1-2-768x512.webp 768w, https:\/\/alumni.sze.hu\/en\/wp-content\/uploads\/2025\/11\/Kep1-2-1536x1024.webp 1536w, https:\/\/alumni.sze.hu\/en\/wp-content\/uploads\/2025\/11\/Kep1-2-18x12.webp 18w, https:\/\/alumni.sze.hu\/en\/wp-content\/uploads\/2025\/11\/Kep1-2.webp 1620w\" sizes=\"auto, (max-width: 1024px) 100vw, 1024px\" \/><figcaption class=\"wp-element-caption\">The Design Campus Competence Centre and the Department of Design at Sz\u00e9chenyi Istv\u00e1n University launched their joint project \u201cDO \u2014 Growing in Design\u201d, which recently made its debut at the Blickfang Vienna 2025 design exhibition.<\/figcaption><\/figure>\n<\/div>\n\n\n<p><\/p>\n\n\n\n<p>For more than thirty years, Blickfang has provided space for various branches of contemporary design, where visitors can meet designers, creators and brands directly. The focus lies on authenticity, quality and unique ideas \u2013 the same human-centred approach represented by the Gy\u0151r-based initiative. The professional programme also provides opportunities for young designers to introduce themselves.&nbsp;<em>\u201cCreators with fresh perspectives and bold ideas are given a platform to reflect on the questions of the present. Their work demonstrates that design is not merely a matter of style, but also of thought and responsibility,\u201d<\/em>&nbsp;explained Andr\u00e1s Gosztom.<\/p>\n\n\n\n<p>Kriszti\u00e1n Pal\u00f3cz confirmed that this joint appearance sends a clear message.&nbsp;<em>\u201cThe future lies in openness, collaboration and international dialogue,\u201d<\/em>&nbsp;he emphasised.&nbsp;<em>\u201cBlickfang Vienna 2025 is only the first step in this journey, but it is already clear that DO is not only a brand, but a way of thinking: design is shared work, a shared path and shared responsibility.\u201d<\/em><\/p>\n\n\n\n<p><strong>Exhibiting Design Students<\/strong><\/p>\n\n\n\n<p>Vir\u00e1g \u00c1brah\u00e1m, Panna B\u00edr\u00f3, Bence Czibik, Boldizs\u00e1r Farkas, Gerg\u0151 Gerencs\u00e9r, Korn\u00e9lia Gy\u00f6keres, Katalin H\u00e1ntai, Jiang Hongji, Eszter Kiss, Tam\u00e1s Koncz, Kinga Kov\u00e1ts, Levente Mosolyg\u00f3, Borisz Papp, Bal\u00e1zs Rov\u00f3, Vanda R\u00f3bert, Gr\u00e9ta Szab\u00f3, Bogl\u00e1rka Zs\u00e9dely<\/p>\n\n\n\n<p><strong>Consultants<\/strong><\/p>\n\n\n\n<p>Lehel Juhos, Dr Daniella Ko\u00f3s, Dr Imre Leps\u00e9nyi, \u00c1d\u00e1m Mikl\u00f3si, Anita Monori, Dr Kriszti\u00e1n Pal\u00f3cz, Zsolt T\u00e1rnok, Judit T\u00f3th<\/p>\n","protected":false},"excerpt":{"rendered":"<p>Created: 2025.11.20. 10:48 The Design Campus Competence Centre and Sz\u00e9chenyi Istv\u00e1n University\u2019s Department of Design have jointly launched the initiative titled \u201cDO \u2014 Growing in Design\u201d, which provides a platform &#8230;<\/p>\n","protected":false},"author":22,"featured_media":9087,"comment_status":"closed","ping_status":"open","sticky":false,"template":"","format":"standard","meta":{"footnotes":""},"categories":[24],"tags":[],"class_list":["post-9086","post","type-post","status-publish","format-standard","has-post-thumbnail","hentry","category-news"],"yoast_head":"<!-- This site is optimized with the Yoast SEO plugin v17.8 - https:\/\/yoast.com\/wordpress\/plugins\/seo\/ -->\n<title>SZE\u2019s Design Students Present Work at Top European Design Exhibition - SZE Alumni \u2013 Sz\u00e9chenyi Istv\u00e1n Egyetem<\/title>\n<meta name=\"robots\" content=\"index, follow, max-snippet:-1, max-image-preview:large, max-video-preview:-1\" \/>\n<link rel=\"canonical\" href=\"https:\/\/alumni.sze.hu\/en\/szes-design-students-present-work-at-top-european-design-exhibition\/\" \/>\n<meta property=\"og:locale\" content=\"hu_HU\" \/>\n<meta property=\"og:type\" content=\"article\" \/>\n<meta property=\"og:title\" content=\"SZE\u2019s Design Students Present Work at Top European Design Exhibition - SZE Alumni \u2013 Sz\u00e9chenyi Istv\u00e1n Egyetem\" \/>\n<meta property=\"og:description\" content=\"Created: 2025.11.20. 10:48 The Design Campus Competence Centre and Sz\u00e9chenyi Istv\u00e1n University\u2019s Department of Design have jointly launched the initiative titled \u201cDO \u2014 Growing in Design\u201d, which provides a platform ...\" \/>\n<meta property=\"og:url\" content=\"https:\/\/alumni.sze.hu\/en\/szes-design-students-present-work-at-top-european-design-exhibition\/\" \/>\n<meta property=\"og:site_name\" content=\"SZE Alumni \u2013 Sz\u00e9chenyi Istv\u00e1n Egyetem\" \/>\n<meta property=\"article:published_time\" content=\"2025-11-20T13:17:00+00:00\" \/>\n<meta property=\"article:modified_time\" content=\"2025-11-20T13:17:01+00:00\" \/>\n<meta name=\"twitter:card\" content=\"summary_large_image\" \/>\n<meta name=\"twitter:image\" content=\"https:\/\/alumni.sze.hu\/en\/wp-content\/uploads\/2025\/11\/Kep1-2.webp\" \/>\n<meta name=\"twitter:label1\" content=\"Szerz\u0151:\" \/>\n\t<meta name=\"twitter:data1\" content=\"KUP\u00d3-ZAJZON R\u00e9ka\" \/>\n\t<meta name=\"twitter:label2\" content=\"Becs\u00fclt olvas\u00e1si id\u0151\" \/>\n\t<meta name=\"twitter:data2\" content=\"3 perc\" \/>\n<script type=\"application\/ld+json\" class=\"yoast-schema-graph\">{\"@context\":\"https:\/\/schema.org\",\"@graph\":[{\"@type\":\"WebSite\",\"@id\":\"https:\/\/alumni.sze.hu\/en\/#website\",\"url\":\"https:\/\/alumni.sze.hu\/en\/\",\"name\":\"SZE Alumni \\u2013 Sz\\u00e9chenyi Istv\\u00e1n Egyetem\",\"description\":\"SZE Alumni \\u2013 Sz\\u00e9chenyi Istv\\u00e1n Egyetem\",\"potentialAction\":[{\"@type\":\"SearchAction\",\"target\":{\"@type\":\"EntryPoint\",\"urlTemplate\":\"https:\/\/alumni.sze.hu\/en\/?s={search_term_string}\"},\"query-input\":\"required name=search_term_string\"}],\"inLanguage\":\"hu\"},{\"@type\":\"ImageObject\",\"@id\":\"https:\/\/alumni.sze.hu\/en\/szes-design-students-present-work-at-top-european-design-exhibition\/#primaryimage\",\"inLanguage\":\"hu\",\"url\":\"https:\/\/alumni.sze.hu\/en\/wp-content\/uploads\/2025\/11\/Kep1-2.webp\",\"contentUrl\":\"https:\/\/alumni.sze.hu\/en\/wp-content\/uploads\/2025\/11\/Kep1-2.webp\",\"width\":1620,\"height\":1080,\"caption\":\"The Design Campus Competence Centre and the Department of Design at Sz\\u00e9chenyi Istv\\u00e1n University launched their joint project \\u201cDO \\u2014 Growing in Design\\u201d, which recently made its debut at the Blickfang Vienna 2025 design exhibition.\"},{\"@type\":\"WebPage\",\"@id\":\"https:\/\/alumni.sze.hu\/en\/szes-design-students-present-work-at-top-european-design-exhibition\/#webpage\",\"url\":\"https:\/\/alumni.sze.hu\/en\/szes-design-students-present-work-at-top-european-design-exhibition\/\",\"name\":\"SZE\\u2019s Design Students Present Work at Top European Design Exhibition - SZE Alumni \\u2013 Sz\\u00e9chenyi Istv\\u00e1n Egyetem\",\"isPartOf\":{\"@id\":\"https:\/\/alumni.sze.hu\/en\/#website\"},\"primaryImageOfPage\":{\"@id\":\"https:\/\/alumni.sze.hu\/en\/szes-design-students-present-work-at-top-european-design-exhibition\/#primaryimage\"},\"datePublished\":\"2025-11-20T13:17:00+00:00\",\"dateModified\":\"2025-11-20T13:17:01+00:00\",\"author\":{\"@id\":\"https:\/\/alumni.sze.hu\/en\/#\/schema\/person\/e80038ffd588d77e7ccd9bee4a6e445c\"},\"breadcrumb\":{\"@id\":\"https:\/\/alumni.sze.hu\/en\/szes-design-students-present-work-at-top-european-design-exhibition\/#breadcrumb\"},\"inLanguage\":\"hu\",\"potentialAction\":[{\"@type\":\"ReadAction\",\"target\":[\"https:\/\/alumni.sze.hu\/en\/szes-design-students-present-work-at-top-european-design-exhibition\/\"]}]},{\"@type\":\"BreadcrumbList\",\"@id\":\"https:\/\/alumni.sze.hu\/en\/szes-design-students-present-work-at-top-european-design-exhibition\/#breadcrumb\",\"itemListElement\":[{\"@type\":\"ListItem\",\"position\":1,\"name\":\"Homepage\",\"item\":\"https:\/\/alumni.sze.hu\/en\/\"},{\"@type\":\"ListItem\",\"position\":2,\"name\":\"SZE\\u2019s Design Students Present Work at Top European Design Exhibition\"}]},{\"@type\":\"Person\",\"@id\":\"https:\/\/alumni.sze.hu\/en\/#\/schema\/person\/e80038ffd588d77e7ccd9bee4a6e445c\",\"name\":\"KUP\\u00d3-ZAJZON R\\u00e9ka\",\"image\":{\"@type\":\"ImageObject\",\"@id\":\"https:\/\/alumni.sze.hu\/en\/#personlogo\",\"inLanguage\":\"hu\",\"url\":\"https:\/\/secure.gravatar.com\/avatar\/1084379bc06970c176085757561a2c46a3ed600c0f54ee76511c6ded24d31c0d?s=96&d=mm&r=g\",\"contentUrl\":\"https:\/\/secure.gravatar.com\/avatar\/1084379bc06970c176085757561a2c46a3ed600c0f54ee76511c6ded24d31c0d?s=96&d=mm&r=g\",\"caption\":\"KUP\\u00d3-ZAJZON R\\u00e9ka\"},\"url\":\"https:\/\/alumni.sze.hu\/en\/author\/kupore\/\"}]}<\/script>\n<!-- \/ Yoast SEO plugin. -->","yoast_head_json":{"title":"SZE\u2019s Design Students Present Work at Top European Design Exhibition - SZE Alumni \u2013 Sz\u00e9chenyi Istv\u00e1n Egyetem","robots":{"index":"index","follow":"follow","max-snippet":"max-snippet:-1","max-image-preview":"max-image-preview:large","max-video-preview":"max-video-preview:-1"},"canonical":"https:\/\/alumni.sze.hu\/en\/szes-design-students-present-work-at-top-european-design-exhibition\/","og_locale":"hu_HU","og_type":"article","og_title":"SZE\u2019s Design Students Present Work at Top European Design Exhibition - SZE Alumni \u2013 Sz\u00e9chenyi Istv\u00e1n Egyetem","og_description":"Created: 2025.11.20. 10:48 The Design Campus Competence Centre and Sz\u00e9chenyi Istv\u00e1n University\u2019s Department of Design have jointly launched the initiative titled \u201cDO \u2014 Growing in Design\u201d, which provides a platform ...","og_url":"https:\/\/alumni.sze.hu\/en\/szes-design-students-present-work-at-top-european-design-exhibition\/","og_site_name":"SZE Alumni \u2013 Sz\u00e9chenyi Istv\u00e1n Egyetem","article_published_time":"2025-11-20T13:17:00+00:00","article_modified_time":"2025-11-20T13:17:01+00:00","twitter_card":"summary_large_image","twitter_image":"https:\/\/alumni.sze.hu\/en\/wp-content\/uploads\/2025\/11\/Kep1-2.webp","twitter_misc":{"Szerz\u0151:":"KUP\u00d3-ZAJZON R\u00e9ka","Becs\u00fclt olvas\u00e1si id\u0151":"3 perc"},"schema":{"@context":"https:\/\/schema.org","@graph":[{"@type":"WebSite","@id":"https:\/\/alumni.sze.hu\/en\/#website","url":"https:\/\/alumni.sze.hu\/en\/","name":"SZE Alumni \u2013 Sz\u00e9chenyi Istv\u00e1n Egyetem","description":"SZE Alumni \u2013 Sz\u00e9chenyi Istv\u00e1n Egyetem","potentialAction":[{"@type":"SearchAction","target":{"@type":"EntryPoint","urlTemplate":"https:\/\/alumni.sze.hu\/en\/?s={search_term_string}"},"query-input":"required name=search_term_string"}],"inLanguage":"hu"},{"@type":"ImageObject","@id":"https:\/\/alumni.sze.hu\/en\/szes-design-students-present-work-at-top-european-design-exhibition\/#primaryimage","inLanguage":"hu","url":"https:\/\/alumni.sze.hu\/en\/wp-content\/uploads\/2025\/11\/Kep1-2.webp","contentUrl":"https:\/\/alumni.sze.hu\/en\/wp-content\/uploads\/2025\/11\/Kep1-2.webp","width":1620,"height":1080,"caption":"The Design Campus Competence Centre and the Department of Design at Sz\u00e9chenyi Istv\u00e1n University launched their joint project \u201cDO \u2014 Growing in Design\u201d, which recently made its debut at the Blickfang Vienna 2025 design exhibition."},{"@type":"WebPage","@id":"https:\/\/alumni.sze.hu\/en\/szes-design-students-present-work-at-top-european-design-exhibition\/#webpage","url":"https:\/\/alumni.sze.hu\/en\/szes-design-students-present-work-at-top-european-design-exhibition\/","name":"SZE\u2019s Design Students Present Work at Top European Design Exhibition - SZE Alumni \u2013 Sz\u00e9chenyi Istv\u00e1n Egyetem","isPartOf":{"@id":"https:\/\/alumni.sze.hu\/en\/#website"},"primaryImageOfPage":{"@id":"https:\/\/alumni.sze.hu\/en\/szes-design-students-present-work-at-top-european-design-exhibition\/#primaryimage"},"datePublished":"2025-11-20T13:17:00+00:00","dateModified":"2025-11-20T13:17:01+00:00","author":{"@id":"https:\/\/alumni.sze.hu\/en\/#\/schema\/person\/e80038ffd588d77e7ccd9bee4a6e445c"},"breadcrumb":{"@id":"https:\/\/alumni.sze.hu\/en\/szes-design-students-present-work-at-top-european-design-exhibition\/#breadcrumb"},"inLanguage":"hu","potentialAction":[{"@type":"ReadAction","target":["https:\/\/alumni.sze.hu\/en\/szes-design-students-present-work-at-top-european-design-exhibition\/"]}]},{"@type":"BreadcrumbList","@id":"https:\/\/alumni.sze.hu\/en\/szes-design-students-present-work-at-top-european-design-exhibition\/#breadcrumb","itemListElement":[{"@type":"ListItem","position":1,"name":"Homepage","item":"https:\/\/alumni.sze.hu\/en\/"},{"@type":"ListItem","position":2,"name":"SZE\u2019s Design Students Present Work at Top European Design Exhibition"}]},{"@type":"Person","@id":"https:\/\/alumni.sze.hu\/en\/#\/schema\/person\/e80038ffd588d77e7ccd9bee4a6e445c","name":"KUP\u00d3-ZAJZON R\u00e9ka","image":{"@type":"ImageObject","@id":"https:\/\/alumni.sze.hu\/en\/#personlogo","inLanguage":"hu","url":"https:\/\/secure.gravatar.com\/avatar\/1084379bc06970c176085757561a2c46a3ed600c0f54ee76511c6ded24d31c0d?s=96&d=mm&r=g","contentUrl":"https:\/\/secure.gravatar.com\/avatar\/1084379bc06970c176085757561a2c46a3ed600c0f54ee76511c6ded24d31c0d?s=96&d=mm&r=g","caption":"KUP\u00d3-ZAJZON R\u00e9ka"},"url":"https:\/\/alumni.sze.hu\/en\/author\/kupore\/"}]}},"_links":{"self":[{"href":"https:\/\/alumni.sze.hu\/en\/wp-json\/wp\/v2\/posts\/9086","targetHints":{"allow":["GET"]}}],"collection":[{"href":"https:\/\/alumni.sze.hu\/en\/wp-json\/wp\/v2\/posts"}],"about":[{"href":"https:\/\/alumni.sze.hu\/en\/wp-json\/wp\/v2\/types\/post"}],"author":[{"embeddable":true,"href":"https:\/\/alumni.sze.hu\/en\/wp-json\/wp\/v2\/users\/22"}],"replies":[{"embeddable":true,"href":"https:\/\/alumni.sze.hu\/en\/wp-json\/wp\/v2\/comments?post=9086"}],"version-history":[{"count":1,"href":"https:\/\/alumni.sze.hu\/en\/wp-json\/wp\/v2\/posts\/9086\/revisions"}],"predecessor-version":[{"id":9088,"href":"https:\/\/alumni.sze.hu\/en\/wp-json\/wp\/v2\/posts\/9086\/revisions\/9088"}],"wp:featuredmedia":[{"embeddable":true,"href":"https:\/\/alumni.sze.hu\/en\/wp-json\/wp\/v2\/media\/9087"}],"wp:attachment":[{"href":"https:\/\/alumni.sze.hu\/en\/wp-json\/wp\/v2\/media?parent=9086"}],"wp:term":[{"taxonomy":"category","embeddable":true,"href":"https:\/\/alumni.sze.hu\/en\/wp-json\/wp\/v2\/categories?post=9086"},{"taxonomy":"post_tag","embeddable":true,"href":"https:\/\/alumni.sze.hu\/en\/wp-json\/wp\/v2\/tags?post=9086"}],"curies":[{"name":"wp","href":"https:\/\/api.w.org\/{rel}","templated":true}]}}