{"id":9081,"date":"2025-11-19T13:00:32","date_gmt":"2025-11-19T13:00:32","guid":{"rendered":"https:\/\/alumni.sze.hu\/en\/?p=9081"},"modified":"2025-11-19T13:00:32","modified_gmt":"2025-11-19T13:00:32","slug":"environmental-protection-sustainability-at-szes-40th-ovar-scientific-day","status":"publish","type":"post","link":"https:\/\/alumni.sze.hu\/en\/environmental-protection-sustainability-at-szes-40th-ovar-scientific-day\/","title":{"rendered":"Environmental protection &amp; sustainability at SZE\u2019s 40th \u00d3v\u00e1r Scientific Day"},"content":{"rendered":"\n<p>Created: 2025.11.19. 10:18<\/p>\n\n\n\n<p><strong>The 40th Mosonmagyar\u00f3v\u00e1r Scientific Day, held at the Albert K\u00e1zm\u00e9r Faculty of Agricultural and Food Sciences at Sz\u00e9chenyi Istv\u00e1n University with the participation of nearly three hundred professionals, examined the relationship between the European Union\u2019s Green Deal and the agricultural sector. Running parallel with the international conference was the Digital Agricultural Navigator professional exhibition and workshop, built around a similar central theme. Both events were held under the slogan:&nbsp;<em>\u201cGreen Deal and agriculture: sustainability or competitive advantage?\u201d<\/em><\/strong><\/p>\n\n\n\n<p>The 40th Mosonmagyar\u00f3v\u00e1r Scientific Day International Conference was organised in recent days as a joint effort of the Albert K\u00e1zm\u00e9r Faculty of Agricultural and Food Sciences of Sz\u00e9chenyi Istv\u00e1n University, the Animal Science Committee of the Hungarian Academy of Sciences (MTA), and the Agricultural Science Subcommittee of the MTA Veszpr\u00e9m Regional Committee. The event addressed key issues relating to the relationship between the European Union\u2019s Green Deal and the agricultural sector, within the context of sustainability and competitiveness.<\/p>\n\n\n<div class=\"wp-block-image\">\n<figure class=\"aligncenter size-large\"><img loading=\"lazy\" decoding=\"async\" width=\"1024\" height=\"683\" src=\"https:\/\/alumni.sze.hu\/en\/wp-content\/uploads\/2025\/11\/otn_kep1-1024x683.webp\" alt=\"\" class=\"wp-image-9082\" srcset=\"https:\/\/alumni.sze.hu\/en\/wp-content\/uploads\/2025\/11\/otn_kep1-1024x683.webp 1024w, https:\/\/alumni.sze.hu\/en\/wp-content\/uploads\/2025\/11\/otn_kep1-300x200.webp 300w, https:\/\/alumni.sze.hu\/en\/wp-content\/uploads\/2025\/11\/otn_kep1-768x512.webp 768w, https:\/\/alumni.sze.hu\/en\/wp-content\/uploads\/2025\/11\/otn_kep1-1536x1024.webp 1536w, https:\/\/alumni.sze.hu\/en\/wp-content\/uploads\/2025\/11\/otn_kep1-18x12.webp 18w, https:\/\/alumni.sze.hu\/en\/wp-content\/uploads\/2025\/11\/otn_kep1.webp 1620w\" sizes=\"auto, (max-width: 1024px) 100vw, 1024px\" \/><figcaption class=\"wp-element-caption\">The 40th Mosonmagyar\u00f3v\u00e1r Scientific Day International Conference was held at Sz\u00e9chenyi Istv\u00e1n University with several hundred participants. (Photo: Andr\u00e1s Adorj\u00e1n)<\/figcaption><\/figure>\n<\/div>\n\n\n<p><\/p>\n\n\n\n<p>Research Professor and Dean of the Albert K\u00e1zm\u00e9r Faculty of Agricultural and Food Sciences, Dr Tam\u00e1s T\u00f3th, explained that the Green Deal is transforming the agricultural sector, creating\u00a0new challenges and opportunities for farmers, food industry operators and rural economies. \u201c<em>Sustainable production models and innovative technologies serve not only the cause of environmental protection, but can also offer long-term competitive advantages for market players. The aim of the conference was to explore, from a multidisciplinary perspective, how sustainability goals can be achieved while maintaining the competitiveness of the agricultural sector,\u201d<\/em>\u00a0he said.<\/p>\n\n\n<div class=\"wp-block-image\">\n<figure class=\"aligncenter size-large\"><img loading=\"lazy\" decoding=\"async\" width=\"1024\" height=\"683\" src=\"https:\/\/alumni.sze.hu\/en\/wp-content\/uploads\/2025\/11\/otn_kep2-1024x683.webp\" alt=\"\" class=\"wp-image-9083\" srcset=\"https:\/\/alumni.sze.hu\/en\/wp-content\/uploads\/2025\/11\/otn_kep2-1024x683.webp 1024w, https:\/\/alumni.sze.hu\/en\/wp-content\/uploads\/2025\/11\/otn_kep2-300x200.webp 300w, https:\/\/alumni.sze.hu\/en\/wp-content\/uploads\/2025\/11\/otn_kep2-768x512.webp 768w, https:\/\/alumni.sze.hu\/en\/wp-content\/uploads\/2025\/11\/otn_kep2-1536x1024.webp 1536w, https:\/\/alumni.sze.hu\/en\/wp-content\/uploads\/2025\/11\/otn_kep2-18x12.webp 18w, https:\/\/alumni.sze.hu\/en\/wp-content\/uploads\/2025\/11\/otn_kep2.webp 1620w\" sizes=\"auto, (max-width: 1024px) 100vw, 1024px\" \/><figcaption class=\"wp-element-caption\">Dr Tam\u00e1s T\u00f3th, Dean of the Albert K\u00e1zm\u00e9r Faculty of Agricultural and Food Sciences, with the plenary session speakers: Dr P\u00e9ter S\u00f3tonyi, Rector of the University of Veterinary Medicine; Dr Katalin Ga\u00e1l Kov\u00e1csn\u00e9, Professor Emerita of Sz\u00e9chenyi Istv\u00e1n University; academic Dr J\u00f3zsef Popp; and Dr Andrea Rosati, Secretary General of the European Federation of Animal Science (EAAP) (Photo: Andr\u00e1s Adorj\u00e1n)<\/figcaption><\/figure>\n<\/div>\n\n\n<p><\/p>\n\n\n\n<p>Within the framework of the professional presentations, participants gained insight into the latest trends in sustainable agriculture, the role of digitalisation, and the perspectives of rural development. Following the four plenary lectures, a total of 132 presentations and 47 poster sessions were delivered across the conference\u2019s ten sections, featuring experts from institutions primarily related to Hungarian and international agricultural, food, veterinary, economic and engineering sciences.<\/p>\n\n\n\n<p>The Faculty in Mosonmagyar\u00f3v\u00e1r, together with the Agricultural Alumni Association, organised the Digital Agricultural Navigator professional exhibition and workshop alongside the conference. Nearly 50 exhibitors participated, including major companies and organisations of the Hungarian agricultural sector. The event sought to answer how sustainability in agriculture can become not only an obligation but\u2014through digital technologies and innovations\u2014a true competitive advantage. A key focus was ensuring that the future generations of young agricultural professionals become familiar with and capable of applying solutions based on digitalisation and precision farming. Through interactive educational programmes, secondary school and university students were also able to gain an insight into the world of agricultural innovation.<\/p>\n\n\n<div class=\"wp-block-image\">\n<figure class=\"aligncenter size-large\"><img loading=\"lazy\" decoding=\"async\" width=\"1024\" height=\"683\" src=\"https:\/\/alumni.sze.hu\/en\/wp-content\/uploads\/2025\/11\/otn_kep3-1024x683.webp\" alt=\"\" class=\"wp-image-9084\" srcset=\"https:\/\/alumni.sze.hu\/en\/wp-content\/uploads\/2025\/11\/otn_kep3-1024x683.webp 1024w, https:\/\/alumni.sze.hu\/en\/wp-content\/uploads\/2025\/11\/otn_kep3-300x200.webp 300w, https:\/\/alumni.sze.hu\/en\/wp-content\/uploads\/2025\/11\/otn_kep3-768x512.webp 768w, https:\/\/alumni.sze.hu\/en\/wp-content\/uploads\/2025\/11\/otn_kep3-1536x1024.webp 1536w, https:\/\/alumni.sze.hu\/en\/wp-content\/uploads\/2025\/11\/otn_kep3-18x12.webp 18w, https:\/\/alumni.sze.hu\/en\/wp-content\/uploads\/2025\/11\/otn_kep3.webp 1620w\" sizes=\"auto, (max-width: 1024px) 100vw, 1024px\" \/><figcaption class=\"wp-element-caption\">The Digital Agricultural Navigator attracted significant interest at Sz\u00e9chenyi University (Photo: Andr\u00e1s Adorj\u00e1n)<\/figcaption><\/figure>\n<\/div>\n\n\n<p><\/p>\n\n\n\n<p><em>\u201cThis is my first time at the Agricultural Navigator, and I have gained very positive experiences. I am particularly interested in practical opportunities and job prospects. I am mainly focusing on the fields of animal breeding and feeding, as I would like to work in cattle reproduction biology in the future,\u201d<\/em>&nbsp;said R\u00e9ka Vask\u00f3, a second-year Animal Husbandry Engineering student, at the event.<\/p>\n\n\n\n<figure class=\"wp-block-image\"><img decoding=\"async\" src=\"https:\/\/static.wixstatic.com\/media\/7f5c56_71eabfc426744dd38e14c694bc072919~mv2.jpg\/v1\/fill\/w_925,h_616,al_c,q_85,usm_0.66_1.00_0.01,enc_avif,quality_auto\/7f5c56_71eabfc426744dd38e14c694bc072919~mv2.jpg\" alt=\"R\u00e9ka Vask\u00f3, a second-year Animal Husbandry Engineering student, was interested in the open professional positions at the event (Photo: Andr\u00e1s Adorj\u00e1n)\" title=\"R\u00e9ka Vask\u00f3, a second-year Animal Husbandry Engineering student, was interested in the open professional positions at the event (Photo: Andr\u00e1s Adorj\u00e1n)\"\/><\/figure>\n\n\n\n<p class=\"has-text-align-center\"><em>R\u00e9ka Vask\u00f3, a second-year Animal Husbandry Engineering student, was interested in the open professional positions at the event (Photo: Andr\u00e1s Adorj\u00e1n)<\/em><\/p>\n\n\n\n<p>Laura J\u00e1n\u00f3 began her Agricultural Engineering studies this year.&nbsp;<em>\u201cI find the event extremely useful, as it provides an opportunity to learn about the companies active in the agricultural sector and the latest technological developments. It is important for us, even as students, to meet representatives of the profession and see the directions in which agriculture is developing,\u201d<\/em>&nbsp;she explained. She added that she is most interested in crop production, especially in how modern technology can be utilised to achieve more efficient and sustainable production.<\/p>\n\n\n\n<figure class=\"wp-block-image\"><img decoding=\"async\" src=\"https:\/\/static.wixstatic.com\/media\/7f5c56_8e2f2de8a3de4e0483fac3ab634ffb88~mv2.jpg\/v1\/fill\/w_925,h_616,al_c,q_85,usm_0.66_1.00_0.01,enc_avif,quality_auto\/7f5c56_8e2f2de8a3de4e0483fac3ab634ffb88~mv2.jpg\" alt=\"Laura J\u00e1n\u00f3, a first-year Agricultural Engineering student, visited the exhibitors related to crop production (Photo: Andr\u00e1s Adorj\u00e1n)\" title=\"Laura J\u00e1n\u00f3, a first-year Agricultural Engineering student, visited the exhibitors related to crop production (Photo: Andr\u00e1s Adorj\u00e1n)\"\/><\/figure>\n\n\n\n<p class=\"has-text-align-center\"><em>Laura J\u00e1n\u00f3, a first-year Agricultural Engineering student, visited the exhibitors related to crop production (Photo: Andr\u00e1s Adorj\u00e1n)<\/em><\/p>\n","protected":false},"excerpt":{"rendered":"<p>Created: 2025.11.19. 10:18 The 40th Mosonmagyar\u00f3v\u00e1r Scientific Day, held at the Albert K\u00e1zm\u00e9r Faculty of Agricultural and Food Sciences at Sz\u00e9chenyi Istv\u00e1n University with the participation of nearly three hundred &#8230;<\/p>\n","protected":false},"author":22,"featured_media":9084,"comment_status":"closed","ping_status":"open","sticky":false,"template":"","format":"standard","meta":{"footnotes":""},"categories":[24],"tags":[],"class_list":["post-9081","post","type-post","status-publish","format-standard","has-post-thumbnail","hentry","category-news"],"yoast_head":"<!-- This site is optimized with the Yoast SEO plugin v17.8 - https:\/\/yoast.com\/wordpress\/plugins\/seo\/ -->\n<title>Environmental protection &amp; sustainability at SZE\u2019s 40th \u00d3v\u00e1r Scientific Day - SZE Alumni \u2013 Sz\u00e9chenyi Istv\u00e1n Egyetem<\/title>\n<meta name=\"robots\" content=\"index, follow, max-snippet:-1, max-image-preview:large, max-video-preview:-1\" \/>\n<link rel=\"canonical\" href=\"https:\/\/alumni.sze.hu\/en\/environmental-protection-sustainability-at-szes-40th-ovar-scientific-day\/\" \/>\n<meta property=\"og:locale\" content=\"hu_HU\" \/>\n<meta property=\"og:type\" content=\"article\" \/>\n<meta property=\"og:title\" content=\"Environmental protection &amp; sustainability at SZE\u2019s 40th \u00d3v\u00e1r Scientific Day - SZE Alumni \u2013 Sz\u00e9chenyi Istv\u00e1n Egyetem\" \/>\n<meta property=\"og:description\" content=\"Created: 2025.11.19. 10:18 The 40th Mosonmagyar\u00f3v\u00e1r Scientific Day, held at the Albert K\u00e1zm\u00e9r Faculty of Agricultural and Food Sciences at Sz\u00e9chenyi Istv\u00e1n University with the participation of nearly three hundred ...\" \/>\n<meta property=\"og:url\" content=\"https:\/\/alumni.sze.hu\/en\/environmental-protection-sustainability-at-szes-40th-ovar-scientific-day\/\" \/>\n<meta property=\"og:site_name\" content=\"SZE Alumni \u2013 Sz\u00e9chenyi Istv\u00e1n Egyetem\" \/>\n<meta property=\"article:published_time\" content=\"2025-11-19T13:00:32+00:00\" \/>\n<meta name=\"twitter:card\" content=\"summary_large_image\" \/>\n<meta name=\"twitter:image\" content=\"https:\/\/alumni.sze.hu\/en\/wp-content\/uploads\/2025\/11\/otn_kep3.webp\" \/>\n<meta name=\"twitter:label1\" content=\"Szerz\u0151:\" \/>\n\t<meta name=\"twitter:data1\" content=\"KUP\u00d3-ZAJZON R\u00e9ka\" \/>\n\t<meta name=\"twitter:label2\" content=\"Becs\u00fclt olvas\u00e1si id\u0151\" \/>\n\t<meta name=\"twitter:data2\" content=\"4 perc\" \/>\n<script type=\"application\/ld+json\" class=\"yoast-schema-graph\">{\"@context\":\"https:\/\/schema.org\",\"@graph\":[{\"@type\":\"WebSite\",\"@id\":\"https:\/\/alumni.sze.hu\/en\/#website\",\"url\":\"https:\/\/alumni.sze.hu\/en\/\",\"name\":\"SZE Alumni \\u2013 Sz\\u00e9chenyi Istv\\u00e1n Egyetem\",\"description\":\"SZE Alumni \\u2013 Sz\\u00e9chenyi Istv\\u00e1n Egyetem\",\"potentialAction\":[{\"@type\":\"SearchAction\",\"target\":{\"@type\":\"EntryPoint\",\"urlTemplate\":\"https:\/\/alumni.sze.hu\/en\/?s={search_term_string}\"},\"query-input\":\"required name=search_term_string\"}],\"inLanguage\":\"hu\"},{\"@type\":\"ImageObject\",\"@id\":\"https:\/\/alumni.sze.hu\/en\/environmental-protection-sustainability-at-szes-40th-ovar-scientific-day\/#primaryimage\",\"inLanguage\":\"hu\",\"url\":\"https:\/\/alumni.sze.hu\/en\/wp-content\/uploads\/2025\/11\/otn_kep3.webp\",\"contentUrl\":\"https:\/\/alumni.sze.hu\/en\/wp-content\/uploads\/2025\/11\/otn_kep3.webp\",\"width\":1620,\"height\":1080,\"caption\":\"The Digital Agricultural Navigator attracted significant interest at Sz\\u00e9chenyi University (Photo: Andr\\u00e1s Adorj\\u00e1n)\"},{\"@type\":\"WebPage\",\"@id\":\"https:\/\/alumni.sze.hu\/en\/environmental-protection-sustainability-at-szes-40th-ovar-scientific-day\/#webpage\",\"url\":\"https:\/\/alumni.sze.hu\/en\/environmental-protection-sustainability-at-szes-40th-ovar-scientific-day\/\",\"name\":\"Environmental protection &amp; sustainability at SZE\\u2019s 40th \\u00d3v\\u00e1r Scientific Day - SZE Alumni \\u2013 Sz\\u00e9chenyi Istv\\u00e1n Egyetem\",\"isPartOf\":{\"@id\":\"https:\/\/alumni.sze.hu\/en\/#website\"},\"primaryImageOfPage\":{\"@id\":\"https:\/\/alumni.sze.hu\/en\/environmental-protection-sustainability-at-szes-40th-ovar-scientific-day\/#primaryimage\"},\"datePublished\":\"2025-11-19T13:00:32+00:00\",\"dateModified\":\"2025-11-19T13:00:32+00:00\",\"author\":{\"@id\":\"https:\/\/alumni.sze.hu\/en\/#\/schema\/person\/e80038ffd588d77e7ccd9bee4a6e445c\"},\"breadcrumb\":{\"@id\":\"https:\/\/alumni.sze.hu\/en\/environmental-protection-sustainability-at-szes-40th-ovar-scientific-day\/#breadcrumb\"},\"inLanguage\":\"hu\",\"potentialAction\":[{\"@type\":\"ReadAction\",\"target\":[\"https:\/\/alumni.sze.hu\/en\/environmental-protection-sustainability-at-szes-40th-ovar-scientific-day\/\"]}]},{\"@type\":\"BreadcrumbList\",\"@id\":\"https:\/\/alumni.sze.hu\/en\/environmental-protection-sustainability-at-szes-40th-ovar-scientific-day\/#breadcrumb\",\"itemListElement\":[{\"@type\":\"ListItem\",\"position\":1,\"name\":\"Homepage\",\"item\":\"https:\/\/alumni.sze.hu\/en\/\"},{\"@type\":\"ListItem\",\"position\":2,\"name\":\"Environmental protection &amp; sustainability at SZE\\u2019s 40th \\u00d3v\\u00e1r Scientific Day\"}]},{\"@type\":\"Person\",\"@id\":\"https:\/\/alumni.sze.hu\/en\/#\/schema\/person\/e80038ffd588d77e7ccd9bee4a6e445c\",\"name\":\"KUP\\u00d3-ZAJZON R\\u00e9ka\",\"image\":{\"@type\":\"ImageObject\",\"@id\":\"https:\/\/alumni.sze.hu\/en\/#personlogo\",\"inLanguage\":\"hu\",\"url\":\"https:\/\/secure.gravatar.com\/avatar\/1084379bc06970c176085757561a2c46a3ed600c0f54ee76511c6ded24d31c0d?s=96&d=mm&r=g\",\"contentUrl\":\"https:\/\/secure.gravatar.com\/avatar\/1084379bc06970c176085757561a2c46a3ed600c0f54ee76511c6ded24d31c0d?s=96&d=mm&r=g\",\"caption\":\"KUP\\u00d3-ZAJZON R\\u00e9ka\"},\"url\":\"https:\/\/alumni.sze.hu\/en\/author\/kupore\/\"}]}<\/script>\n<!-- \/ Yoast SEO plugin. -->","yoast_head_json":{"title":"Environmental protection &amp; sustainability at SZE\u2019s 40th \u00d3v\u00e1r Scientific Day - SZE Alumni \u2013 Sz\u00e9chenyi Istv\u00e1n Egyetem","robots":{"index":"index","follow":"follow","max-snippet":"max-snippet:-1","max-image-preview":"max-image-preview:large","max-video-preview":"max-video-preview:-1"},"canonical":"https:\/\/alumni.sze.hu\/en\/environmental-protection-sustainability-at-szes-40th-ovar-scientific-day\/","og_locale":"hu_HU","og_type":"article","og_title":"Environmental protection &amp; sustainability at SZE\u2019s 40th \u00d3v\u00e1r Scientific Day - SZE Alumni \u2013 Sz\u00e9chenyi Istv\u00e1n Egyetem","og_description":"Created: 2025.11.19. 10:18 The 40th Mosonmagyar\u00f3v\u00e1r Scientific Day, held at the Albert K\u00e1zm\u00e9r Faculty of Agricultural and Food Sciences at Sz\u00e9chenyi Istv\u00e1n University with the participation of nearly three hundred ...","og_url":"https:\/\/alumni.sze.hu\/en\/environmental-protection-sustainability-at-szes-40th-ovar-scientific-day\/","og_site_name":"SZE Alumni \u2013 Sz\u00e9chenyi Istv\u00e1n Egyetem","article_published_time":"2025-11-19T13:00:32+00:00","twitter_card":"summary_large_image","twitter_image":"https:\/\/alumni.sze.hu\/en\/wp-content\/uploads\/2025\/11\/otn_kep3.webp","twitter_misc":{"Szerz\u0151:":"KUP\u00d3-ZAJZON R\u00e9ka","Becs\u00fclt olvas\u00e1si id\u0151":"4 perc"},"schema":{"@context":"https:\/\/schema.org","@graph":[{"@type":"WebSite","@id":"https:\/\/alumni.sze.hu\/en\/#website","url":"https:\/\/alumni.sze.hu\/en\/","name":"SZE Alumni \u2013 Sz\u00e9chenyi Istv\u00e1n Egyetem","description":"SZE Alumni \u2013 Sz\u00e9chenyi Istv\u00e1n Egyetem","potentialAction":[{"@type":"SearchAction","target":{"@type":"EntryPoint","urlTemplate":"https:\/\/alumni.sze.hu\/en\/?s={search_term_string}"},"query-input":"required name=search_term_string"}],"inLanguage":"hu"},{"@type":"ImageObject","@id":"https:\/\/alumni.sze.hu\/en\/environmental-protection-sustainability-at-szes-40th-ovar-scientific-day\/#primaryimage","inLanguage":"hu","url":"https:\/\/alumni.sze.hu\/en\/wp-content\/uploads\/2025\/11\/otn_kep3.webp","contentUrl":"https:\/\/alumni.sze.hu\/en\/wp-content\/uploads\/2025\/11\/otn_kep3.webp","width":1620,"height":1080,"caption":"The Digital Agricultural Navigator attracted significant interest at Sz\u00e9chenyi University (Photo: Andr\u00e1s Adorj\u00e1n)"},{"@type":"WebPage","@id":"https:\/\/alumni.sze.hu\/en\/environmental-protection-sustainability-at-szes-40th-ovar-scientific-day\/#webpage","url":"https:\/\/alumni.sze.hu\/en\/environmental-protection-sustainability-at-szes-40th-ovar-scientific-day\/","name":"Environmental protection &amp; sustainability at SZE\u2019s 40th \u00d3v\u00e1r Scientific Day - SZE Alumni \u2013 Sz\u00e9chenyi Istv\u00e1n Egyetem","isPartOf":{"@id":"https:\/\/alumni.sze.hu\/en\/#website"},"primaryImageOfPage":{"@id":"https:\/\/alumni.sze.hu\/en\/environmental-protection-sustainability-at-szes-40th-ovar-scientific-day\/#primaryimage"},"datePublished":"2025-11-19T13:00:32+00:00","dateModified":"2025-11-19T13:00:32+00:00","author":{"@id":"https:\/\/alumni.sze.hu\/en\/#\/schema\/person\/e80038ffd588d77e7ccd9bee4a6e445c"},"breadcrumb":{"@id":"https:\/\/alumni.sze.hu\/en\/environmental-protection-sustainability-at-szes-40th-ovar-scientific-day\/#breadcrumb"},"inLanguage":"hu","potentialAction":[{"@type":"ReadAction","target":["https:\/\/alumni.sze.hu\/en\/environmental-protection-sustainability-at-szes-40th-ovar-scientific-day\/"]}]},{"@type":"BreadcrumbList","@id":"https:\/\/alumni.sze.hu\/en\/environmental-protection-sustainability-at-szes-40th-ovar-scientific-day\/#breadcrumb","itemListElement":[{"@type":"ListItem","position":1,"name":"Homepage","item":"https:\/\/alumni.sze.hu\/en\/"},{"@type":"ListItem","position":2,"name":"Environmental protection &amp; sustainability at SZE\u2019s 40th \u00d3v\u00e1r Scientific Day"}]},{"@type":"Person","@id":"https:\/\/alumni.sze.hu\/en\/#\/schema\/person\/e80038ffd588d77e7ccd9bee4a6e445c","name":"KUP\u00d3-ZAJZON R\u00e9ka","image":{"@type":"ImageObject","@id":"https:\/\/alumni.sze.hu\/en\/#personlogo","inLanguage":"hu","url":"https:\/\/secure.gravatar.com\/avatar\/1084379bc06970c176085757561a2c46a3ed600c0f54ee76511c6ded24d31c0d?s=96&d=mm&r=g","contentUrl":"https:\/\/secure.gravatar.com\/avatar\/1084379bc06970c176085757561a2c46a3ed600c0f54ee76511c6ded24d31c0d?s=96&d=mm&r=g","caption":"KUP\u00d3-ZAJZON R\u00e9ka"},"url":"https:\/\/alumni.sze.hu\/en\/author\/kupore\/"}]}},"_links":{"self":[{"href":"https:\/\/alumni.sze.hu\/en\/wp-json\/wp\/v2\/posts\/9081","targetHints":{"allow":["GET"]}}],"collection":[{"href":"https:\/\/alumni.sze.hu\/en\/wp-json\/wp\/v2\/posts"}],"about":[{"href":"https:\/\/alumni.sze.hu\/en\/wp-json\/wp\/v2\/types\/post"}],"author":[{"embeddable":true,"href":"https:\/\/alumni.sze.hu\/en\/wp-json\/wp\/v2\/users\/22"}],"replies":[{"embeddable":true,"href":"https:\/\/alumni.sze.hu\/en\/wp-json\/wp\/v2\/comments?post=9081"}],"version-history":[{"count":1,"href":"https:\/\/alumni.sze.hu\/en\/wp-json\/wp\/v2\/posts\/9081\/revisions"}],"predecessor-version":[{"id":9085,"href":"https:\/\/alumni.sze.hu\/en\/wp-json\/wp\/v2\/posts\/9081\/revisions\/9085"}],"wp:featuredmedia":[{"embeddable":true,"href":"https:\/\/alumni.sze.hu\/en\/wp-json\/wp\/v2\/media\/9084"}],"wp:attachment":[{"href":"https:\/\/alumni.sze.hu\/en\/wp-json\/wp\/v2\/media?parent=9081"}],"wp:term":[{"taxonomy":"category","embeddable":true,"href":"https:\/\/alumni.sze.hu\/en\/wp-json\/wp\/v2\/categories?post=9081"},{"taxonomy":"post_tag","embeddable":true,"href":"https:\/\/alumni.sze.hu\/en\/wp-json\/wp\/v2\/tags?post=9081"}],"curies":[{"name":"wp","href":"https:\/\/api.w.org\/{rel}","templated":true}]}}