{"id":9078,"date":"2025-11-19T12:55:31","date_gmt":"2025-11-19T12:55:31","guid":{"rendered":"https:\/\/alumni.sze.hu\/en\/?p=9078"},"modified":"2025-11-19T12:55:31","modified_gmt":"2025-11-19T12:55:31","slug":"three-more-sze-lecturers-appointed-as-full-professors","status":"publish","type":"post","link":"https:\/\/alumni.sze.hu\/en\/three-more-sze-lecturers-appointed-as-full-professors\/","title":{"rendered":"Three More SZE Lecturers Appointed as Full Professors"},"content":{"rendered":"\n<p>Created: 2025.11.19. 10:08<\/p>\n\n\n\n<p><strong>Three lecturers of Sz\u00e9chenyi Istv\u00e1n University have been appointed as university professors by President of the Republic, Tam\u00e1s Sulyok: Dr \u00c9va Happ, Associate Professor of the Kautz Gyula Faculty of Business and Economics; Dr Bal\u00e1zs Horv\u00e1th, Head of the Department of Transport at the Faculty of Architecture, Civil Engineering and Transport Sciences; and Dr Zolt\u00e1n Moln\u00e1r, Vice-Dean of the Albert K\u00e1zm\u00e9r Faculty of Agricultural and Food Sciences and Head of the Department of Plant Sciences.<\/strong><\/p>\n\n\n\n<p>At a ceremony held at the S\u00e1ndor Palace in recent days, the lecturers of Sz\u00e9chenyi Istv\u00e1n University \u2013 Dr \u00c9va Happ, Dr Bal\u00e1zs Horv\u00e1th and Dr Zolt\u00e1n Moln\u00e1r \u2013 received their professorial appointments from President of the Republic, Tam\u00e1s Sulyok, based on the recommendation of the Ministry of Culture and Innovation.<\/p>\n\n\n\n<p>Dr \u00c9va Happ is a lecturer in the Department of Tourism and Hospitality at the Kautz Gyula Faculty of Business and Economics, and a renowned expert in the fields of tourism and marketing. She has been strengthening Sz\u00e9chenyi Istv\u00e1n University for more than a decade, contributing to the institution\u2019s strategic and educational development work as Head of Department, Vice-Dean for International Affairs, and currently as Head of Programme Development. She played a key role in renewing tourism-related programmes, in developing several Hungarian and English-language Master&#8217;s programmes and specialised postgraduate programmes, and she has taken part in numerous national and international research and development projects. As a Fulbright Scholar, she taught in the United States and has delivered lectures at several European universities. Her work significantly supports the advancement of sustainable and digital tourism themes, as well as the international visibility of Sz\u00e9chenyi Istv\u00e1n University.<\/p>\n\n\n\n<p>Dr Bal\u00e1zs Horv\u00e1th is the founding Dean of the Faculty of Architecture, Civil Engineering and Transport Sciences and the Head of the Department of Transport. He is a recognised national expert in transport modelling and transport systems, particularly public transport systems. For 28 years, the focus of his research has been the modelling, planning and evaluation of public transport systems. He also contributes extensively to research at the intersections of related fields, including the relationship between the city and transport, and the effects of autonomous driving on traffic. As Secretary General of the Hungarian Scientific Association for Transport and as Secretary of the Committee on Transport Engineering of the Hungarian Academy of Sciences, he plays an active role in Hungary\u2019s transport science community.<\/p>\n\n\n\n<p>Dr Zolt\u00e1n Moln\u00e1r, Vice-Dean for International and Scientific Affairs at the Albert K\u00e1zm\u00e9r Mosonmagyar\u00f3v\u00e1r Faculty and Head of the Department of Plant Sciences, has been a defining figure on the Mosonmagyar\u00f3v\u00e1r campus for more than three decades. He has worked at the institution since 1989, contributing significantly to shaping the faculty\u2019s scientific, research and internationalisation directions as Head of Department, Deputy Dean, and previously as Director of Institute. His work is rooted in plant biology, plant science and modern agricultural innovations, with research contributing to the development of sustainable crop production and modern agricultural technologies. He also places great emphasis on talent development: for several years, he led the Agronomist Special College of Mosonmagyar\u00f3v\u00e1r, one of the Faculty\u2019s outstanding professional communities. He also plays an important role in international networks of agricultural research.<\/p>\n\n\n\n<p>The community of Sz\u00e9chenyi Istv\u00e1n University congratulates the newly appointed professors and wishes them continued success in their scientific, educational and community work.<\/p>\n\n\n\n<figure class=\"wp-block-image size-large\"><img loading=\"lazy\" decoding=\"async\" width=\"1024\" height=\"683\" src=\"https:\/\/alumni.sze.hu\/en\/wp-content\/uploads\/2025\/11\/egyetemi-kinevezesek_Kep-1024x683.webp\" alt=\"\" class=\"wp-image-9079\" srcset=\"https:\/\/alumni.sze.hu\/en\/wp-content\/uploads\/2025\/11\/egyetemi-kinevezesek_Kep-1024x683.webp 1024w, https:\/\/alumni.sze.hu\/en\/wp-content\/uploads\/2025\/11\/egyetemi-kinevezesek_Kep-300x200.webp 300w, https:\/\/alumni.sze.hu\/en\/wp-content\/uploads\/2025\/11\/egyetemi-kinevezesek_Kep-768x512.webp 768w, https:\/\/alumni.sze.hu\/en\/wp-content\/uploads\/2025\/11\/egyetemi-kinevezesek_Kep-1536x1024.webp 1536w, https:\/\/alumni.sze.hu\/en\/wp-content\/uploads\/2025\/11\/egyetemi-kinevezesek_Kep-18x12.webp 18w, https:\/\/alumni.sze.hu\/en\/wp-content\/uploads\/2025\/11\/egyetemi-kinevezesek_Kep.webp 1620w\" sizes=\"auto, (max-width: 1024px) 100vw, 1024px\" \/><figcaption class=\"wp-element-caption\">Dr Zolt\u00e1n Moln\u00e1r, Dr \u00c9va Happ and Dr Bal\u00e1zs Horv\u00e1th received their professorial appointments at the S\u00e1ndor Palace<\/figcaption><\/figure>\n\n\n\n<p><\/p>\n","protected":false},"excerpt":{"rendered":"<p>Created: 2025.11.19. 10:08 Three lecturers of Sz\u00e9chenyi Istv\u00e1n University have been appointed as university professors by President of the Republic, Tam\u00e1s Sulyok: Dr \u00c9va Happ, Associate Professor of the Kautz &#8230;<\/p>\n","protected":false},"author":22,"featured_media":9079,"comment_status":"closed","ping_status":"open","sticky":false,"template":"","format":"standard","meta":{"footnotes":""},"categories":[24],"tags":[],"class_list":["post-9078","post","type-post","status-publish","format-standard","has-post-thumbnail","hentry","category-news"],"yoast_head":"<!-- This site is optimized with the Yoast SEO plugin v17.8 - https:\/\/yoast.com\/wordpress\/plugins\/seo\/ -->\n<title>Three More SZE Lecturers Appointed as Full Professors - SZE Alumni \u2013 Sz\u00e9chenyi Istv\u00e1n Egyetem<\/title>\n<meta name=\"robots\" content=\"index, follow, max-snippet:-1, max-image-preview:large, max-video-preview:-1\" \/>\n<link rel=\"canonical\" href=\"https:\/\/alumni.sze.hu\/en\/three-more-sze-lecturers-appointed-as-full-professors\/\" \/>\n<meta property=\"og:locale\" content=\"hu_HU\" \/>\n<meta property=\"og:type\" content=\"article\" \/>\n<meta property=\"og:title\" content=\"Three More SZE Lecturers Appointed as Full Professors - SZE Alumni \u2013 Sz\u00e9chenyi Istv\u00e1n Egyetem\" \/>\n<meta property=\"og:description\" content=\"Created: 2025.11.19. 10:08 Three lecturers of Sz\u00e9chenyi Istv\u00e1n University have been appointed as university professors by President of the Republic, Tam\u00e1s Sulyok: Dr \u00c9va Happ, Associate Professor of the Kautz ...\" \/>\n<meta property=\"og:url\" content=\"https:\/\/alumni.sze.hu\/en\/three-more-sze-lecturers-appointed-as-full-professors\/\" \/>\n<meta property=\"og:site_name\" content=\"SZE Alumni \u2013 Sz\u00e9chenyi Istv\u00e1n Egyetem\" \/>\n<meta property=\"article:published_time\" content=\"2025-11-19T12:55:31+00:00\" \/>\n<meta name=\"twitter:card\" content=\"summary_large_image\" \/>\n<meta name=\"twitter:image\" content=\"https:\/\/alumni.sze.hu\/en\/wp-content\/uploads\/2025\/11\/egyetemi-kinevezesek_Kep.webp\" \/>\n<meta name=\"twitter:label1\" content=\"Szerz\u0151:\" \/>\n\t<meta name=\"twitter:data1\" content=\"KUP\u00d3-ZAJZON R\u00e9ka\" \/>\n\t<meta name=\"twitter:label2\" content=\"Becs\u00fclt olvas\u00e1si id\u0151\" \/>\n\t<meta name=\"twitter:data2\" content=\"3 perc\" \/>\n<script type=\"application\/ld+json\" class=\"yoast-schema-graph\">{\"@context\":\"https:\/\/schema.org\",\"@graph\":[{\"@type\":\"WebSite\",\"@id\":\"https:\/\/alumni.sze.hu\/en\/#website\",\"url\":\"https:\/\/alumni.sze.hu\/en\/\",\"name\":\"SZE Alumni \\u2013 Sz\\u00e9chenyi Istv\\u00e1n Egyetem\",\"description\":\"SZE Alumni \\u2013 Sz\\u00e9chenyi Istv\\u00e1n Egyetem\",\"potentialAction\":[{\"@type\":\"SearchAction\",\"target\":{\"@type\":\"EntryPoint\",\"urlTemplate\":\"https:\/\/alumni.sze.hu\/en\/?s={search_term_string}\"},\"query-input\":\"required name=search_term_string\"}],\"inLanguage\":\"hu\"},{\"@type\":\"ImageObject\",\"@id\":\"https:\/\/alumni.sze.hu\/en\/three-more-sze-lecturers-appointed-as-full-professors\/#primaryimage\",\"inLanguage\":\"hu\",\"url\":\"https:\/\/alumni.sze.hu\/en\/wp-content\/uploads\/2025\/11\/egyetemi-kinevezesek_Kep.webp\",\"contentUrl\":\"https:\/\/alumni.sze.hu\/en\/wp-content\/uploads\/2025\/11\/egyetemi-kinevezesek_Kep.webp\",\"width\":1620,\"height\":1080,\"caption\":\"Dr Zolt\\u00e1n Moln\\u00e1r, Dr \\u00c9va Happ and Dr Bal\\u00e1zs Horv\\u00e1th received their professorial appointments at the S\\u00e1ndor Palace\"},{\"@type\":\"WebPage\",\"@id\":\"https:\/\/alumni.sze.hu\/en\/three-more-sze-lecturers-appointed-as-full-professors\/#webpage\",\"url\":\"https:\/\/alumni.sze.hu\/en\/three-more-sze-lecturers-appointed-as-full-professors\/\",\"name\":\"Three More SZE Lecturers Appointed as Full Professors - SZE Alumni \\u2013 Sz\\u00e9chenyi Istv\\u00e1n Egyetem\",\"isPartOf\":{\"@id\":\"https:\/\/alumni.sze.hu\/en\/#website\"},\"primaryImageOfPage\":{\"@id\":\"https:\/\/alumni.sze.hu\/en\/three-more-sze-lecturers-appointed-as-full-professors\/#primaryimage\"},\"datePublished\":\"2025-11-19T12:55:31+00:00\",\"dateModified\":\"2025-11-19T12:55:31+00:00\",\"author\":{\"@id\":\"https:\/\/alumni.sze.hu\/en\/#\/schema\/person\/e80038ffd588d77e7ccd9bee4a6e445c\"},\"breadcrumb\":{\"@id\":\"https:\/\/alumni.sze.hu\/en\/three-more-sze-lecturers-appointed-as-full-professors\/#breadcrumb\"},\"inLanguage\":\"hu\",\"potentialAction\":[{\"@type\":\"ReadAction\",\"target\":[\"https:\/\/alumni.sze.hu\/en\/three-more-sze-lecturers-appointed-as-full-professors\/\"]}]},{\"@type\":\"BreadcrumbList\",\"@id\":\"https:\/\/alumni.sze.hu\/en\/three-more-sze-lecturers-appointed-as-full-professors\/#breadcrumb\",\"itemListElement\":[{\"@type\":\"ListItem\",\"position\":1,\"name\":\"Homepage\",\"item\":\"https:\/\/alumni.sze.hu\/en\/\"},{\"@type\":\"ListItem\",\"position\":2,\"name\":\"Three More SZE Lecturers Appointed as Full Professors\"}]},{\"@type\":\"Person\",\"@id\":\"https:\/\/alumni.sze.hu\/en\/#\/schema\/person\/e80038ffd588d77e7ccd9bee4a6e445c\",\"name\":\"KUP\\u00d3-ZAJZON R\\u00e9ka\",\"image\":{\"@type\":\"ImageObject\",\"@id\":\"https:\/\/alumni.sze.hu\/en\/#personlogo\",\"inLanguage\":\"hu\",\"url\":\"https:\/\/secure.gravatar.com\/avatar\/1084379bc06970c176085757561a2c46a3ed600c0f54ee76511c6ded24d31c0d?s=96&d=mm&r=g\",\"contentUrl\":\"https:\/\/secure.gravatar.com\/avatar\/1084379bc06970c176085757561a2c46a3ed600c0f54ee76511c6ded24d31c0d?s=96&d=mm&r=g\",\"caption\":\"KUP\\u00d3-ZAJZON R\\u00e9ka\"},\"url\":\"https:\/\/alumni.sze.hu\/en\/author\/kupore\/\"}]}<\/script>\n<!-- \/ Yoast SEO plugin. -->","yoast_head_json":{"title":"Three More SZE Lecturers Appointed as Full Professors - SZE Alumni \u2013 Sz\u00e9chenyi Istv\u00e1n Egyetem","robots":{"index":"index","follow":"follow","max-snippet":"max-snippet:-1","max-image-preview":"max-image-preview:large","max-video-preview":"max-video-preview:-1"},"canonical":"https:\/\/alumni.sze.hu\/en\/three-more-sze-lecturers-appointed-as-full-professors\/","og_locale":"hu_HU","og_type":"article","og_title":"Three More SZE Lecturers Appointed as Full Professors - SZE Alumni \u2013 Sz\u00e9chenyi Istv\u00e1n Egyetem","og_description":"Created: 2025.11.19. 10:08 Three lecturers of Sz\u00e9chenyi Istv\u00e1n University have been appointed as university professors by President of the Republic, Tam\u00e1s Sulyok: Dr \u00c9va Happ, Associate Professor of the Kautz ...","og_url":"https:\/\/alumni.sze.hu\/en\/three-more-sze-lecturers-appointed-as-full-professors\/","og_site_name":"SZE Alumni \u2013 Sz\u00e9chenyi Istv\u00e1n Egyetem","article_published_time":"2025-11-19T12:55:31+00:00","twitter_card":"summary_large_image","twitter_image":"https:\/\/alumni.sze.hu\/en\/wp-content\/uploads\/2025\/11\/egyetemi-kinevezesek_Kep.webp","twitter_misc":{"Szerz\u0151:":"KUP\u00d3-ZAJZON R\u00e9ka","Becs\u00fclt olvas\u00e1si id\u0151":"3 perc"},"schema":{"@context":"https:\/\/schema.org","@graph":[{"@type":"WebSite","@id":"https:\/\/alumni.sze.hu\/en\/#website","url":"https:\/\/alumni.sze.hu\/en\/","name":"SZE Alumni \u2013 Sz\u00e9chenyi Istv\u00e1n Egyetem","description":"SZE Alumni \u2013 Sz\u00e9chenyi Istv\u00e1n Egyetem","potentialAction":[{"@type":"SearchAction","target":{"@type":"EntryPoint","urlTemplate":"https:\/\/alumni.sze.hu\/en\/?s={search_term_string}"},"query-input":"required name=search_term_string"}],"inLanguage":"hu"},{"@type":"ImageObject","@id":"https:\/\/alumni.sze.hu\/en\/three-more-sze-lecturers-appointed-as-full-professors\/#primaryimage","inLanguage":"hu","url":"https:\/\/alumni.sze.hu\/en\/wp-content\/uploads\/2025\/11\/egyetemi-kinevezesek_Kep.webp","contentUrl":"https:\/\/alumni.sze.hu\/en\/wp-content\/uploads\/2025\/11\/egyetemi-kinevezesek_Kep.webp","width":1620,"height":1080,"caption":"Dr Zolt\u00e1n Moln\u00e1r, Dr \u00c9va Happ and Dr Bal\u00e1zs Horv\u00e1th received their professorial appointments at the S\u00e1ndor Palace"},{"@type":"WebPage","@id":"https:\/\/alumni.sze.hu\/en\/three-more-sze-lecturers-appointed-as-full-professors\/#webpage","url":"https:\/\/alumni.sze.hu\/en\/three-more-sze-lecturers-appointed-as-full-professors\/","name":"Three More SZE Lecturers Appointed as Full Professors - SZE Alumni \u2013 Sz\u00e9chenyi Istv\u00e1n Egyetem","isPartOf":{"@id":"https:\/\/alumni.sze.hu\/en\/#website"},"primaryImageOfPage":{"@id":"https:\/\/alumni.sze.hu\/en\/three-more-sze-lecturers-appointed-as-full-professors\/#primaryimage"},"datePublished":"2025-11-19T12:55:31+00:00","dateModified":"2025-11-19T12:55:31+00:00","author":{"@id":"https:\/\/alumni.sze.hu\/en\/#\/schema\/person\/e80038ffd588d77e7ccd9bee4a6e445c"},"breadcrumb":{"@id":"https:\/\/alumni.sze.hu\/en\/three-more-sze-lecturers-appointed-as-full-professors\/#breadcrumb"},"inLanguage":"hu","potentialAction":[{"@type":"ReadAction","target":["https:\/\/alumni.sze.hu\/en\/three-more-sze-lecturers-appointed-as-full-professors\/"]}]},{"@type":"BreadcrumbList","@id":"https:\/\/alumni.sze.hu\/en\/three-more-sze-lecturers-appointed-as-full-professors\/#breadcrumb","itemListElement":[{"@type":"ListItem","position":1,"name":"Homepage","item":"https:\/\/alumni.sze.hu\/en\/"},{"@type":"ListItem","position":2,"name":"Three More SZE Lecturers Appointed as Full Professors"}]},{"@type":"Person","@id":"https:\/\/alumni.sze.hu\/en\/#\/schema\/person\/e80038ffd588d77e7ccd9bee4a6e445c","name":"KUP\u00d3-ZAJZON R\u00e9ka","image":{"@type":"ImageObject","@id":"https:\/\/alumni.sze.hu\/en\/#personlogo","inLanguage":"hu","url":"https:\/\/secure.gravatar.com\/avatar\/1084379bc06970c176085757561a2c46a3ed600c0f54ee76511c6ded24d31c0d?s=96&d=mm&r=g","contentUrl":"https:\/\/secure.gravatar.com\/avatar\/1084379bc06970c176085757561a2c46a3ed600c0f54ee76511c6ded24d31c0d?s=96&d=mm&r=g","caption":"KUP\u00d3-ZAJZON R\u00e9ka"},"url":"https:\/\/alumni.sze.hu\/en\/author\/kupore\/"}]}},"_links":{"self":[{"href":"https:\/\/alumni.sze.hu\/en\/wp-json\/wp\/v2\/posts\/9078","targetHints":{"allow":["GET"]}}],"collection":[{"href":"https:\/\/alumni.sze.hu\/en\/wp-json\/wp\/v2\/posts"}],"about":[{"href":"https:\/\/alumni.sze.hu\/en\/wp-json\/wp\/v2\/types\/post"}],"author":[{"embeddable":true,"href":"https:\/\/alumni.sze.hu\/en\/wp-json\/wp\/v2\/users\/22"}],"replies":[{"embeddable":true,"href":"https:\/\/alumni.sze.hu\/en\/wp-json\/wp\/v2\/comments?post=9078"}],"version-history":[{"count":1,"href":"https:\/\/alumni.sze.hu\/en\/wp-json\/wp\/v2\/posts\/9078\/revisions"}],"predecessor-version":[{"id":9080,"href":"https:\/\/alumni.sze.hu\/en\/wp-json\/wp\/v2\/posts\/9078\/revisions\/9080"}],"wp:featuredmedia":[{"embeddable":true,"href":"https:\/\/alumni.sze.hu\/en\/wp-json\/wp\/v2\/media\/9079"}],"wp:attachment":[{"href":"https:\/\/alumni.sze.hu\/en\/wp-json\/wp\/v2\/media?parent=9078"}],"wp:term":[{"taxonomy":"category","embeddable":true,"href":"https:\/\/alumni.sze.hu\/en\/wp-json\/wp\/v2\/categories?post=9078"},{"taxonomy":"post_tag","embeddable":true,"href":"https:\/\/alumni.sze.hu\/en\/wp-json\/wp\/v2\/tags?post=9078"}],"curies":[{"name":"wp","href":"https:\/\/api.w.org\/{rel}","templated":true}]}}