{"id":9070,"date":"2025-11-18T10:43:04","date_gmt":"2025-11-18T10:43:04","guid":{"rendered":"https:\/\/alumni.sze.hu\/en\/?p=9070"},"modified":"2025-11-18T10:43:04","modified_gmt":"2025-11-18T10:43:04","slug":"job-fair-students-of-sze-are-in-high-demand-on-the-labour-market","status":"publish","type":"post","link":"https:\/\/alumni.sze.hu\/en\/job-fair-students-of-sze-are-in-high-demand-on-the-labour-market\/","title":{"rendered":"Job Fair: Students of SZE Are in High Demand on the Labour Market"},"content":{"rendered":"\n<p>Created: 2025.11.18. 10:50<\/p>\n\n\n\n<p><strong>Sz\u00e9chenyi Istv\u00e1n University\u2019s highly successful event, the Job Fair, connects students with employers and economic actors of the region each semester. At the fair held on 11 November, many young people once again established contacts with representatives of participating companies. Employers offered nearly one hundred internship and job opportunities for the University\u2019s students.<\/strong><\/p>\n\n\n\n<p>The Job Fair of Sz\u00e9chenyi Istv\u00e1n University provides opportunities for students, graduates, young professionals and skilled individuals to build connections with labour market players. Major employers of the region and the University\u2019s industrial partners once again presented themselves at their own stands. Young visitors could engage in informal conversations with company representatives and learn about current job openings and internship opportunities.<\/p>\n\n\n\n<p>\u201c<em>At our autumn event, visitors could meet directly with around thirty exhibitors. Our partners included key players of the economy, such as Audi Hungaria and R\u00e1ba, but also public institutions such as the Ministry of Construction and Transport, the Gy\u0151r-Moson-Sopron County Government Office and the Military National Security Service. In addition, our world-class student teams \u2013 including the Arrabona Racing Team and SZEngine \u2013 also presented themselves. The Tempus Public Foundation provided information on student mobility programmes, particularly the\u00a0<\/em><a href=\"https:\/\/pannoniaosztondij.hu\/about-the-pannonia-scholarship-programme\"><em>Pannonia Scholarship Programme<\/em><\/a><em>,\u201d<\/em>\u00a0said R\u00e9ka Bende, career consultant at Sz\u00e9chenyi Istv\u00e1n University.<\/p>\n\n\n\n<figure class=\"wp-block-image size-large\"><img loading=\"lazy\" decoding=\"async\" width=\"1024\" height=\"683\" src=\"https:\/\/alumni.sze.hu\/en\/wp-content\/uploads\/2025\/11\/allasborze_kep1-1024x683.webp\" alt=\"\" class=\"wp-image-9071\" srcset=\"https:\/\/alumni.sze.hu\/en\/wp-content\/uploads\/2025\/11\/allasborze_kep1-1024x683.webp 1024w, https:\/\/alumni.sze.hu\/en\/wp-content\/uploads\/2025\/11\/allasborze_kep1-300x200.webp 300w, https:\/\/alumni.sze.hu\/en\/wp-content\/uploads\/2025\/11\/allasborze_kep1-768x512.webp 768w, https:\/\/alumni.sze.hu\/en\/wp-content\/uploads\/2025\/11\/allasborze_kep1-1536x1024.webp 1536w, https:\/\/alumni.sze.hu\/en\/wp-content\/uploads\/2025\/11\/allasborze_kep1-18x12.webp 18w, https:\/\/alumni.sze.hu\/en\/wp-content\/uploads\/2025\/11\/allasborze_kep1.webp 1620w\" sizes=\"auto, (max-width: 1024px) 100vw, 1024px\" \/><figcaption class=\"wp-element-caption\">The autumn Career Fair of Sz\u00e9chenyi Istv\u00e1n University attracted great interest among students (Photo: Gergely Nagy)<\/figcaption><\/figure>\n\n\n\n<p><\/p>\n\n\n\n<p><em>\u201cAs a business informatics student, I am studying in a dual educational programme. Since my first semester, I have been working at Audi Hungaria in the field of controlling as a digitalisation intern. As I will soon graduate, I consider exploring my career options thoroughly vital,\u201d<\/em>\u00a0said Alexandra K\u00e1ntor from Gy\u0151r. She added that both the University and the dual educational programme model have given her a great deal, as she gained valuable corporate experience and was able to apply her classroom knowledge in practice. She also learnt a lot at Audi, which complemented her academic studies well.\u00a0<em>\u201cThe Job Fair is an extremely useful event, as I could speak with representatives from many companies. Although I already knew several corporate partners, I have now discovered many new opportunities,\u201d<\/em>\u00a0she noted.<\/p>\n\n\n\n<figure class=\"wp-block-image size-large\"><img loading=\"lazy\" decoding=\"async\" width=\"1024\" height=\"1024\" src=\"https:\/\/alumni.sze.hu\/en\/wp-content\/uploads\/2025\/11\/allasborze_kep2-1024x1024.webp\" alt=\"\" class=\"wp-image-9072\" srcset=\"https:\/\/alumni.sze.hu\/en\/wp-content\/uploads\/2025\/11\/allasborze_kep2-1024x1024.webp 1024w, https:\/\/alumni.sze.hu\/en\/wp-content\/uploads\/2025\/11\/allasborze_kep2-300x300.webp 300w, https:\/\/alumni.sze.hu\/en\/wp-content\/uploads\/2025\/11\/allasborze_kep2-150x150.webp 150w, https:\/\/alumni.sze.hu\/en\/wp-content\/uploads\/2025\/11\/allasborze_kep2-768x768.webp 768w, https:\/\/alumni.sze.hu\/en\/wp-content\/uploads\/2025\/11\/allasborze_kep2-12x12.webp 12w, https:\/\/alumni.sze.hu\/en\/wp-content\/uploads\/2025\/11\/allasborze_kep2.webp 1080w\" sizes=\"auto, (max-width: 1024px) 100vw, 1024px\" \/><figcaption class=\"wp-element-caption\">According to Alexandra K\u00e1ntor, a business informatics student at Sz\u00e9chenyi Istv\u00e1n University, the event is an excellent opportunity to connect with labour market players (Photo: Gergely Nagy)<\/figcaption><\/figure>\n\n\n\n<p><\/p>\n\n\n\n<p>\u00c1rp\u00e1d Vancz\u00f3, a second-year vehicle engineering student from Miskolc, said:&nbsp;<em>\u201cI came to the event because I am looking for internship opportunities. We have not yet visited all the stands, but I have already found something that caught my attention, so I hope to find the right one by the end of the day.\u201d&nbsp;<\/em>He attended the fair with D\u00e1vid Ballab\u00e1s, who, after completing his undergraduate studies in Engineering Management, is currently pursuing a master\u2019s degree in Logistics Engineering at Sz\u00e9chenyi Istv\u00e1n University.&nbsp;<em>\u201cI am nearing the end of my studies, so I am mainly interested in open job positions. I have attended the event every semester, as it is an excellent opportunity for students to meet innovative companies in the region before graduation and learn about the opportunities they offer,\u201d<\/em>&nbsp;shared the student from L\u00e1batlan.<\/p>\n\n\n\n<p>Those who could not attend the Job Fair this time are also encouraged to visit the event\u2019s\u00a0<a href=\"https:\/\/allasborze.sze.hu\/\">website<\/a>, where they can find around eighty open positions and internship offers from participating companies. The site also features a compilation by the University\u2019s Human Resource Counselling master\u2019s students, offering tips and advice for successful job interviews, as well as for writing CVs and cover letters.<\/p>\n\n\n<div class=\"wp-block-image\">\n<figure class=\"aligncenter size-large\"><img loading=\"lazy\" decoding=\"async\" width=\"1024\" height=\"682\" src=\"https:\/\/alumni.sze.hu\/en\/wp-content\/uploads\/2025\/11\/allasborze_Kep3-1024x682.webp\" alt=\"\" class=\"wp-image-9073\" srcset=\"https:\/\/alumni.sze.hu\/en\/wp-content\/uploads\/2025\/11\/allasborze_Kep3-1024x682.webp 1024w, https:\/\/alumni.sze.hu\/en\/wp-content\/uploads\/2025\/11\/allasborze_Kep3-300x200.webp 300w, https:\/\/alumni.sze.hu\/en\/wp-content\/uploads\/2025\/11\/allasborze_Kep3-768x511.webp 768w, https:\/\/alumni.sze.hu\/en\/wp-content\/uploads\/2025\/11\/allasborze_Kep3-1536x1023.webp 1536w, https:\/\/alumni.sze.hu\/en\/wp-content\/uploads\/2025\/11\/allasborze_Kep3-18x12.webp 18w, https:\/\/alumni.sze.hu\/en\/wp-content\/uploads\/2025\/11\/allasborze_Kep3.webp 1622w\" sizes=\"auto, (max-width: 1024px) 100vw, 1024px\" \/><figcaption class=\"wp-element-caption\">Many visitors showed great interest at the stands in the job openings and internship opportunities (Photo: Bal\u00e1zs Mikl\u00f3s)<\/figcaption><\/figure>\n<\/div>\n\n\n<p><\/p>\n","protected":false},"excerpt":{"rendered":"<p>Created: 2025.11.18. 10:50 Sz\u00e9chenyi Istv\u00e1n University\u2019s highly successful event, the Job Fair, connects students with employers and economic actors of the region each semester. At the fair held on 11 &#8230;<\/p>\n","protected":false},"author":22,"featured_media":9071,"comment_status":"closed","ping_status":"open","sticky":false,"template":"","format":"standard","meta":{"footnotes":""},"categories":[24],"tags":[],"class_list":["post-9070","post","type-post","status-publish","format-standard","has-post-thumbnail","hentry","category-news"],"yoast_head":"<!-- This site is optimized with the Yoast SEO plugin v17.8 - https:\/\/yoast.com\/wordpress\/plugins\/seo\/ -->\n<title>Job Fair: Students of SZE Are in High Demand on the Labour Market - SZE Alumni \u2013 Sz\u00e9chenyi Istv\u00e1n Egyetem<\/title>\n<meta name=\"robots\" content=\"index, follow, max-snippet:-1, max-image-preview:large, max-video-preview:-1\" \/>\n<link rel=\"canonical\" href=\"https:\/\/alumni.sze.hu\/en\/job-fair-students-of-sze-are-in-high-demand-on-the-labour-market\/\" \/>\n<meta property=\"og:locale\" content=\"hu_HU\" \/>\n<meta property=\"og:type\" content=\"article\" \/>\n<meta property=\"og:title\" content=\"Job Fair: Students of SZE Are in High Demand on the Labour Market - SZE Alumni \u2013 Sz\u00e9chenyi Istv\u00e1n Egyetem\" \/>\n<meta property=\"og:description\" content=\"Created: 2025.11.18. 10:50 Sz\u00e9chenyi Istv\u00e1n University\u2019s highly successful event, the Job Fair, connects students with employers and economic actors of the region each semester. At the fair held on 11 ...\" \/>\n<meta property=\"og:url\" content=\"https:\/\/alumni.sze.hu\/en\/job-fair-students-of-sze-are-in-high-demand-on-the-labour-market\/\" \/>\n<meta property=\"og:site_name\" content=\"SZE Alumni \u2013 Sz\u00e9chenyi Istv\u00e1n Egyetem\" \/>\n<meta property=\"article:published_time\" content=\"2025-11-18T10:43:04+00:00\" \/>\n<meta name=\"twitter:card\" content=\"summary_large_image\" \/>\n<meta name=\"twitter:image\" content=\"https:\/\/alumni.sze.hu\/en\/wp-content\/uploads\/2025\/11\/allasborze_kep1.webp\" \/>\n<meta name=\"twitter:label1\" content=\"Szerz\u0151:\" \/>\n\t<meta name=\"twitter:data1\" content=\"KUP\u00d3-ZAJZON R\u00e9ka\" \/>\n\t<meta name=\"twitter:label2\" content=\"Becs\u00fclt olvas\u00e1si id\u0151\" \/>\n\t<meta name=\"twitter:data2\" content=\"3 perc\" \/>\n<script type=\"application\/ld+json\" class=\"yoast-schema-graph\">{\"@context\":\"https:\/\/schema.org\",\"@graph\":[{\"@type\":\"WebSite\",\"@id\":\"https:\/\/alumni.sze.hu\/en\/#website\",\"url\":\"https:\/\/alumni.sze.hu\/en\/\",\"name\":\"SZE Alumni \\u2013 Sz\\u00e9chenyi Istv\\u00e1n Egyetem\",\"description\":\"SZE Alumni \\u2013 Sz\\u00e9chenyi Istv\\u00e1n Egyetem\",\"potentialAction\":[{\"@type\":\"SearchAction\",\"target\":{\"@type\":\"EntryPoint\",\"urlTemplate\":\"https:\/\/alumni.sze.hu\/en\/?s={search_term_string}\"},\"query-input\":\"required name=search_term_string\"}],\"inLanguage\":\"hu\"},{\"@type\":\"ImageObject\",\"@id\":\"https:\/\/alumni.sze.hu\/en\/job-fair-students-of-sze-are-in-high-demand-on-the-labour-market\/#primaryimage\",\"inLanguage\":\"hu\",\"url\":\"https:\/\/alumni.sze.hu\/en\/wp-content\/uploads\/2025\/11\/allasborze_kep1.webp\",\"contentUrl\":\"https:\/\/alumni.sze.hu\/en\/wp-content\/uploads\/2025\/11\/allasborze_kep1.webp\",\"width\":1620,\"height\":1080,\"caption\":\"The autumn Career Fair of Sz\\u00e9chenyi Istv\\u00e1n University attracted great interest among students (Photo: Gergely Nagy)\"},{\"@type\":\"WebPage\",\"@id\":\"https:\/\/alumni.sze.hu\/en\/job-fair-students-of-sze-are-in-high-demand-on-the-labour-market\/#webpage\",\"url\":\"https:\/\/alumni.sze.hu\/en\/job-fair-students-of-sze-are-in-high-demand-on-the-labour-market\/\",\"name\":\"Job Fair: Students of SZE Are in High Demand on the Labour Market - SZE Alumni \\u2013 Sz\\u00e9chenyi Istv\\u00e1n Egyetem\",\"isPartOf\":{\"@id\":\"https:\/\/alumni.sze.hu\/en\/#website\"},\"primaryImageOfPage\":{\"@id\":\"https:\/\/alumni.sze.hu\/en\/job-fair-students-of-sze-are-in-high-demand-on-the-labour-market\/#primaryimage\"},\"datePublished\":\"2025-11-18T10:43:04+00:00\",\"dateModified\":\"2025-11-18T10:43:04+00:00\",\"author\":{\"@id\":\"https:\/\/alumni.sze.hu\/en\/#\/schema\/person\/e80038ffd588d77e7ccd9bee4a6e445c\"},\"breadcrumb\":{\"@id\":\"https:\/\/alumni.sze.hu\/en\/job-fair-students-of-sze-are-in-high-demand-on-the-labour-market\/#breadcrumb\"},\"inLanguage\":\"hu\",\"potentialAction\":[{\"@type\":\"ReadAction\",\"target\":[\"https:\/\/alumni.sze.hu\/en\/job-fair-students-of-sze-are-in-high-demand-on-the-labour-market\/\"]}]},{\"@type\":\"BreadcrumbList\",\"@id\":\"https:\/\/alumni.sze.hu\/en\/job-fair-students-of-sze-are-in-high-demand-on-the-labour-market\/#breadcrumb\",\"itemListElement\":[{\"@type\":\"ListItem\",\"position\":1,\"name\":\"Homepage\",\"item\":\"https:\/\/alumni.sze.hu\/en\/\"},{\"@type\":\"ListItem\",\"position\":2,\"name\":\"Job Fair: Students of SZE Are in High Demand on the Labour Market\"}]},{\"@type\":\"Person\",\"@id\":\"https:\/\/alumni.sze.hu\/en\/#\/schema\/person\/e80038ffd588d77e7ccd9bee4a6e445c\",\"name\":\"KUP\\u00d3-ZAJZON R\\u00e9ka\",\"image\":{\"@type\":\"ImageObject\",\"@id\":\"https:\/\/alumni.sze.hu\/en\/#personlogo\",\"inLanguage\":\"hu\",\"url\":\"https:\/\/secure.gravatar.com\/avatar\/1084379bc06970c176085757561a2c46a3ed600c0f54ee76511c6ded24d31c0d?s=96&d=mm&r=g\",\"contentUrl\":\"https:\/\/secure.gravatar.com\/avatar\/1084379bc06970c176085757561a2c46a3ed600c0f54ee76511c6ded24d31c0d?s=96&d=mm&r=g\",\"caption\":\"KUP\\u00d3-ZAJZON R\\u00e9ka\"},\"url\":\"https:\/\/alumni.sze.hu\/en\/author\/kupore\/\"}]}<\/script>\n<!-- \/ Yoast SEO plugin. -->","yoast_head_json":{"title":"Job Fair: Students of SZE Are in High Demand on the Labour Market - SZE Alumni \u2013 Sz\u00e9chenyi Istv\u00e1n Egyetem","robots":{"index":"index","follow":"follow","max-snippet":"max-snippet:-1","max-image-preview":"max-image-preview:large","max-video-preview":"max-video-preview:-1"},"canonical":"https:\/\/alumni.sze.hu\/en\/job-fair-students-of-sze-are-in-high-demand-on-the-labour-market\/","og_locale":"hu_HU","og_type":"article","og_title":"Job Fair: Students of SZE Are in High Demand on the Labour Market - SZE Alumni \u2013 Sz\u00e9chenyi Istv\u00e1n Egyetem","og_description":"Created: 2025.11.18. 10:50 Sz\u00e9chenyi Istv\u00e1n University\u2019s highly successful event, the Job Fair, connects students with employers and economic actors of the region each semester. At the fair held on 11 ...","og_url":"https:\/\/alumni.sze.hu\/en\/job-fair-students-of-sze-are-in-high-demand-on-the-labour-market\/","og_site_name":"SZE Alumni \u2013 Sz\u00e9chenyi Istv\u00e1n Egyetem","article_published_time":"2025-11-18T10:43:04+00:00","twitter_card":"summary_large_image","twitter_image":"https:\/\/alumni.sze.hu\/en\/wp-content\/uploads\/2025\/11\/allasborze_kep1.webp","twitter_misc":{"Szerz\u0151:":"KUP\u00d3-ZAJZON R\u00e9ka","Becs\u00fclt olvas\u00e1si id\u0151":"3 perc"},"schema":{"@context":"https:\/\/schema.org","@graph":[{"@type":"WebSite","@id":"https:\/\/alumni.sze.hu\/en\/#website","url":"https:\/\/alumni.sze.hu\/en\/","name":"SZE Alumni \u2013 Sz\u00e9chenyi Istv\u00e1n Egyetem","description":"SZE Alumni \u2013 Sz\u00e9chenyi Istv\u00e1n Egyetem","potentialAction":[{"@type":"SearchAction","target":{"@type":"EntryPoint","urlTemplate":"https:\/\/alumni.sze.hu\/en\/?s={search_term_string}"},"query-input":"required name=search_term_string"}],"inLanguage":"hu"},{"@type":"ImageObject","@id":"https:\/\/alumni.sze.hu\/en\/job-fair-students-of-sze-are-in-high-demand-on-the-labour-market\/#primaryimage","inLanguage":"hu","url":"https:\/\/alumni.sze.hu\/en\/wp-content\/uploads\/2025\/11\/allasborze_kep1.webp","contentUrl":"https:\/\/alumni.sze.hu\/en\/wp-content\/uploads\/2025\/11\/allasborze_kep1.webp","width":1620,"height":1080,"caption":"The autumn Career Fair of Sz\u00e9chenyi Istv\u00e1n University attracted great interest among students (Photo: Gergely Nagy)"},{"@type":"WebPage","@id":"https:\/\/alumni.sze.hu\/en\/job-fair-students-of-sze-are-in-high-demand-on-the-labour-market\/#webpage","url":"https:\/\/alumni.sze.hu\/en\/job-fair-students-of-sze-are-in-high-demand-on-the-labour-market\/","name":"Job Fair: Students of SZE Are in High Demand on the Labour Market - SZE Alumni \u2013 Sz\u00e9chenyi Istv\u00e1n Egyetem","isPartOf":{"@id":"https:\/\/alumni.sze.hu\/en\/#website"},"primaryImageOfPage":{"@id":"https:\/\/alumni.sze.hu\/en\/job-fair-students-of-sze-are-in-high-demand-on-the-labour-market\/#primaryimage"},"datePublished":"2025-11-18T10:43:04+00:00","dateModified":"2025-11-18T10:43:04+00:00","author":{"@id":"https:\/\/alumni.sze.hu\/en\/#\/schema\/person\/e80038ffd588d77e7ccd9bee4a6e445c"},"breadcrumb":{"@id":"https:\/\/alumni.sze.hu\/en\/job-fair-students-of-sze-are-in-high-demand-on-the-labour-market\/#breadcrumb"},"inLanguage":"hu","potentialAction":[{"@type":"ReadAction","target":["https:\/\/alumni.sze.hu\/en\/job-fair-students-of-sze-are-in-high-demand-on-the-labour-market\/"]}]},{"@type":"BreadcrumbList","@id":"https:\/\/alumni.sze.hu\/en\/job-fair-students-of-sze-are-in-high-demand-on-the-labour-market\/#breadcrumb","itemListElement":[{"@type":"ListItem","position":1,"name":"Homepage","item":"https:\/\/alumni.sze.hu\/en\/"},{"@type":"ListItem","position":2,"name":"Job Fair: Students of SZE Are in High Demand on the Labour Market"}]},{"@type":"Person","@id":"https:\/\/alumni.sze.hu\/en\/#\/schema\/person\/e80038ffd588d77e7ccd9bee4a6e445c","name":"KUP\u00d3-ZAJZON R\u00e9ka","image":{"@type":"ImageObject","@id":"https:\/\/alumni.sze.hu\/en\/#personlogo","inLanguage":"hu","url":"https:\/\/secure.gravatar.com\/avatar\/1084379bc06970c176085757561a2c46a3ed600c0f54ee76511c6ded24d31c0d?s=96&d=mm&r=g","contentUrl":"https:\/\/secure.gravatar.com\/avatar\/1084379bc06970c176085757561a2c46a3ed600c0f54ee76511c6ded24d31c0d?s=96&d=mm&r=g","caption":"KUP\u00d3-ZAJZON R\u00e9ka"},"url":"https:\/\/alumni.sze.hu\/en\/author\/kupore\/"}]}},"_links":{"self":[{"href":"https:\/\/alumni.sze.hu\/en\/wp-json\/wp\/v2\/posts\/9070","targetHints":{"allow":["GET"]}}],"collection":[{"href":"https:\/\/alumni.sze.hu\/en\/wp-json\/wp\/v2\/posts"}],"about":[{"href":"https:\/\/alumni.sze.hu\/en\/wp-json\/wp\/v2\/types\/post"}],"author":[{"embeddable":true,"href":"https:\/\/alumni.sze.hu\/en\/wp-json\/wp\/v2\/users\/22"}],"replies":[{"embeddable":true,"href":"https:\/\/alumni.sze.hu\/en\/wp-json\/wp\/v2\/comments?post=9070"}],"version-history":[{"count":1,"href":"https:\/\/alumni.sze.hu\/en\/wp-json\/wp\/v2\/posts\/9070\/revisions"}],"predecessor-version":[{"id":9074,"href":"https:\/\/alumni.sze.hu\/en\/wp-json\/wp\/v2\/posts\/9070\/revisions\/9074"}],"wp:featuredmedia":[{"embeddable":true,"href":"https:\/\/alumni.sze.hu\/en\/wp-json\/wp\/v2\/media\/9071"}],"wp:attachment":[{"href":"https:\/\/alumni.sze.hu\/en\/wp-json\/wp\/v2\/media?parent=9070"}],"wp:term":[{"taxonomy":"category","embeddable":true,"href":"https:\/\/alumni.sze.hu\/en\/wp-json\/wp\/v2\/categories?post=9070"},{"taxonomy":"post_tag","embeddable":true,"href":"https:\/\/alumni.sze.hu\/en\/wp-json\/wp\/v2\/tags?post=9070"}],"curies":[{"name":"wp","href":"https:\/\/api.w.org\/{rel}","templated":true}]}}