{"id":9050,"date":"2025-11-17T13:38:12","date_gmt":"2025-11-17T13:38:12","guid":{"rendered":"https:\/\/alumni.sze.hu\/en\/?p=9050"},"modified":"2025-11-17T13:38:13","modified_gmt":"2025-11-17T13:38:13","slug":"impact-of-digitalisation-on-legal-professions-international-conference-organized-by-sze","status":"publish","type":"post","link":"https:\/\/alumni.sze.hu\/en\/impact-of-digitalisation-on-legal-professions-international-conference-organized-by-sze\/","title":{"rendered":"Impact of Digitalisation on Legal Professions \u2013 International Conference Organized by SZE"},"content":{"rendered":"\n<p>Created: 2025.11.17. 12:21<\/p>\n\n\n\n<p><strong><em>Artificial intelligence, online court platforms and automated legal procedures are fundamentally reshaping the legal professions of lawyers and judges \u2013 these were the topics focused on by the international conference recently held by the De\u00e1k Ferenc Faculty of Law and Political Sciences at Sz\u00e9chenyi Istv\u00e1n University. At the event, Hungarian and foreign experts, lecturers and practising lawyers discussed how technological developments are transforming the perception of the legal role and everyday professional practice.<\/em><\/strong><\/p>\n\n\n\n<p>The De\u00e1k Ferenc Faculty of Law and Political Sciences at Sz\u00e9chenyi Istv\u00e1n University recently organised a three-day conference titled\u00a0<em>&#8222;The Impact of Digitalisation on Legal Professions\u201d<\/em>, organized by the Law and Rule of Law Research Group and Professor Dr M\u00e1ty\u00e1s Bencze. This year, with the support of the National Media and Infocommunications Authority and in partnership with the Hungarian Bar Association, the research group conducted a questionnaire-based survey among Hungarian lawyers regarding how they integrate new digital technologies into their daily activities and what changes this has brought to their professional practice. The results obtained provided an opportunity for the participants to discuss the interconnectedness of the topic.<\/p>\n\n\n\n<figure class=\"wp-block-image size-large\"><img loading=\"lazy\" decoding=\"async\" width=\"1024\" height=\"683\" src=\"https:\/\/alumni.sze.hu\/en\/wp-content\/uploads\/2025\/11\/DFK-konf_Kep1-1024x683.webp\" alt=\"\" class=\"wp-image-9055\" srcset=\"https:\/\/alumni.sze.hu\/en\/wp-content\/uploads\/2025\/11\/DFK-konf_Kep1-1024x683.webp 1024w, https:\/\/alumni.sze.hu\/en\/wp-content\/uploads\/2025\/11\/DFK-konf_Kep1-300x200.webp 300w, https:\/\/alumni.sze.hu\/en\/wp-content\/uploads\/2025\/11\/DFK-konf_Kep1-768x512.webp 768w, https:\/\/alumni.sze.hu\/en\/wp-content\/uploads\/2025\/11\/DFK-konf_Kep1-1536x1024.webp 1536w, https:\/\/alumni.sze.hu\/en\/wp-content\/uploads\/2025\/11\/DFK-konf_Kep1-18x12.webp 18w, https:\/\/alumni.sze.hu\/en\/wp-content\/uploads\/2025\/11\/DFK-konf_Kep1.webp 1620w\" sizes=\"auto, (max-width: 1024px) 100vw, 1024px\" \/><figcaption class=\"wp-element-caption\">Organisers and speakers of the conference &#8222;The Impact of Digitalisation on Legal Professions&#8221; (Photo: M\u00e1t\u00e9 Dud\u00e1s)<\/figcaption><\/figure>\n\n\n\n<p><\/p>\n\n\n\n<p>The programme was opened by Professor Dr Petra Acz\u00e9l, Head of the institution&#8217;s Future Management Zone, who drew attention to the fact that digitalisation is not merely about the appearance of new tools but about a fundamental change in perspective.&nbsp;<em>&#8222;We live in an era where artificial intelligence is fundamentally rewriting the meaning of professions. In this great transformation, we are simultaneously losing our familiar certainties and opening up new possibilities. Sz\u00e9chenyi Istv\u00e1n University is a knowledge centre where the meeting of different scientific fields not only allows us to react to changes but also enables us to shape them,&#8221;<\/em>&nbsp;she emphasised.<\/p>\n\n\n\n<p>Dr P\u00e9ter Smuk, Dean of the Faculty, highlighted that the future of legal professions is determined by the harmonisation of technological progress and professionalism.\u00a0<em>&#8222;Digitalisation is a great opportunity, but also a serious responsibility. The mission of our Faculty is to pass on the enduring values of the legal profession while preparing our students for the challenges of a rapidly changing technological environment. Artificial intelligence and legal technologies can support professional work, but human judgment must remain behind the decisions,&#8221;<\/em>\u00a0he stated.<\/p>\n\n\n\n<figure class=\"wp-block-image size-large\"><img loading=\"lazy\" decoding=\"async\" width=\"1024\" height=\"683\" src=\"https:\/\/alumni.sze.hu\/en\/wp-content\/uploads\/2025\/11\/DFK-konf_Kep2-1024x683.webp\" alt=\"\" class=\"wp-image-9054\" srcset=\"https:\/\/alumni.sze.hu\/en\/wp-content\/uploads\/2025\/11\/DFK-konf_Kep2-1024x683.webp 1024w, https:\/\/alumni.sze.hu\/en\/wp-content\/uploads\/2025\/11\/DFK-konf_Kep2-300x200.webp 300w, https:\/\/alumni.sze.hu\/en\/wp-content\/uploads\/2025\/11\/DFK-konf_Kep2-768x512.webp 768w, https:\/\/alumni.sze.hu\/en\/wp-content\/uploads\/2025\/11\/DFK-konf_Kep2-1536x1024.webp 1536w, https:\/\/alumni.sze.hu\/en\/wp-content\/uploads\/2025\/11\/DFK-konf_Kep2-18x12.webp 18w, https:\/\/alumni.sze.hu\/en\/wp-content\/uploads\/2025\/11\/DFK-konf_Kep2.webp 1620w\" sizes=\"auto, (max-width: 1024px) 100vw, 1024px\" \/><figcaption class=\"wp-element-caption\">Dr P\u00e9ter Smuk, Dean of the Faculty, emphasised that digitalisation cannot be avoided, but it does not in itself offer a solution: the interpretation and responsible application of the changes remain the task of lawyers (Photo: M\u00e1t\u00e9 Dud\u00e1s)<\/figcaption><\/figure>\n\n\n\n<p><\/p>\n\n\n\n<p>One of the keynote speakers at the event was Dr Dory Reiling, former judge of the Amsterdam District Court and an expert in the World Bank&#8217;s judicial digital reform programme, who spoke about the conditions for the safe and responsible application of artificial intelligence. She pointed out that technological systems only serve justice if their operation remains transparent, balanced and under human control.<\/p>\n\n\n\n<figure class=\"wp-block-image size-large\"><img loading=\"lazy\" decoding=\"async\" width=\"1024\" height=\"683\" src=\"https:\/\/alumni.sze.hu\/en\/wp-content\/uploads\/2025\/11\/DFK-konf_Kep3-1024x683.webp\" alt=\"\" class=\"wp-image-9053\" srcset=\"https:\/\/alumni.sze.hu\/en\/wp-content\/uploads\/2025\/11\/DFK-konf_Kep3-1024x683.webp 1024w, https:\/\/alumni.sze.hu\/en\/wp-content\/uploads\/2025\/11\/DFK-konf_Kep3-300x200.webp 300w, https:\/\/alumni.sze.hu\/en\/wp-content\/uploads\/2025\/11\/DFK-konf_Kep3-768x512.webp 768w, https:\/\/alumni.sze.hu\/en\/wp-content\/uploads\/2025\/11\/DFK-konf_Kep3-1536x1024.webp 1536w, https:\/\/alumni.sze.hu\/en\/wp-content\/uploads\/2025\/11\/DFK-konf_Kep3-18x12.webp 18w, https:\/\/alumni.sze.hu\/en\/wp-content\/uploads\/2025\/11\/DFK-konf_Kep3.webp 1620w\" sizes=\"auto, (max-width: 1024px) 100vw, 1024px\" \/><figcaption class=\"wp-element-caption\">Dr Dory Reiling, an internationally recognised expert in the digitalisation of the justice system, with her book on the subject (Photo: M\u00e1t\u00e9 Dud\u00e1s)<\/figcaption><\/figure>\n\n\n\n<p><\/p>\n\n\n\n<p>The other international keynote presentation was given by Dr Francesco Contini, a researcher at the Institute of Legal Informatics of the Italian National Research Council. In his presentation, he used the examples of Italy and Brazil to show how artificial intelligence can simultaneously become a tool to support judicial efficiency and a risk to judicial independence. He stressed that the &#8222;taming&#8221; of digitalisation is an institutional matter, and only systems that ensure the autonomy of the justice system can be sustained.<\/p>\n\n\n\n<figure class=\"wp-block-image size-large\"><img loading=\"lazy\" decoding=\"async\" width=\"1024\" height=\"683\" src=\"https:\/\/alumni.sze.hu\/en\/wp-content\/uploads\/2025\/11\/DFK-konf_Kep4-1024x683.webp\" alt=\"\" class=\"wp-image-9052\" srcset=\"https:\/\/alumni.sze.hu\/en\/wp-content\/uploads\/2025\/11\/DFK-konf_Kep4-1024x683.webp 1024w, https:\/\/alumni.sze.hu\/en\/wp-content\/uploads\/2025\/11\/DFK-konf_Kep4-300x200.webp 300w, https:\/\/alumni.sze.hu\/en\/wp-content\/uploads\/2025\/11\/DFK-konf_Kep4-768x512.webp 768w, https:\/\/alumni.sze.hu\/en\/wp-content\/uploads\/2025\/11\/DFK-konf_Kep4-1536x1024.webp 1536w, https:\/\/alumni.sze.hu\/en\/wp-content\/uploads\/2025\/11\/DFK-konf_Kep4-18x12.webp 18w, https:\/\/alumni.sze.hu\/en\/wp-content\/uploads\/2025\/11\/DFK-konf_Kep4.webp 1620w\" sizes=\"auto, (max-width: 1024px) 100vw, 1024px\" \/><figcaption class=\"wp-element-caption\">Dr Francesco Contini gave a presentation on international models of judicial digitalisation (Photo: M\u00e1t\u00e9 Dud\u00e1s)<\/figcaption><\/figure>\n\n\n\n<p>The Hungarian keynote speakers at the conference drew attention to the current experiences and dilemmas of Hungarian legal practice. Dr P\u00e9ter T\u00f3th spoke about the transformation of legal technology and corporate legal work, demonstrating how the digital environment forces lawyers and legal counsels to renew their mindset and service models. Dr Zsolt Z\u0151di analysed the applicability and limitations of artificial intelligence \u2013 especially chatbots \u2013 in legal work, highlighting that technological solutions can only represent progress where the human aspect of legal decision-making can be preserved.<\/p>\n\n\n\n<figure class=\"wp-block-image size-large\"><img loading=\"lazy\" decoding=\"async\" width=\"1024\" height=\"683\" src=\"https:\/\/alumni.sze.hu\/en\/wp-content\/uploads\/2025\/11\/DFK-konf_Kep5-1024x683.webp\" alt=\"\" class=\"wp-image-9051\" srcset=\"https:\/\/alumni.sze.hu\/en\/wp-content\/uploads\/2025\/11\/DFK-konf_Kep5-1024x683.webp 1024w, https:\/\/alumni.sze.hu\/en\/wp-content\/uploads\/2025\/11\/DFK-konf_Kep5-300x200.webp 300w, https:\/\/alumni.sze.hu\/en\/wp-content\/uploads\/2025\/11\/DFK-konf_Kep5-768x512.webp 768w, https:\/\/alumni.sze.hu\/en\/wp-content\/uploads\/2025\/11\/DFK-konf_Kep5-1536x1024.webp 1536w, https:\/\/alumni.sze.hu\/en\/wp-content\/uploads\/2025\/11\/DFK-konf_Kep5-18x12.webp 18w, https:\/\/alumni.sze.hu\/en\/wp-content\/uploads\/2025\/11\/DFK-konf_Kep5.webp 1620w\" sizes=\"auto, (max-width: 1024px) 100vw, 1024px\" \/><figcaption class=\"wp-element-caption\">Many followed the presentations with interest (Photo: M\u00e1t\u00e9 Dud\u00e1s)<\/figcaption><\/figure>\n\n\n\n<p><\/p>\n","protected":false},"excerpt":{"rendered":"<p>Created: 2025.11.17. 12:21 Artificial intelligence, online court platforms and automated legal procedures are fundamentally reshaping the legal professions of lawyers and judges \u2013 these were the topics focused on by &#8230;<\/p>\n","protected":false},"author":22,"featured_media":9055,"comment_status":"closed","ping_status":"open","sticky":false,"template":"","format":"standard","meta":{"footnotes":""},"categories":[24],"tags":[],"class_list":["post-9050","post","type-post","status-publish","format-standard","has-post-thumbnail","hentry","category-news"],"yoast_head":"<!-- This site is optimized with the Yoast SEO plugin v17.8 - https:\/\/yoast.com\/wordpress\/plugins\/seo\/ -->\n<title>Impact of Digitalisation on Legal Professions \u2013 International Conference Organized by SZE - SZE Alumni \u2013 Sz\u00e9chenyi Istv\u00e1n Egyetem<\/title>\n<meta name=\"robots\" content=\"index, follow, max-snippet:-1, max-image-preview:large, max-video-preview:-1\" \/>\n<link rel=\"canonical\" href=\"https:\/\/alumni.sze.hu\/en\/impact-of-digitalisation-on-legal-professions-international-conference-organized-by-sze\/\" \/>\n<meta property=\"og:locale\" content=\"hu_HU\" \/>\n<meta property=\"og:type\" content=\"article\" \/>\n<meta property=\"og:title\" content=\"Impact of Digitalisation on Legal Professions \u2013 International Conference Organized by SZE - SZE Alumni \u2013 Sz\u00e9chenyi Istv\u00e1n Egyetem\" \/>\n<meta property=\"og:description\" content=\"Created: 2025.11.17. 12:21 Artificial intelligence, online court platforms and automated legal procedures are fundamentally reshaping the legal professions of lawyers and judges \u2013 these were the topics focused on by ...\" \/>\n<meta property=\"og:url\" content=\"https:\/\/alumni.sze.hu\/en\/impact-of-digitalisation-on-legal-professions-international-conference-organized-by-sze\/\" \/>\n<meta property=\"og:site_name\" content=\"SZE Alumni \u2013 Sz\u00e9chenyi Istv\u00e1n Egyetem\" \/>\n<meta property=\"article:published_time\" content=\"2025-11-17T13:38:12+00:00\" \/>\n<meta property=\"article:modified_time\" content=\"2025-11-17T13:38:13+00:00\" \/>\n<meta name=\"twitter:card\" content=\"summary_large_image\" \/>\n<meta name=\"twitter:image\" content=\"https:\/\/alumni.sze.hu\/en\/wp-content\/uploads\/2025\/11\/DFK-konf_Kep1.webp\" \/>\n<meta name=\"twitter:label1\" content=\"Szerz\u0151:\" \/>\n\t<meta name=\"twitter:data1\" content=\"KUP\u00d3-ZAJZON R\u00e9ka\" \/>\n\t<meta name=\"twitter:label2\" content=\"Becs\u00fclt olvas\u00e1si id\u0151\" \/>\n\t<meta name=\"twitter:data2\" content=\"4 perc\" \/>\n<script type=\"application\/ld+json\" class=\"yoast-schema-graph\">{\"@context\":\"https:\/\/schema.org\",\"@graph\":[{\"@type\":\"WebSite\",\"@id\":\"https:\/\/alumni.sze.hu\/en\/#website\",\"url\":\"https:\/\/alumni.sze.hu\/en\/\",\"name\":\"SZE Alumni \\u2013 Sz\\u00e9chenyi Istv\\u00e1n Egyetem\",\"description\":\"SZE Alumni \\u2013 Sz\\u00e9chenyi Istv\\u00e1n Egyetem\",\"potentialAction\":[{\"@type\":\"SearchAction\",\"target\":{\"@type\":\"EntryPoint\",\"urlTemplate\":\"https:\/\/alumni.sze.hu\/en\/?s={search_term_string}\"},\"query-input\":\"required name=search_term_string\"}],\"inLanguage\":\"hu\"},{\"@type\":\"ImageObject\",\"@id\":\"https:\/\/alumni.sze.hu\/en\/impact-of-digitalisation-on-legal-professions-international-conference-organized-by-sze\/#primaryimage\",\"inLanguage\":\"hu\",\"url\":\"https:\/\/alumni.sze.hu\/en\/wp-content\/uploads\/2025\/11\/DFK-konf_Kep1.webp\",\"contentUrl\":\"https:\/\/alumni.sze.hu\/en\/wp-content\/uploads\/2025\/11\/DFK-konf_Kep1.webp\",\"width\":1620,\"height\":1080,\"caption\":\"Organisers and speakers of the conference \\\"The Impact of Digitalisation on Legal Professions\\\" (Photo: M\\u00e1t\\u00e9 Dud\\u00e1s)\"},{\"@type\":\"WebPage\",\"@id\":\"https:\/\/alumni.sze.hu\/en\/impact-of-digitalisation-on-legal-professions-international-conference-organized-by-sze\/#webpage\",\"url\":\"https:\/\/alumni.sze.hu\/en\/impact-of-digitalisation-on-legal-professions-international-conference-organized-by-sze\/\",\"name\":\"Impact of Digitalisation on Legal Professions \\u2013 International Conference Organized by SZE - SZE Alumni \\u2013 Sz\\u00e9chenyi Istv\\u00e1n Egyetem\",\"isPartOf\":{\"@id\":\"https:\/\/alumni.sze.hu\/en\/#website\"},\"primaryImageOfPage\":{\"@id\":\"https:\/\/alumni.sze.hu\/en\/impact-of-digitalisation-on-legal-professions-international-conference-organized-by-sze\/#primaryimage\"},\"datePublished\":\"2025-11-17T13:38:12+00:00\",\"dateModified\":\"2025-11-17T13:38:13+00:00\",\"author\":{\"@id\":\"https:\/\/alumni.sze.hu\/en\/#\/schema\/person\/e80038ffd588d77e7ccd9bee4a6e445c\"},\"breadcrumb\":{\"@id\":\"https:\/\/alumni.sze.hu\/en\/impact-of-digitalisation-on-legal-professions-international-conference-organized-by-sze\/#breadcrumb\"},\"inLanguage\":\"hu\",\"potentialAction\":[{\"@type\":\"ReadAction\",\"target\":[\"https:\/\/alumni.sze.hu\/en\/impact-of-digitalisation-on-legal-professions-international-conference-organized-by-sze\/\"]}]},{\"@type\":\"BreadcrumbList\",\"@id\":\"https:\/\/alumni.sze.hu\/en\/impact-of-digitalisation-on-legal-professions-international-conference-organized-by-sze\/#breadcrumb\",\"itemListElement\":[{\"@type\":\"ListItem\",\"position\":1,\"name\":\"Homepage\",\"item\":\"https:\/\/alumni.sze.hu\/en\/\"},{\"@type\":\"ListItem\",\"position\":2,\"name\":\"Impact of Digitalisation on Legal Professions \\u2013 International Conference Organized by SZE\"}]},{\"@type\":\"Person\",\"@id\":\"https:\/\/alumni.sze.hu\/en\/#\/schema\/person\/e80038ffd588d77e7ccd9bee4a6e445c\",\"name\":\"KUP\\u00d3-ZAJZON R\\u00e9ka\",\"image\":{\"@type\":\"ImageObject\",\"@id\":\"https:\/\/alumni.sze.hu\/en\/#personlogo\",\"inLanguage\":\"hu\",\"url\":\"https:\/\/secure.gravatar.com\/avatar\/1084379bc06970c176085757561a2c46a3ed600c0f54ee76511c6ded24d31c0d?s=96&d=mm&r=g\",\"contentUrl\":\"https:\/\/secure.gravatar.com\/avatar\/1084379bc06970c176085757561a2c46a3ed600c0f54ee76511c6ded24d31c0d?s=96&d=mm&r=g\",\"caption\":\"KUP\\u00d3-ZAJZON R\\u00e9ka\"},\"url\":\"https:\/\/alumni.sze.hu\/en\/author\/kupore\/\"}]}<\/script>\n<!-- \/ Yoast SEO plugin. -->","yoast_head_json":{"title":"Impact of Digitalisation on Legal Professions \u2013 International Conference Organized by SZE - SZE Alumni \u2013 Sz\u00e9chenyi Istv\u00e1n Egyetem","robots":{"index":"index","follow":"follow","max-snippet":"max-snippet:-1","max-image-preview":"max-image-preview:large","max-video-preview":"max-video-preview:-1"},"canonical":"https:\/\/alumni.sze.hu\/en\/impact-of-digitalisation-on-legal-professions-international-conference-organized-by-sze\/","og_locale":"hu_HU","og_type":"article","og_title":"Impact of Digitalisation on Legal Professions \u2013 International Conference Organized by SZE - SZE Alumni \u2013 Sz\u00e9chenyi Istv\u00e1n Egyetem","og_description":"Created: 2025.11.17. 12:21 Artificial intelligence, online court platforms and automated legal procedures are fundamentally reshaping the legal professions of lawyers and judges \u2013 these were the topics focused on by ...","og_url":"https:\/\/alumni.sze.hu\/en\/impact-of-digitalisation-on-legal-professions-international-conference-organized-by-sze\/","og_site_name":"SZE Alumni \u2013 Sz\u00e9chenyi Istv\u00e1n Egyetem","article_published_time":"2025-11-17T13:38:12+00:00","article_modified_time":"2025-11-17T13:38:13+00:00","twitter_card":"summary_large_image","twitter_image":"https:\/\/alumni.sze.hu\/en\/wp-content\/uploads\/2025\/11\/DFK-konf_Kep1.webp","twitter_misc":{"Szerz\u0151:":"KUP\u00d3-ZAJZON R\u00e9ka","Becs\u00fclt olvas\u00e1si id\u0151":"4 perc"},"schema":{"@context":"https:\/\/schema.org","@graph":[{"@type":"WebSite","@id":"https:\/\/alumni.sze.hu\/en\/#website","url":"https:\/\/alumni.sze.hu\/en\/","name":"SZE Alumni \u2013 Sz\u00e9chenyi Istv\u00e1n Egyetem","description":"SZE Alumni \u2013 Sz\u00e9chenyi Istv\u00e1n Egyetem","potentialAction":[{"@type":"SearchAction","target":{"@type":"EntryPoint","urlTemplate":"https:\/\/alumni.sze.hu\/en\/?s={search_term_string}"},"query-input":"required name=search_term_string"}],"inLanguage":"hu"},{"@type":"ImageObject","@id":"https:\/\/alumni.sze.hu\/en\/impact-of-digitalisation-on-legal-professions-international-conference-organized-by-sze\/#primaryimage","inLanguage":"hu","url":"https:\/\/alumni.sze.hu\/en\/wp-content\/uploads\/2025\/11\/DFK-konf_Kep1.webp","contentUrl":"https:\/\/alumni.sze.hu\/en\/wp-content\/uploads\/2025\/11\/DFK-konf_Kep1.webp","width":1620,"height":1080,"caption":"Organisers and speakers of the conference \"The Impact of Digitalisation on Legal Professions\" (Photo: M\u00e1t\u00e9 Dud\u00e1s)"},{"@type":"WebPage","@id":"https:\/\/alumni.sze.hu\/en\/impact-of-digitalisation-on-legal-professions-international-conference-organized-by-sze\/#webpage","url":"https:\/\/alumni.sze.hu\/en\/impact-of-digitalisation-on-legal-professions-international-conference-organized-by-sze\/","name":"Impact of Digitalisation on Legal Professions \u2013 International Conference Organized by SZE - SZE Alumni \u2013 Sz\u00e9chenyi Istv\u00e1n Egyetem","isPartOf":{"@id":"https:\/\/alumni.sze.hu\/en\/#website"},"primaryImageOfPage":{"@id":"https:\/\/alumni.sze.hu\/en\/impact-of-digitalisation-on-legal-professions-international-conference-organized-by-sze\/#primaryimage"},"datePublished":"2025-11-17T13:38:12+00:00","dateModified":"2025-11-17T13:38:13+00:00","author":{"@id":"https:\/\/alumni.sze.hu\/en\/#\/schema\/person\/e80038ffd588d77e7ccd9bee4a6e445c"},"breadcrumb":{"@id":"https:\/\/alumni.sze.hu\/en\/impact-of-digitalisation-on-legal-professions-international-conference-organized-by-sze\/#breadcrumb"},"inLanguage":"hu","potentialAction":[{"@type":"ReadAction","target":["https:\/\/alumni.sze.hu\/en\/impact-of-digitalisation-on-legal-professions-international-conference-organized-by-sze\/"]}]},{"@type":"BreadcrumbList","@id":"https:\/\/alumni.sze.hu\/en\/impact-of-digitalisation-on-legal-professions-international-conference-organized-by-sze\/#breadcrumb","itemListElement":[{"@type":"ListItem","position":1,"name":"Homepage","item":"https:\/\/alumni.sze.hu\/en\/"},{"@type":"ListItem","position":2,"name":"Impact of Digitalisation on Legal Professions \u2013 International Conference Organized by SZE"}]},{"@type":"Person","@id":"https:\/\/alumni.sze.hu\/en\/#\/schema\/person\/e80038ffd588d77e7ccd9bee4a6e445c","name":"KUP\u00d3-ZAJZON R\u00e9ka","image":{"@type":"ImageObject","@id":"https:\/\/alumni.sze.hu\/en\/#personlogo","inLanguage":"hu","url":"https:\/\/secure.gravatar.com\/avatar\/1084379bc06970c176085757561a2c46a3ed600c0f54ee76511c6ded24d31c0d?s=96&d=mm&r=g","contentUrl":"https:\/\/secure.gravatar.com\/avatar\/1084379bc06970c176085757561a2c46a3ed600c0f54ee76511c6ded24d31c0d?s=96&d=mm&r=g","caption":"KUP\u00d3-ZAJZON R\u00e9ka"},"url":"https:\/\/alumni.sze.hu\/en\/author\/kupore\/"}]}},"_links":{"self":[{"href":"https:\/\/alumni.sze.hu\/en\/wp-json\/wp\/v2\/posts\/9050","targetHints":{"allow":["GET"]}}],"collection":[{"href":"https:\/\/alumni.sze.hu\/en\/wp-json\/wp\/v2\/posts"}],"about":[{"href":"https:\/\/alumni.sze.hu\/en\/wp-json\/wp\/v2\/types\/post"}],"author":[{"embeddable":true,"href":"https:\/\/alumni.sze.hu\/en\/wp-json\/wp\/v2\/users\/22"}],"replies":[{"embeddable":true,"href":"https:\/\/alumni.sze.hu\/en\/wp-json\/wp\/v2\/comments?post=9050"}],"version-history":[{"count":1,"href":"https:\/\/alumni.sze.hu\/en\/wp-json\/wp\/v2\/posts\/9050\/revisions"}],"predecessor-version":[{"id":9056,"href":"https:\/\/alumni.sze.hu\/en\/wp-json\/wp\/v2\/posts\/9050\/revisions\/9056"}],"wp:featuredmedia":[{"embeddable":true,"href":"https:\/\/alumni.sze.hu\/en\/wp-json\/wp\/v2\/media\/9055"}],"wp:attachment":[{"href":"https:\/\/alumni.sze.hu\/en\/wp-json\/wp\/v2\/media?parent=9050"}],"wp:term":[{"taxonomy":"category","embeddable":true,"href":"https:\/\/alumni.sze.hu\/en\/wp-json\/wp\/v2\/categories?post=9050"},{"taxonomy":"post_tag","embeddable":true,"href":"https:\/\/alumni.sze.hu\/en\/wp-json\/wp\/v2\/tags?post=9050"}],"curies":[{"name":"wp","href":"https:\/\/api.w.org\/{rel}","templated":true}]}}