{"id":7830,"date":"2024-05-06T12:26:35","date_gmt":"2024-05-06T12:26:35","guid":{"rendered":"https:\/\/alumni.sze.hu\/en\/?p=7830"},"modified":"2024-05-06T12:26:36","modified_gmt":"2024-05-06T12:26:36","slug":"the-first-photo-exhibition-at-the-gyor-innovation-park-of-szechenyi-istvan-university","status":"publish","type":"post","link":"https:\/\/alumni.sze.hu\/en\/the-first-photo-exhibition-at-the-gyor-innovation-park-of-szechenyi-istvan-university\/","title":{"rendered":"THE FIRST PHOTO EXHIBITION AT THE GY\u0150R INNOVATION PARK OF SZ\u00c9CHENYI ISTV\u00c1N UNIVERSITY"},"content":{"rendered":"\n<p><strong>&#8222;Hommage in black and white: a tribute to the city of Gy\u0151r and Sz\u00e9chenyi Istv\u00e1n University&#8221; was the title of an exhibition opened at the Innovation Park of Sz\u00e9chenyi Istv\u00e1n University in Gy\u0151r on 19 April.<\/strong>&nbsp;<strong>The exhibition of the works of Ferenc Nagy, photographer, will be open for a month.<\/strong><\/p>\n\n\n\n<p>Gy\u0151r Innovation Park is the home of research, development and education. The building is also home to the Design Campus of Sz\u00e9chenyi Istv\u00e1n University, which coordinates the design, graphic design and architecture courses of the university. But the&nbsp;<a href=\"https:\/\/www.uni.sze.hu\/post\/%C3%A1tadt%C3%A1k-a-kock%C3%A1t-a-t%C3%A9rs%C3%A9g-fejl%C5%91d%C3%A9s%C3%A9t-%C3%B6szt%C3%B6nzi-a-sz%C3%A9chenyi-istv%C3%A1n-egyetem-gy%C5%91ri-innov%C3%A1ci%C3%B3s-parkja\">facility, inaugurated last year<\/a>, also has another role to play: as a cultural forum, it acts as a bridge between the university and the citizens of the city. The exhibition of photographer Ferenc Nagy, recently opened in the building, serves this purpose.<\/p>\n\n\n\n<p>Dr. Csaba Andr\u00e1s D\u00e9zsi, Mayor of Gy\u0151r, emphasized in his welcome speech that it is a great pleasure for him to see the result of the artist&#8217;s talent and work exhibited to the public.&nbsp;<em>&#8222;These pictures have a special effect, because they convey emotion and a distinctive atmosphere.<\/em>&nbsp;<em>I hope that as many people as possible will be captivated by the details and that many will be curious about the emotions conveyed by the photographs<\/em>,&#8221; he said.<\/p>\n\n\n\n<p>Bernadett \u00c1gota, director of the Design Campus, explained that the &#8222;Hommage in black and white&#8221; exhibition will hopefully be followed by more exhibitions of similar themes by individual artists.\u00a0<em>&#8222;Photography as a means of communicating design is also part of the curriculum of the Design Campus courses.<\/em>\u00a0<em>This exhibition represents classical values and is presented to us as an intergenerational visual poem by Ferenc Nagy<\/em>,&#8221; she said.<\/p>\n\n\n\n<figure class=\"wp-block-image size-large\"><img loading=\"lazy\" decoding=\"async\" width=\"1024\" height=\"683\" src=\"https:\/\/alumni.sze.hu\/en\/wp-content\/uploads\/2024\/05\/image-4-1024x683.png\" alt=\"\" class=\"wp-image-7831\" srcset=\"https:\/\/alumni.sze.hu\/en\/wp-content\/uploads\/2024\/05\/image-4-1024x683.png 1024w, https:\/\/alumni.sze.hu\/en\/wp-content\/uploads\/2024\/05\/image-4-300x200.png 300w, https:\/\/alumni.sze.hu\/en\/wp-content\/uploads\/2024\/05\/image-4-768x512.png 768w, https:\/\/alumni.sze.hu\/en\/wp-content\/uploads\/2024\/05\/image-4-18x12.png 18w, https:\/\/alumni.sze.hu\/en\/wp-content\/uploads\/2024\/05\/image-4.png 1386w\" sizes=\"auto, (max-width: 1024px) 100vw, 1024px\" \/><\/figure>\n\n\n\n<p class=\"has-text-align-center\"><em>Ferenc Nagy, photographer, pays tribute to the city of Gy\u0151r and the Sz\u00e9chenyi Istv\u00e1n University with his pictures (Photo: Andr\u00e1s Adorj\u00e1n)<\/em><\/p>\n\n\n\n<p>In 2015, the photographer moved from advanced portrait and nature photography to the built environment. His images can be seen in Budapest and Gy\u0151r, in exhibitions and permanent collections, and his most popular works are photographs of buildings and symbols of Gy\u0151r. His exhibition &#8222;Hommage in black and white: a tribute to the city of Gy\u0151r and the Sz\u00e9chenyi Istv\u00e1n University&#8221; is a monochrome view of the world through the eyes of the artist, journeying between portraits, nature photographs and cityscapes.<\/p>\n\n\n\n<figure class=\"wp-block-image size-full\"><img loading=\"lazy\" decoding=\"async\" width=\"879\" height=\"338\" src=\"https:\/\/alumni.sze.hu\/en\/wp-content\/uploads\/2024\/05\/image-6.png\" alt=\"\" class=\"wp-image-7833\" srcset=\"https:\/\/alumni.sze.hu\/en\/wp-content\/uploads\/2024\/05\/image-6.png 879w, https:\/\/alumni.sze.hu\/en\/wp-content\/uploads\/2024\/05\/image-6-300x115.png 300w, https:\/\/alumni.sze.hu\/en\/wp-content\/uploads\/2024\/05\/image-6-768x295.png 768w, https:\/\/alumni.sze.hu\/en\/wp-content\/uploads\/2024\/05\/image-6-18x7.png 18w\" sizes=\"auto, (max-width: 879px) 100vw, 879px\" \/><\/figure>\n\n\n\n<p class=\"has-text-align-center\"><em>&#8222;This exhibition has given me the opportunity to present a more artistic selection of material that does not follow a single theme.<\/em>&nbsp;The&nbsp;<em>motto of the exhibition is twofold: Gy\u0151r is in our heart and the university is in our heart<\/em>,&#8221; Ferenc Nagy said at the opening.<\/p>\n","protected":false},"excerpt":{"rendered":"<p>&#8222;Hommage in black and white: a tribute to the city of Gy\u0151r and Sz\u00e9chenyi Istv\u00e1n University&#8221; was the title of an exhibition opened at the Innovation Park of Sz\u00e9chenyi Istv\u00e1n &#8230;<\/p>\n","protected":false},"author":18,"featured_media":7831,"comment_status":"closed","ping_status":"open","sticky":false,"template":"","format":"standard","meta":{"footnotes":""},"categories":[24],"tags":[],"class_list":["post-7830","post","type-post","status-publish","format-standard","has-post-thumbnail","hentry","category-news"],"yoast_head":"<!-- This site is optimized with the Yoast SEO plugin v17.8 - https:\/\/yoast.com\/wordpress\/plugins\/seo\/ -->\n<title>THE FIRST PHOTO EXHIBITION AT THE GY\u0150R INNOVATION PARK OF SZ\u00c9CHENYI ISTV\u00c1N UNIVERSITY - SZE Alumni \u2013 Sz\u00e9chenyi Istv\u00e1n Egyetem<\/title>\n<meta name=\"robots\" content=\"index, follow, max-snippet:-1, max-image-preview:large, max-video-preview:-1\" \/>\n<link rel=\"canonical\" href=\"https:\/\/alumni.sze.hu\/en\/the-first-photo-exhibition-at-the-gyor-innovation-park-of-szechenyi-istvan-university\/\" \/>\n<meta property=\"og:locale\" content=\"hu_HU\" \/>\n<meta property=\"og:type\" content=\"article\" \/>\n<meta property=\"og:title\" content=\"THE FIRST PHOTO EXHIBITION AT THE GY\u0150R INNOVATION PARK OF SZ\u00c9CHENYI ISTV\u00c1N UNIVERSITY - SZE Alumni \u2013 Sz\u00e9chenyi Istv\u00e1n Egyetem\" \/>\n<meta property=\"og:description\" content=\"&#8222;Hommage in black and white: a tribute to the city of Gy\u0151r and Sz\u00e9chenyi Istv\u00e1n University&#8221; was the title of an exhibition opened at the Innovation Park of Sz\u00e9chenyi Istv\u00e1n ...\" \/>\n<meta property=\"og:url\" content=\"https:\/\/alumni.sze.hu\/en\/the-first-photo-exhibition-at-the-gyor-innovation-park-of-szechenyi-istvan-university\/\" \/>\n<meta property=\"og:site_name\" content=\"SZE Alumni \u2013 Sz\u00e9chenyi Istv\u00e1n Egyetem\" \/>\n<meta property=\"article:published_time\" content=\"2024-05-06T12:26:35+00:00\" \/>\n<meta property=\"article:modified_time\" content=\"2024-05-06T12:26:36+00:00\" \/>\n<meta property=\"og:image\" content=\"https:\/\/alumni.sze.hu\/en\/wp-content\/uploads\/2024\/05\/image-4-1024x683.png\" \/>\n\t<meta property=\"og:image:width\" content=\"1024\" \/>\n\t<meta property=\"og:image:height\" content=\"683\" \/>\n<meta name=\"twitter:card\" content=\"summary_large_image\" \/>\n<meta name=\"twitter:label1\" content=\"Szerz\u0151:\" \/>\n\t<meta name=\"twitter:data1\" content=\"P\u00e1lin\u00e9 Nyiri Sylvia\" \/>\n\t<meta name=\"twitter:label2\" content=\"Becs\u00fclt olvas\u00e1si id\u0151\" \/>\n\t<meta name=\"twitter:data2\" content=\"2 perc\" \/>\n<script type=\"application\/ld+json\" class=\"yoast-schema-graph\">{\"@context\":\"https:\/\/schema.org\",\"@graph\":[{\"@type\":\"WebSite\",\"@id\":\"https:\/\/alumni.sze.hu\/en\/#website\",\"url\":\"https:\/\/alumni.sze.hu\/en\/\",\"name\":\"SZE Alumni \\u2013 Sz\\u00e9chenyi Istv\\u00e1n Egyetem\",\"description\":\"SZE Alumni \\u2013 Sz\\u00e9chenyi Istv\\u00e1n Egyetem\",\"potentialAction\":[{\"@type\":\"SearchAction\",\"target\":{\"@type\":\"EntryPoint\",\"urlTemplate\":\"https:\/\/alumni.sze.hu\/en\/?s={search_term_string}\"},\"query-input\":\"required name=search_term_string\"}],\"inLanguage\":\"hu\"},{\"@type\":\"ImageObject\",\"@id\":\"https:\/\/alumni.sze.hu\/en\/the-first-photo-exhibition-at-the-gyor-innovation-park-of-szechenyi-istvan-university\/#primaryimage\",\"inLanguage\":\"hu\",\"url\":\"https:\/\/alumni.sze.hu\/en\/wp-content\/uploads\/2024\/05\/image-4.png\",\"contentUrl\":\"https:\/\/alumni.sze.hu\/en\/wp-content\/uploads\/2024\/05\/image-4.png\",\"width\":1386,\"height\":924},{\"@type\":\"WebPage\",\"@id\":\"https:\/\/alumni.sze.hu\/en\/the-first-photo-exhibition-at-the-gyor-innovation-park-of-szechenyi-istvan-university\/#webpage\",\"url\":\"https:\/\/alumni.sze.hu\/en\/the-first-photo-exhibition-at-the-gyor-innovation-park-of-szechenyi-istvan-university\/\",\"name\":\"THE FIRST PHOTO EXHIBITION AT THE GY\\u0150R INNOVATION PARK OF SZ\\u00c9CHENYI ISTV\\u00c1N UNIVERSITY - SZE Alumni \\u2013 Sz\\u00e9chenyi Istv\\u00e1n Egyetem\",\"isPartOf\":{\"@id\":\"https:\/\/alumni.sze.hu\/en\/#website\"},\"primaryImageOfPage\":{\"@id\":\"https:\/\/alumni.sze.hu\/en\/the-first-photo-exhibition-at-the-gyor-innovation-park-of-szechenyi-istvan-university\/#primaryimage\"},\"datePublished\":\"2024-05-06T12:26:35+00:00\",\"dateModified\":\"2024-05-06T12:26:36+00:00\",\"author\":{\"@id\":\"https:\/\/alumni.sze.hu\/en\/#\/schema\/person\/ad27dee701f5d9673ddc30b8f5036d36\"},\"breadcrumb\":{\"@id\":\"https:\/\/alumni.sze.hu\/en\/the-first-photo-exhibition-at-the-gyor-innovation-park-of-szechenyi-istvan-university\/#breadcrumb\"},\"inLanguage\":\"hu\",\"potentialAction\":[{\"@type\":\"ReadAction\",\"target\":[\"https:\/\/alumni.sze.hu\/en\/the-first-photo-exhibition-at-the-gyor-innovation-park-of-szechenyi-istvan-university\/\"]}]},{\"@type\":\"BreadcrumbList\",\"@id\":\"https:\/\/alumni.sze.hu\/en\/the-first-photo-exhibition-at-the-gyor-innovation-park-of-szechenyi-istvan-university\/#breadcrumb\",\"itemListElement\":[{\"@type\":\"ListItem\",\"position\":1,\"name\":\"Homepage\",\"item\":\"https:\/\/alumni.sze.hu\/en\/\"},{\"@type\":\"ListItem\",\"position\":2,\"name\":\"THE FIRST PHOTO EXHIBITION AT THE GY\\u0150R INNOVATION PARK OF SZ\\u00c9CHENYI ISTV\\u00c1N UNIVERSITY\"}]},{\"@type\":\"Person\",\"@id\":\"https:\/\/alumni.sze.hu\/en\/#\/schema\/person\/ad27dee701f5d9673ddc30b8f5036d36\",\"name\":\"P\\u00e1lin\\u00e9 Nyiri Sylvia\",\"image\":{\"@type\":\"ImageObject\",\"@id\":\"https:\/\/alumni.sze.hu\/en\/#personlogo\",\"inLanguage\":\"hu\",\"url\":\"https:\/\/secure.gravatar.com\/avatar\/61909a50f3db8d2115574015ff3ed62cf8eb7652359b5d40c060b5f81edb2cd6?s=96&d=mm&r=g\",\"contentUrl\":\"https:\/\/secure.gravatar.com\/avatar\/61909a50f3db8d2115574015ff3ed62cf8eb7652359b5d40c060b5f81edb2cd6?s=96&d=mm&r=g\",\"caption\":\"P\\u00e1lin\\u00e9 Nyiri Sylvia\"},\"url\":\"https:\/\/alumni.sze.hu\/en\/author\/palisy\/\"}]}<\/script>\n<!-- \/ Yoast SEO plugin. -->","yoast_head_json":{"title":"THE FIRST PHOTO EXHIBITION AT THE GY\u0150R INNOVATION PARK OF SZ\u00c9CHENYI ISTV\u00c1N UNIVERSITY - SZE Alumni \u2013 Sz\u00e9chenyi Istv\u00e1n Egyetem","robots":{"index":"index","follow":"follow","max-snippet":"max-snippet:-1","max-image-preview":"max-image-preview:large","max-video-preview":"max-video-preview:-1"},"canonical":"https:\/\/alumni.sze.hu\/en\/the-first-photo-exhibition-at-the-gyor-innovation-park-of-szechenyi-istvan-university\/","og_locale":"hu_HU","og_type":"article","og_title":"THE FIRST PHOTO EXHIBITION AT THE GY\u0150R INNOVATION PARK OF SZ\u00c9CHENYI ISTV\u00c1N UNIVERSITY - SZE Alumni \u2013 Sz\u00e9chenyi Istv\u00e1n Egyetem","og_description":"&#8222;Hommage in black and white: a tribute to the city of Gy\u0151r and Sz\u00e9chenyi Istv\u00e1n University&#8221; was the title of an exhibition opened at the Innovation Park of Sz\u00e9chenyi Istv\u00e1n ...","og_url":"https:\/\/alumni.sze.hu\/en\/the-first-photo-exhibition-at-the-gyor-innovation-park-of-szechenyi-istvan-university\/","og_site_name":"SZE Alumni \u2013 Sz\u00e9chenyi Istv\u00e1n Egyetem","article_published_time":"2024-05-06T12:26:35+00:00","article_modified_time":"2024-05-06T12:26:36+00:00","og_image":[{"width":1024,"height":683,"url":"https:\/\/alumni.sze.hu\/en\/wp-content\/uploads\/2024\/05\/image-4-1024x683.png","type":"image\/png"}],"twitter_card":"summary_large_image","twitter_misc":{"Szerz\u0151:":"P\u00e1lin\u00e9 Nyiri Sylvia","Becs\u00fclt olvas\u00e1si id\u0151":"2 perc"},"schema":{"@context":"https:\/\/schema.org","@graph":[{"@type":"WebSite","@id":"https:\/\/alumni.sze.hu\/en\/#website","url":"https:\/\/alumni.sze.hu\/en\/","name":"SZE Alumni \u2013 Sz\u00e9chenyi Istv\u00e1n Egyetem","description":"SZE Alumni \u2013 Sz\u00e9chenyi Istv\u00e1n Egyetem","potentialAction":[{"@type":"SearchAction","target":{"@type":"EntryPoint","urlTemplate":"https:\/\/alumni.sze.hu\/en\/?s={search_term_string}"},"query-input":"required name=search_term_string"}],"inLanguage":"hu"},{"@type":"ImageObject","@id":"https:\/\/alumni.sze.hu\/en\/the-first-photo-exhibition-at-the-gyor-innovation-park-of-szechenyi-istvan-university\/#primaryimage","inLanguage":"hu","url":"https:\/\/alumni.sze.hu\/en\/wp-content\/uploads\/2024\/05\/image-4.png","contentUrl":"https:\/\/alumni.sze.hu\/en\/wp-content\/uploads\/2024\/05\/image-4.png","width":1386,"height":924},{"@type":"WebPage","@id":"https:\/\/alumni.sze.hu\/en\/the-first-photo-exhibition-at-the-gyor-innovation-park-of-szechenyi-istvan-university\/#webpage","url":"https:\/\/alumni.sze.hu\/en\/the-first-photo-exhibition-at-the-gyor-innovation-park-of-szechenyi-istvan-university\/","name":"THE FIRST PHOTO EXHIBITION AT THE GY\u0150R INNOVATION PARK OF SZ\u00c9CHENYI ISTV\u00c1N UNIVERSITY - SZE Alumni \u2013 Sz\u00e9chenyi Istv\u00e1n Egyetem","isPartOf":{"@id":"https:\/\/alumni.sze.hu\/en\/#website"},"primaryImageOfPage":{"@id":"https:\/\/alumni.sze.hu\/en\/the-first-photo-exhibition-at-the-gyor-innovation-park-of-szechenyi-istvan-university\/#primaryimage"},"datePublished":"2024-05-06T12:26:35+00:00","dateModified":"2024-05-06T12:26:36+00:00","author":{"@id":"https:\/\/alumni.sze.hu\/en\/#\/schema\/person\/ad27dee701f5d9673ddc30b8f5036d36"},"breadcrumb":{"@id":"https:\/\/alumni.sze.hu\/en\/the-first-photo-exhibition-at-the-gyor-innovation-park-of-szechenyi-istvan-university\/#breadcrumb"},"inLanguage":"hu","potentialAction":[{"@type":"ReadAction","target":["https:\/\/alumni.sze.hu\/en\/the-first-photo-exhibition-at-the-gyor-innovation-park-of-szechenyi-istvan-university\/"]}]},{"@type":"BreadcrumbList","@id":"https:\/\/alumni.sze.hu\/en\/the-first-photo-exhibition-at-the-gyor-innovation-park-of-szechenyi-istvan-university\/#breadcrumb","itemListElement":[{"@type":"ListItem","position":1,"name":"Homepage","item":"https:\/\/alumni.sze.hu\/en\/"},{"@type":"ListItem","position":2,"name":"THE FIRST PHOTO EXHIBITION AT THE GY\u0150R INNOVATION PARK OF SZ\u00c9CHENYI ISTV\u00c1N UNIVERSITY"}]},{"@type":"Person","@id":"https:\/\/alumni.sze.hu\/en\/#\/schema\/person\/ad27dee701f5d9673ddc30b8f5036d36","name":"P\u00e1lin\u00e9 Nyiri Sylvia","image":{"@type":"ImageObject","@id":"https:\/\/alumni.sze.hu\/en\/#personlogo","inLanguage":"hu","url":"https:\/\/secure.gravatar.com\/avatar\/61909a50f3db8d2115574015ff3ed62cf8eb7652359b5d40c060b5f81edb2cd6?s=96&d=mm&r=g","contentUrl":"https:\/\/secure.gravatar.com\/avatar\/61909a50f3db8d2115574015ff3ed62cf8eb7652359b5d40c060b5f81edb2cd6?s=96&d=mm&r=g","caption":"P\u00e1lin\u00e9 Nyiri Sylvia"},"url":"https:\/\/alumni.sze.hu\/en\/author\/palisy\/"}]}},"_links":{"self":[{"href":"https:\/\/alumni.sze.hu\/en\/wp-json\/wp\/v2\/posts\/7830","targetHints":{"allow":["GET"]}}],"collection":[{"href":"https:\/\/alumni.sze.hu\/en\/wp-json\/wp\/v2\/posts"}],"about":[{"href":"https:\/\/alumni.sze.hu\/en\/wp-json\/wp\/v2\/types\/post"}],"author":[{"embeddable":true,"href":"https:\/\/alumni.sze.hu\/en\/wp-json\/wp\/v2\/users\/18"}],"replies":[{"embeddable":true,"href":"https:\/\/alumni.sze.hu\/en\/wp-json\/wp\/v2\/comments?post=7830"}],"version-history":[{"count":1,"href":"https:\/\/alumni.sze.hu\/en\/wp-json\/wp\/v2\/posts\/7830\/revisions"}],"predecessor-version":[{"id":7834,"href":"https:\/\/alumni.sze.hu\/en\/wp-json\/wp\/v2\/posts\/7830\/revisions\/7834"}],"wp:featuredmedia":[{"embeddable":true,"href":"https:\/\/alumni.sze.hu\/en\/wp-json\/wp\/v2\/media\/7831"}],"wp:attachment":[{"href":"https:\/\/alumni.sze.hu\/en\/wp-json\/wp\/v2\/media?parent=7830"}],"wp:term":[{"taxonomy":"category","embeddable":true,"href":"https:\/\/alumni.sze.hu\/en\/wp-json\/wp\/v2\/categories?post=7830"},{"taxonomy":"post_tag","embeddable":true,"href":"https:\/\/alumni.sze.hu\/en\/wp-json\/wp\/v2\/tags?post=7830"}],"curies":[{"name":"wp","href":"https:\/\/api.w.org\/{rel}","templated":true}]}}