{"id":7394,"date":"2024-01-24T08:27:39","date_gmt":"2024-01-24T08:27:39","guid":{"rendered":"https:\/\/alumni.sze.hu\/en\/?p=7394"},"modified":"2024-01-24T08:31:56","modified_gmt":"2024-01-24T08:31:56","slug":"university-awards-gala-and-media-ball-szechenyi-istvan-university-recognizes-its-best-2","status":"publish","type":"post","link":"https:\/\/alumni.sze.hu\/en\/university-awards-gala-and-media-ball-szechenyi-istvan-university-recognizes-its-best-2\/","title":{"rendered":"UNIVERSITY AWARDS GALA AND MEDIA BALL: SZ\u00c9CHENYI ISTV\u00c1N UNIVERSITY RECOGNIZES ITS BEST"},"content":{"rendered":"\n<p><strong>Three students, one lecturer and one alumnus of Sz\u00e9chenyi Istv\u00e1n University were honoured at the University Awards Gala on 13 January at the Media Ball. The University Hall was packed for the prestigious event.<\/strong><\/p>\n\n\n\n<p><br>For two decades, the Media Ball has been Gy\u0151r&#8217;s defining social event, which is now also the University Awards Gala. In his welcome speech, Imre Pint\u00e9r-P\u00e9ntek, chief organiser of the event, President of the Gy\u0151r-Moson-Sopron County Chamber of Commerce and Industry and Managing Director of X-Meditor Ltd., drew a parallel between the organisation of the first Media Ball in 2004 and the elevation of Sz\u00e9chenyi Istv\u00e1n University to university status in 2002. He described it as a historic moment that the institution is recognising its most outstanding citizens for the first time at this evening. Prof. Dr. Csaba Andr\u00e1s D\u00e9zsi, Mayor of Gy\u0151r, said: the diligence, talent, knowledge and work of the people of Gy\u0151r create the basis for success, of which the excellent university is a part. &#8222;If Gy\u0151r develops, the university develops, if the university develops, the city develops&#8221;, he said.<\/p>\n\n\n\n<p class=\"has-text-align-left\">Dr. B\u00e1lint Filep, President of the University, emphasized in his welcome speech that the university years are the most decisive years in the lives of young people.<\/p>\n\n\n\n<p><em>&#8222;It is during this period that they find their profession, their vocation, and establish their career. They learn how to survive without their parents. They gain experience abroad, and many find a partner. It is not easy to become independent, but Sz\u00e9chenyi University provides an excellent and supportive environment for this<\/em>,&#8221; he said.<\/p>\n\n\n\n<p>He added:<\/p>\n\n\n\n<p><em>&#8222;a good university needs excellent colleagues, inspiring academic subjects, constant challenges, an entrepreneurial ecosystem, diverse sporting and cultural opportunities, and a campus that serves students to a high standard. &#8222;I am proud to say that Sz\u00e9chenyi University has all of these,&#8221;<\/em>&nbsp;said Dr. B\u00e1lint Filep. He noted that the high quality of the institution is guaranteed by the fact that it has been ranked in six world rankings in higher education, on four of which it has made its debute last year.<\/p>\n\n\n\n<p><em>&#8222;These rankings place us in the top five percent of universities in the world. Our students have the opportunity to flourish in a truly international environment, as our student community is made up of young people from nearly 80 countries,&#8221;<\/em>&nbsp;he said.<\/p>\n\n\n<div class=\"wp-block-image\">\n<figure class=\"aligncenter size-large is-resized\"><img loading=\"lazy\" decoding=\"async\" width=\"1024\" height=\"682\" src=\"https:\/\/alumni.sze.hu\/en\/wp-content\/uploads\/2024\/01\/mediabal-1-1024x682.jpg\" alt=\"\" class=\"wp-image-7395\" style=\"aspect-ratio:1.501466275659824;width:650px\" srcset=\"https:\/\/alumni.sze.hu\/en\/wp-content\/uploads\/2024\/01\/mediabal-1-1024x682.jpg 1024w, https:\/\/alumni.sze.hu\/en\/wp-content\/uploads\/2024\/01\/mediabal-1-300x200.jpg 300w, https:\/\/alumni.sze.hu\/en\/wp-content\/uploads\/2024\/01\/mediabal-1-768x512.jpg 768w, https:\/\/alumni.sze.hu\/en\/wp-content\/uploads\/2024\/01\/mediabal-1-1536x1024.jpg 1536w, https:\/\/alumni.sze.hu\/en\/wp-content\/uploads\/2024\/01\/mediabal-1-18x12.jpg 18w, https:\/\/alumni.sze.hu\/en\/wp-content\/uploads\/2024\/01\/mediabal-1.jpg 2000w\" sizes=\"auto, (max-width: 1024px) 100vw, 1024px\" \/><\/figure>\n<\/div>\n\n\n<p class=\"has-text-align-center\"><em>Dr. B\u00e1lint Filep, President of Sz\u00e9chenyi Istv\u00e1n University (Photo: Andr\u00e1s Adorj\u00e1n)<\/em><\/p>\n\n\n\n<p>Two students were awarded the Student of the Year 2023 prize at the event. Dorina Bosits, a law student at Sz\u00e9chenyi Istv\u00e1n University, won the National Higher Education Scholarship with the highest score of all students this academic year. She won the 2022 YOU M\u00c1JT WIN Legal History Competition and last year&#8217;s Latin Literacy Competition, and contributed to the success of the Law and Political Science Section of the 36th National Scientific Student Conference 2023 in Gy\u0151r. D\u00e1niel Doma, a student of computer engineering, achieved the highest score among the students of the university studying in the field of engineering and technology in the National Scholarship for Higher Education 2023\/2024. He also carries out research and development activities in the Special College of Computer Science and the Special College of Mechanical and Electrical Engineering. His cross-disciplinary innovation was a success at the Scientific Students&#8217; Conference: he created a web interface that shows the live performance of Hungarian power plants. He is proud to be involved in the development of Sz\u00e9chenyi University&#8217;s own satellite.<\/p>\n\n\n<div class=\"wp-block-image\">\n<figure class=\"aligncenter size-large is-resized\"><img loading=\"lazy\" decoding=\"async\" width=\"1024\" height=\"683\" src=\"https:\/\/alumni.sze.hu\/en\/wp-content\/uploads\/2024\/01\/SZE_Mediabal_2024_01_13_Adorjan_Andras_14-1024x683.jpg\" alt=\"\" class=\"wp-image-7396\" style=\"aspect-ratio:1.499267935578331;object-fit:cover;width:650px\" srcset=\"https:\/\/alumni.sze.hu\/en\/wp-content\/uploads\/2024\/01\/SZE_Mediabal_2024_01_13_Adorjan_Andras_14-1024x683.jpg 1024w, https:\/\/alumni.sze.hu\/en\/wp-content\/uploads\/2024\/01\/SZE_Mediabal_2024_01_13_Adorjan_Andras_14-300x200.jpg 300w, https:\/\/alumni.sze.hu\/en\/wp-content\/uploads\/2024\/01\/SZE_Mediabal_2024_01_13_Adorjan_Andras_14-768x512.jpg 768w, https:\/\/alumni.sze.hu\/en\/wp-content\/uploads\/2024\/01\/SZE_Mediabal_2024_01_13_Adorjan_Andras_14-1536x1024.jpg 1536w, https:\/\/alumni.sze.hu\/en\/wp-content\/uploads\/2024\/01\/SZE_Mediabal_2024_01_13_Adorjan_Andras_14-18x12.jpg 18w, https:\/\/alumni.sze.hu\/en\/wp-content\/uploads\/2024\/01\/SZE_Mediabal_2024_01_13_Adorjan_Andras_14.jpg 2048w\" sizes=\"auto, (max-width: 1024px) 100vw, 1024px\" \/><\/figure>\n<\/div>\n\n\n<p class=\"has-text-align-center\"><em>The students of the Year, Dorina Bosits<\/em><\/p>\n\n\n<div class=\"wp-block-image\">\n<figure class=\"aligncenter size-large is-resized\"><img loading=\"lazy\" decoding=\"async\" width=\"1024\" height=\"682\" src=\"https:\/\/alumni.sze.hu\/en\/wp-content\/uploads\/2024\/01\/mediabal-3-1024x682.jpg\" alt=\"\" class=\"wp-image-7397\" style=\"aspect-ratio:1.501466275659824;object-fit:cover;width:650px\" srcset=\"https:\/\/alumni.sze.hu\/en\/wp-content\/uploads\/2024\/01\/mediabal-3-1024x682.jpg 1024w, https:\/\/alumni.sze.hu\/en\/wp-content\/uploads\/2024\/01\/mediabal-3-300x200.jpg 300w, https:\/\/alumni.sze.hu\/en\/wp-content\/uploads\/2024\/01\/mediabal-3-768x512.jpg 768w, https:\/\/alumni.sze.hu\/en\/wp-content\/uploads\/2024\/01\/mediabal-3-1536x1024.jpg 1536w, https:\/\/alumni.sze.hu\/en\/wp-content\/uploads\/2024\/01\/mediabal-3-18x12.jpg 18w, https:\/\/alumni.sze.hu\/en\/wp-content\/uploads\/2024\/01\/mediabal-3.jpg 2000w\" sizes=\"auto, (max-width: 1024px) 100vw, 1024px\" \/><\/figure>\n<\/div>\n\n\n<p class=\"has-text-align-center\"><em><\/em><em>and D\u00e1niel Doma, were presented the award by Dr. Zsolt Kov\u00e1cs, Vice President for General and Educational Affairs of Sz\u00e9chenyi Istv\u00e1n University, Dr. Eszter Luk\u00e1cs, Vice President for International Affairs and Strategic Relations and Prof. Ferenc Friedler, Rector and Vice President for Academic Research. (Photo by Andr\u00e1s Adorj\u00e1n)<\/em><\/p>\n\n\n\n<p>Wiradisuria Ahmad Faishal, a logistics engineering student, was chosen as the International Student of the Year. The Indonesian youngster was recognised for his success at the Student Science and Arts Conference, as well as his research and community activities.<\/p>\n\n\n<div class=\"wp-block-image\">\n<figure class=\"aligncenter size-large is-resized\"><img loading=\"lazy\" decoding=\"async\" width=\"1024\" height=\"683\" src=\"https:\/\/alumni.sze.hu\/en\/wp-content\/uploads\/2024\/01\/SZE_Mediabal_2024_01_13_Adorjan_Andras_16-1024x683.jpg\" alt=\"\" class=\"wp-image-7398\" style=\"aspect-ratio:1.499267935578331;object-fit:cover;width:650px\" srcset=\"https:\/\/alumni.sze.hu\/en\/wp-content\/uploads\/2024\/01\/SZE_Mediabal_2024_01_13_Adorjan_Andras_16-1024x683.jpg 1024w, https:\/\/alumni.sze.hu\/en\/wp-content\/uploads\/2024\/01\/SZE_Mediabal_2024_01_13_Adorjan_Andras_16-300x200.jpg 300w, https:\/\/alumni.sze.hu\/en\/wp-content\/uploads\/2024\/01\/SZE_Mediabal_2024_01_13_Adorjan_Andras_16-768x512.jpg 768w, https:\/\/alumni.sze.hu\/en\/wp-content\/uploads\/2024\/01\/SZE_Mediabal_2024_01_13_Adorjan_Andras_16-1536x1024.jpg 1536w, https:\/\/alumni.sze.hu\/en\/wp-content\/uploads\/2024\/01\/SZE_Mediabal_2024_01_13_Adorjan_Andras_16-18x12.jpg 18w, https:\/\/alumni.sze.hu\/en\/wp-content\/uploads\/2024\/01\/SZE_Mediabal_2024_01_13_Adorjan_Andras_16.jpg 2048w\" sizes=\"auto, (max-width: 1024px) 100vw, 1024px\" \/><\/figure>\n<\/div>\n\n\n<p class=\"has-text-align-center\"><em><\/em><em>The Indonesian Wiradisuria Ahmad Faishal became the International Student of the Year is (Photo: Andr\u00e1s Adorj\u00e1n)<\/em><\/p>\n\n\n\n<p>The Teacher of the Year Award was given to Dr. Gyula Pinke, Professor of the Albert K\u00e1zm\u00e9r Mosonmagyar\u00f3v\u00e1r Faculty, an internationally renowned authority in botany, for his outstanding work in the field of student education and talent management.<\/p>\n\n\n<div class=\"wp-block-image\">\n<figure class=\"aligncenter size-large is-resized\"><img loading=\"lazy\" decoding=\"async\" width=\"1024\" height=\"683\" src=\"https:\/\/alumni.sze.hu\/en\/wp-content\/uploads\/2024\/01\/SZE_Mediabal_2024_01_13_Adorjan_Andras_13-1024x683.jpg\" alt=\"\" class=\"wp-image-7399\" style=\"aspect-ratio:1.499267935578331;object-fit:cover;width:650px\" srcset=\"https:\/\/alumni.sze.hu\/en\/wp-content\/uploads\/2024\/01\/SZE_Mediabal_2024_01_13_Adorjan_Andras_13-1024x683.jpg 1024w, https:\/\/alumni.sze.hu\/en\/wp-content\/uploads\/2024\/01\/SZE_Mediabal_2024_01_13_Adorjan_Andras_13-300x200.jpg 300w, https:\/\/alumni.sze.hu\/en\/wp-content\/uploads\/2024\/01\/SZE_Mediabal_2024_01_13_Adorjan_Andras_13-768x512.jpg 768w, https:\/\/alumni.sze.hu\/en\/wp-content\/uploads\/2024\/01\/SZE_Mediabal_2024_01_13_Adorjan_Andras_13-1536x1024.jpg 1536w, https:\/\/alumni.sze.hu\/en\/wp-content\/uploads\/2024\/01\/SZE_Mediabal_2024_01_13_Adorjan_Andras_13-18x12.jpg 18w, https:\/\/alumni.sze.hu\/en\/wp-content\/uploads\/2024\/01\/SZE_Mediabal_2024_01_13_Adorjan_Andras_13.jpg 2048w\" sizes=\"auto, (max-width: 1024px) 100vw, 1024px\" \/><\/figure>\n<\/div>\n\n\n<p class=\"has-text-align-center\"><em><\/em><em>Dr. Gyula Pinke, professor of the Albert K\u00e1zm\u00e9r Mosonmagyar\u00f3v\u00e1r Faculty, received the Teacher of the Year 2023 award (Photo: Andr\u00e1s Adorj\u00e1n)<\/em><\/p>\n\n\n\n<p>The Alumnus of the Year is J\u00f3zsef Kreinbacher, a renowned building contractor and champagne producer, who contributes to the reputation of the university through his versatile and exemplary work, innovative solutions and commitment to quality. He graduated in Transport Engineering from the predecessor of the institution, the Technical College of Transport and Telecommunications. Unable to attend the ceremony in person, he thanked the recipient by video message.&nbsp;<\/p>\n\n\n\n<p><em>&#8222;The unforgettable years in Gy\u0151r gave me the practical knowledge and mindset that I could put to good use in both professional and business life. The university&#8217;s ethos has strengthened my openness to the world, shaped my personality and awakened in me the creative desire not to be afraid to dream big and sometimes to go down paths that no one has trodden before,&#8221;&nbsp;<\/em>he said, calling the university&#8217;s development inspiring.<\/p>\n\n\n<div class=\"wp-block-image\">\n<figure class=\"aligncenter size-large is-resized\"><img loading=\"lazy\" decoding=\"async\" width=\"1024\" height=\"683\" src=\"https:\/\/alumni.sze.hu\/en\/wp-content\/uploads\/2024\/01\/SZE_Mediabal_2024_01_13_Adorjan_Andras_11-1024x683.jpg\" alt=\"\" class=\"wp-image-7400\" style=\"aspect-ratio:1.499267935578331;width:650px\" srcset=\"https:\/\/alumni.sze.hu\/en\/wp-content\/uploads\/2024\/01\/SZE_Mediabal_2024_01_13_Adorjan_Andras_11-1024x683.jpg 1024w, https:\/\/alumni.sze.hu\/en\/wp-content\/uploads\/2024\/01\/SZE_Mediabal_2024_01_13_Adorjan_Andras_11-300x200.jpg 300w, https:\/\/alumni.sze.hu\/en\/wp-content\/uploads\/2024\/01\/SZE_Mediabal_2024_01_13_Adorjan_Andras_11-768x512.jpg 768w, https:\/\/alumni.sze.hu\/en\/wp-content\/uploads\/2024\/01\/SZE_Mediabal_2024_01_13_Adorjan_Andras_11-1536x1024.jpg 1536w, https:\/\/alumni.sze.hu\/en\/wp-content\/uploads\/2024\/01\/SZE_Mediabal_2024_01_13_Adorjan_Andras_11-18x12.jpg 18w, https:\/\/alumni.sze.hu\/en\/wp-content\/uploads\/2024\/01\/SZE_Mediabal_2024_01_13_Adorjan_Andras_11.jpg 2048w\" sizes=\"auto, (max-width: 1024px) 100vw, 1024px\" \/><\/figure>\n<\/div>\n\n\n<p class=\"has-text-align-center\"><em>J\u00f3zsef Kreinbacher thanked the Alumnus of the Year 2023 award in a video message (Photo: Andr\u00e1s Adorj\u00e1n)<\/em><\/p>\n\n\n\n<p>The guests of the spectacular, high quality event were entertained by such excellent artists and musicians as Adrien Szekeres, Boldizs\u00e1r L\u00e1szl\u00f3, Erika Mikl\u00f3sa, the Gy\u0151r Philharmonic Orchestra, the D\u00edv\u00e1k (Enik\u0151 D\u00e9t\u00e1r, Nelly F\u00e9s\u0171s and Judit Ladinek), M\u00e1t\u00e9 J\u00e1rai, \u00c1d\u00e1m J\u00e1vorkai, the 64U Party Band and the Hopp\u00e1r\u00e9 band. The opening dance was performed by the Ballet Company of Gy\u0151r. The Media Personality of the Year award was given to television presenter G\u00e1bor G\u00f6nczi.<\/p>\n","protected":false},"excerpt":{"rendered":"<p>Three students, one lecturer and one alumnus of Sz\u00e9chenyi Istv\u00e1n University were honoured at the University Awards Gala on 13 January at the Media Ball. The University Hall was packed &#8230;<\/p>\n","protected":false},"author":12,"featured_media":7401,"comment_status":"closed","ping_status":"open","sticky":false,"template":"","format":"standard","meta":{"footnotes":""},"categories":[24],"tags":[],"class_list":["post-7394","post","type-post","status-publish","format-standard","has-post-thumbnail","hentry","category-news"],"yoast_head":"<!-- This site is optimized with the Yoast SEO plugin v17.8 - https:\/\/yoast.com\/wordpress\/plugins\/seo\/ -->\n<title>UNIVERSITY AWARDS GALA AND MEDIA BALL: SZ\u00c9CHENYI ISTV\u00c1N UNIVERSITY RECOGNIZES ITS BEST - SZE Alumni \u2013 Sz\u00e9chenyi Istv\u00e1n Egyetem<\/title>\n<meta name=\"robots\" content=\"index, follow, max-snippet:-1, max-image-preview:large, max-video-preview:-1\" \/>\n<link rel=\"canonical\" href=\"https:\/\/alumni.sze.hu\/en\/university-awards-gala-and-media-ball-szechenyi-istvan-university-recognizes-its-best-2\/\" \/>\n<meta property=\"og:locale\" content=\"hu_HU\" \/>\n<meta property=\"og:type\" content=\"article\" \/>\n<meta property=\"og:title\" content=\"UNIVERSITY AWARDS GALA AND MEDIA BALL: SZ\u00c9CHENYI ISTV\u00c1N UNIVERSITY RECOGNIZES ITS BEST - SZE Alumni \u2013 Sz\u00e9chenyi Istv\u00e1n Egyetem\" \/>\n<meta property=\"og:description\" content=\"Three students, one lecturer and one alumnus of Sz\u00e9chenyi Istv\u00e1n University were honoured at the University Awards Gala on 13 January at the Media Ball. The University Hall was packed ...\" \/>\n<meta property=\"og:url\" content=\"https:\/\/alumni.sze.hu\/en\/university-awards-gala-and-media-ball-szechenyi-istvan-university-recognizes-its-best-2\/\" \/>\n<meta property=\"og:site_name\" content=\"SZE Alumni \u2013 Sz\u00e9chenyi Istv\u00e1n Egyetem\" \/>\n<meta property=\"article:published_time\" content=\"2024-01-24T08:27:39+00:00\" \/>\n<meta property=\"article:modified_time\" content=\"2024-01-24T08:31:56+00:00\" \/>\n<meta property=\"og:image\" content=\"https:\/\/alumni.sze.hu\/en\/wp-content\/uploads\/2024\/01\/SZE_Mediabal_2024_01_13_Adorjan_Andras_17-e1706084992902.jpg\" \/>\n\t<meta property=\"og:image:width\" content=\"2048\" \/>\n\t<meta property=\"og:image:height\" content=\"1239\" \/>\n<meta name=\"twitter:card\" content=\"summary_large_image\" \/>\n<meta name=\"twitter:label1\" content=\"Szerz\u0151:\" \/>\n\t<meta name=\"twitter:data1\" content=\"Szak\u00e1los Barnab\u00e1s\" \/>\n\t<meta name=\"twitter:label2\" content=\"Becs\u00fclt olvas\u00e1si id\u0151\" \/>\n\t<meta name=\"twitter:data2\" content=\"5 perc\" \/>\n<script type=\"application\/ld+json\" class=\"yoast-schema-graph\">{\"@context\":\"https:\/\/schema.org\",\"@graph\":[{\"@type\":\"WebSite\",\"@id\":\"https:\/\/alumni.sze.hu\/en\/#website\",\"url\":\"https:\/\/alumni.sze.hu\/en\/\",\"name\":\"SZE Alumni \\u2013 Sz\\u00e9chenyi Istv\\u00e1n Egyetem\",\"description\":\"SZE Alumni \\u2013 Sz\\u00e9chenyi Istv\\u00e1n Egyetem\",\"potentialAction\":[{\"@type\":\"SearchAction\",\"target\":{\"@type\":\"EntryPoint\",\"urlTemplate\":\"https:\/\/alumni.sze.hu\/en\/?s={search_term_string}\"},\"query-input\":\"required name=search_term_string\"}],\"inLanguage\":\"hu\"},{\"@type\":\"ImageObject\",\"@id\":\"https:\/\/alumni.sze.hu\/en\/university-awards-gala-and-media-ball-szechenyi-istvan-university-recognizes-its-best-2\/#primaryimage\",\"inLanguage\":\"hu\",\"url\":\"https:\/\/alumni.sze.hu\/en\/wp-content\/uploads\/2024\/01\/SZE_Mediabal_2024_01_13_Adorjan_Andras_17-e1706084992902.jpg\",\"contentUrl\":\"https:\/\/alumni.sze.hu\/en\/wp-content\/uploads\/2024\/01\/SZE_Mediabal_2024_01_13_Adorjan_Andras_17-e1706084992902.jpg\",\"width\":2048,\"height\":1239},{\"@type\":\"WebPage\",\"@id\":\"https:\/\/alumni.sze.hu\/en\/university-awards-gala-and-media-ball-szechenyi-istvan-university-recognizes-its-best-2\/#webpage\",\"url\":\"https:\/\/alumni.sze.hu\/en\/university-awards-gala-and-media-ball-szechenyi-istvan-university-recognizes-its-best-2\/\",\"name\":\"UNIVERSITY AWARDS GALA AND MEDIA BALL: SZ\\u00c9CHENYI ISTV\\u00c1N UNIVERSITY RECOGNIZES ITS BEST - SZE Alumni \\u2013 Sz\\u00e9chenyi Istv\\u00e1n Egyetem\",\"isPartOf\":{\"@id\":\"https:\/\/alumni.sze.hu\/en\/#website\"},\"primaryImageOfPage\":{\"@id\":\"https:\/\/alumni.sze.hu\/en\/university-awards-gala-and-media-ball-szechenyi-istvan-university-recognizes-its-best-2\/#primaryimage\"},\"datePublished\":\"2024-01-24T08:27:39+00:00\",\"dateModified\":\"2024-01-24T08:31:56+00:00\",\"author\":{\"@id\":\"https:\/\/alumni.sze.hu\/en\/#\/schema\/person\/4d5195aae9c148d65beabcf035885c26\"},\"breadcrumb\":{\"@id\":\"https:\/\/alumni.sze.hu\/en\/university-awards-gala-and-media-ball-szechenyi-istvan-university-recognizes-its-best-2\/#breadcrumb\"},\"inLanguage\":\"hu\",\"potentialAction\":[{\"@type\":\"ReadAction\",\"target\":[\"https:\/\/alumni.sze.hu\/en\/university-awards-gala-and-media-ball-szechenyi-istvan-university-recognizes-its-best-2\/\"]}]},{\"@type\":\"BreadcrumbList\",\"@id\":\"https:\/\/alumni.sze.hu\/en\/university-awards-gala-and-media-ball-szechenyi-istvan-university-recognizes-its-best-2\/#breadcrumb\",\"itemListElement\":[{\"@type\":\"ListItem\",\"position\":1,\"name\":\"Homepage\",\"item\":\"https:\/\/alumni.sze.hu\/en\/\"},{\"@type\":\"ListItem\",\"position\":2,\"name\":\"UNIVERSITY AWARDS GALA AND MEDIA BALL: SZ\\u00c9CHENYI ISTV\\u00c1N UNIVERSITY RECOGNIZES ITS BEST\"}]},{\"@type\":\"Person\",\"@id\":\"https:\/\/alumni.sze.hu\/en\/#\/schema\/person\/4d5195aae9c148d65beabcf035885c26\",\"name\":\"Szak\\u00e1los Barnab\\u00e1s\",\"image\":{\"@type\":\"ImageObject\",\"@id\":\"https:\/\/alumni.sze.hu\/en\/#personlogo\",\"inLanguage\":\"hu\",\"url\":\"https:\/\/secure.gravatar.com\/avatar\/4ca72f900369b23f0f5fc227eac0a79eae71d689b465e84762681b9c6a2d1fc5?s=96&d=mm&r=g\",\"contentUrl\":\"https:\/\/secure.gravatar.com\/avatar\/4ca72f900369b23f0f5fc227eac0a79eae71d689b465e84762681b9c6a2d1fc5?s=96&d=mm&r=g\",\"caption\":\"Szak\\u00e1los Barnab\\u00e1s\"},\"url\":\"https:\/\/alumni.sze.hu\/en\/author\/szakba\/\"}]}<\/script>\n<!-- \/ Yoast SEO plugin. -->","yoast_head_json":{"title":"UNIVERSITY AWARDS GALA AND MEDIA BALL: SZ\u00c9CHENYI ISTV\u00c1N UNIVERSITY RECOGNIZES ITS BEST - SZE Alumni \u2013 Sz\u00e9chenyi Istv\u00e1n Egyetem","robots":{"index":"index","follow":"follow","max-snippet":"max-snippet:-1","max-image-preview":"max-image-preview:large","max-video-preview":"max-video-preview:-1"},"canonical":"https:\/\/alumni.sze.hu\/en\/university-awards-gala-and-media-ball-szechenyi-istvan-university-recognizes-its-best-2\/","og_locale":"hu_HU","og_type":"article","og_title":"UNIVERSITY AWARDS GALA AND MEDIA BALL: SZ\u00c9CHENYI ISTV\u00c1N UNIVERSITY RECOGNIZES ITS BEST - SZE Alumni \u2013 Sz\u00e9chenyi Istv\u00e1n Egyetem","og_description":"Three students, one lecturer and one alumnus of Sz\u00e9chenyi Istv\u00e1n University were honoured at the University Awards Gala on 13 January at the Media Ball. The University Hall was packed ...","og_url":"https:\/\/alumni.sze.hu\/en\/university-awards-gala-and-media-ball-szechenyi-istvan-university-recognizes-its-best-2\/","og_site_name":"SZE Alumni \u2013 Sz\u00e9chenyi Istv\u00e1n Egyetem","article_published_time":"2024-01-24T08:27:39+00:00","article_modified_time":"2024-01-24T08:31:56+00:00","og_image":[{"width":2048,"height":1239,"url":"https:\/\/alumni.sze.hu\/en\/wp-content\/uploads\/2024\/01\/SZE_Mediabal_2024_01_13_Adorjan_Andras_17-e1706084992902.jpg","type":"image\/jpeg"}],"twitter_card":"summary_large_image","twitter_misc":{"Szerz\u0151:":"Szak\u00e1los Barnab\u00e1s","Becs\u00fclt olvas\u00e1si id\u0151":"5 perc"},"schema":{"@context":"https:\/\/schema.org","@graph":[{"@type":"WebSite","@id":"https:\/\/alumni.sze.hu\/en\/#website","url":"https:\/\/alumni.sze.hu\/en\/","name":"SZE Alumni \u2013 Sz\u00e9chenyi Istv\u00e1n Egyetem","description":"SZE Alumni \u2013 Sz\u00e9chenyi Istv\u00e1n Egyetem","potentialAction":[{"@type":"SearchAction","target":{"@type":"EntryPoint","urlTemplate":"https:\/\/alumni.sze.hu\/en\/?s={search_term_string}"},"query-input":"required name=search_term_string"}],"inLanguage":"hu"},{"@type":"ImageObject","@id":"https:\/\/alumni.sze.hu\/en\/university-awards-gala-and-media-ball-szechenyi-istvan-university-recognizes-its-best-2\/#primaryimage","inLanguage":"hu","url":"https:\/\/alumni.sze.hu\/en\/wp-content\/uploads\/2024\/01\/SZE_Mediabal_2024_01_13_Adorjan_Andras_17-e1706084992902.jpg","contentUrl":"https:\/\/alumni.sze.hu\/en\/wp-content\/uploads\/2024\/01\/SZE_Mediabal_2024_01_13_Adorjan_Andras_17-e1706084992902.jpg","width":2048,"height":1239},{"@type":"WebPage","@id":"https:\/\/alumni.sze.hu\/en\/university-awards-gala-and-media-ball-szechenyi-istvan-university-recognizes-its-best-2\/#webpage","url":"https:\/\/alumni.sze.hu\/en\/university-awards-gala-and-media-ball-szechenyi-istvan-university-recognizes-its-best-2\/","name":"UNIVERSITY AWARDS GALA AND MEDIA BALL: SZ\u00c9CHENYI ISTV\u00c1N UNIVERSITY RECOGNIZES ITS BEST - SZE Alumni \u2013 Sz\u00e9chenyi Istv\u00e1n Egyetem","isPartOf":{"@id":"https:\/\/alumni.sze.hu\/en\/#website"},"primaryImageOfPage":{"@id":"https:\/\/alumni.sze.hu\/en\/university-awards-gala-and-media-ball-szechenyi-istvan-university-recognizes-its-best-2\/#primaryimage"},"datePublished":"2024-01-24T08:27:39+00:00","dateModified":"2024-01-24T08:31:56+00:00","author":{"@id":"https:\/\/alumni.sze.hu\/en\/#\/schema\/person\/4d5195aae9c148d65beabcf035885c26"},"breadcrumb":{"@id":"https:\/\/alumni.sze.hu\/en\/university-awards-gala-and-media-ball-szechenyi-istvan-university-recognizes-its-best-2\/#breadcrumb"},"inLanguage":"hu","potentialAction":[{"@type":"ReadAction","target":["https:\/\/alumni.sze.hu\/en\/university-awards-gala-and-media-ball-szechenyi-istvan-university-recognizes-its-best-2\/"]}]},{"@type":"BreadcrumbList","@id":"https:\/\/alumni.sze.hu\/en\/university-awards-gala-and-media-ball-szechenyi-istvan-university-recognizes-its-best-2\/#breadcrumb","itemListElement":[{"@type":"ListItem","position":1,"name":"Homepage","item":"https:\/\/alumni.sze.hu\/en\/"},{"@type":"ListItem","position":2,"name":"UNIVERSITY AWARDS GALA AND MEDIA BALL: SZ\u00c9CHENYI ISTV\u00c1N UNIVERSITY RECOGNIZES ITS BEST"}]},{"@type":"Person","@id":"https:\/\/alumni.sze.hu\/en\/#\/schema\/person\/4d5195aae9c148d65beabcf035885c26","name":"Szak\u00e1los Barnab\u00e1s","image":{"@type":"ImageObject","@id":"https:\/\/alumni.sze.hu\/en\/#personlogo","inLanguage":"hu","url":"https:\/\/secure.gravatar.com\/avatar\/4ca72f900369b23f0f5fc227eac0a79eae71d689b465e84762681b9c6a2d1fc5?s=96&d=mm&r=g","contentUrl":"https:\/\/secure.gravatar.com\/avatar\/4ca72f900369b23f0f5fc227eac0a79eae71d689b465e84762681b9c6a2d1fc5?s=96&d=mm&r=g","caption":"Szak\u00e1los Barnab\u00e1s"},"url":"https:\/\/alumni.sze.hu\/en\/author\/szakba\/"}]}},"_links":{"self":[{"href":"https:\/\/alumni.sze.hu\/en\/wp-json\/wp\/v2\/posts\/7394","targetHints":{"allow":["GET"]}}],"collection":[{"href":"https:\/\/alumni.sze.hu\/en\/wp-json\/wp\/v2\/posts"}],"about":[{"href":"https:\/\/alumni.sze.hu\/en\/wp-json\/wp\/v2\/types\/post"}],"author":[{"embeddable":true,"href":"https:\/\/alumni.sze.hu\/en\/wp-json\/wp\/v2\/users\/12"}],"replies":[{"embeddable":true,"href":"https:\/\/alumni.sze.hu\/en\/wp-json\/wp\/v2\/comments?post=7394"}],"version-history":[{"count":2,"href":"https:\/\/alumni.sze.hu\/en\/wp-json\/wp\/v2\/posts\/7394\/revisions"}],"predecessor-version":[{"id":7403,"href":"https:\/\/alumni.sze.hu\/en\/wp-json\/wp\/v2\/posts\/7394\/revisions\/7403"}],"wp:featuredmedia":[{"embeddable":true,"href":"https:\/\/alumni.sze.hu\/en\/wp-json\/wp\/v2\/media\/7401"}],"wp:attachment":[{"href":"https:\/\/alumni.sze.hu\/en\/wp-json\/wp\/v2\/media?parent=7394"}],"wp:term":[{"taxonomy":"category","embeddable":true,"href":"https:\/\/alumni.sze.hu\/en\/wp-json\/wp\/v2\/categories?post=7394"},{"taxonomy":"post_tag","embeddable":true,"href":"https:\/\/alumni.sze.hu\/en\/wp-json\/wp\/v2\/tags?post=7394"}],"curies":[{"name":"wp","href":"https:\/\/api.w.org\/{rel}","templated":true}]}}