{"id":7282,"date":"2024-01-17T15:46:21","date_gmt":"2024-01-17T15:46:21","guid":{"rendered":"https:\/\/alumni.sze.hu\/en\/the-aim-of-szechenyi-istvan-university-is-to-be-competitive\/"},"modified":"2024-01-17T15:46:21","modified_gmt":"2024-01-17T15:46:21","slug":"the-aim-of-szechenyi-istvan-university-is-to-be-competitive","status":"publish","type":"post","link":"https:\/\/alumni.sze.hu\/en\/the-aim-of-szechenyi-istvan-university-is-to-be-competitive\/","title":{"rendered":"The aim of Sz\u00e9chenyi Istv\u00e1n University is to be competitive"},"content":{"rendered":"<p>According to the decision of the Hungarian President Katalin Nov\u00e1k published in the Hungarian Gazette, Prof. Dr. Ferenc Friedler may continue to be the Rector of Sz\u00e9chenyi Istv\u00e1n University for the next three years. His candidature was previously supported by both the Senate of the institution and the Board of Trustees of the Foundation. In Sz\u00e9chenyi University&#8217;s governance model, the Rector is the Vice President for Academic Research, who works with the President and the three other Vice Presidents to promote the development of the institution.<\/p>","protected":false},"excerpt":{"rendered":"<p>According to the decision of the Hungarian President Katalin Nov\u00e1k published in the Hungarian Gazette, Prof. Dr. Ferenc Friedler may continue to be the Rector of Sz\u00e9chenyi Istv\u00e1n University for &#8230;<\/p>\n","protected":false},"author":0,"featured_media":0,"comment_status":"","ping_status":"open","sticky":false,"template":"","format":"standard","meta":{"footnotes":""},"categories":[24],"tags":[],"class_list":["post-7282","post","type-post","status-publish","format-standard","hentry","category-news"],"yoast_head":"<!-- This site is optimized with the Yoast SEO plugin v17.8 - https:\/\/yoast.com\/wordpress\/plugins\/seo\/ -->\n<title>The aim of Sz\u00e9chenyi Istv\u00e1n University is to be competitive - SZE Alumni \u2013 Sz\u00e9chenyi Istv\u00e1n Egyetem<\/title>\n<meta name=\"robots\" content=\"index, follow, max-snippet:-1, max-image-preview:large, max-video-preview:-1\" \/>\n<link rel=\"canonical\" href=\"https:\/\/alumni.sze.hu\/en\/the-aim-of-szechenyi-istvan-university-is-to-be-competitive\/\" \/>\n<meta property=\"og:locale\" content=\"hu_HU\" \/>\n<meta property=\"og:type\" content=\"article\" \/>\n<meta property=\"og:title\" content=\"The aim of Sz\u00e9chenyi Istv\u00e1n University is to be competitive - SZE Alumni \u2013 Sz\u00e9chenyi Istv\u00e1n Egyetem\" \/>\n<meta property=\"og:description\" content=\"According to the decision of the Hungarian President Katalin Nov\u00e1k published in the Hungarian Gazette, Prof. Dr. Ferenc Friedler may continue to be the Rector of Sz\u00e9chenyi Istv\u00e1n University for ...\" \/>\n<meta property=\"og:url\" content=\"https:\/\/alumni.sze.hu\/en\/the-aim-of-szechenyi-istvan-university-is-to-be-competitive\/\" \/>\n<meta property=\"og:site_name\" content=\"SZE Alumni \u2013 Sz\u00e9chenyi Istv\u00e1n Egyetem\" \/>\n<meta property=\"article:published_time\" content=\"2024-01-17T15:46:21+00:00\" \/>\n<meta name=\"twitter:card\" content=\"summary_large_image\" \/>\n<script type=\"application\/ld+json\" class=\"yoast-schema-graph\">{\"@context\":\"https:\/\/schema.org\",\"@graph\":[{\"@type\":\"WebSite\",\"@id\":\"https:\/\/alumni.sze.hu\/en\/#website\",\"url\":\"https:\/\/alumni.sze.hu\/en\/\",\"name\":\"SZE Alumni \\u2013 Sz\\u00e9chenyi Istv\\u00e1n Egyetem\",\"description\":\"SZE Alumni \\u2013 Sz\\u00e9chenyi Istv\\u00e1n Egyetem\",\"potentialAction\":[{\"@type\":\"SearchAction\",\"target\":{\"@type\":\"EntryPoint\",\"urlTemplate\":\"https:\/\/alumni.sze.hu\/en\/?s={search_term_string}\"},\"query-input\":\"required name=search_term_string\"}],\"inLanguage\":\"hu\"},{\"@type\":\"WebPage\",\"@id\":\"https:\/\/alumni.sze.hu\/en\/the-aim-of-szechenyi-istvan-university-is-to-be-competitive\/#webpage\",\"url\":\"https:\/\/alumni.sze.hu\/en\/the-aim-of-szechenyi-istvan-university-is-to-be-competitive\/\",\"name\":\"The aim of Sz\\u00e9chenyi Istv\\u00e1n University is to be competitive - SZE Alumni \\u2013 Sz\\u00e9chenyi Istv\\u00e1n Egyetem\",\"isPartOf\":{\"@id\":\"https:\/\/alumni.sze.hu\/en\/#website\"},\"datePublished\":\"2024-01-17T15:46:21+00:00\",\"dateModified\":\"2024-01-17T15:46:21+00:00\",\"author\":{\"@id\":\"\"},\"breadcrumb\":{\"@id\":\"https:\/\/alumni.sze.hu\/en\/the-aim-of-szechenyi-istvan-university-is-to-be-competitive\/#breadcrumb\"},\"inLanguage\":\"hu\",\"potentialAction\":[{\"@type\":\"ReadAction\",\"target\":[\"https:\/\/alumni.sze.hu\/en\/the-aim-of-szechenyi-istvan-university-is-to-be-competitive\/\"]}]},{\"@type\":\"BreadcrumbList\",\"@id\":\"https:\/\/alumni.sze.hu\/en\/the-aim-of-szechenyi-istvan-university-is-to-be-competitive\/#breadcrumb\",\"itemListElement\":[{\"@type\":\"ListItem\",\"position\":1,\"name\":\"Homepage\",\"item\":\"https:\/\/alumni.sze.hu\/en\/\"},{\"@type\":\"ListItem\",\"position\":2,\"name\":\"The aim of Sz\\u00e9chenyi Istv\\u00e1n University is to be competitive\"}]}]}<\/script>\n<!-- \/ Yoast SEO plugin. -->","yoast_head_json":{"title":"The aim of Sz\u00e9chenyi Istv\u00e1n University is to be competitive - SZE Alumni \u2013 Sz\u00e9chenyi Istv\u00e1n Egyetem","robots":{"index":"index","follow":"follow","max-snippet":"max-snippet:-1","max-image-preview":"max-image-preview:large","max-video-preview":"max-video-preview:-1"},"canonical":"https:\/\/alumni.sze.hu\/en\/the-aim-of-szechenyi-istvan-university-is-to-be-competitive\/","og_locale":"hu_HU","og_type":"article","og_title":"The aim of Sz\u00e9chenyi Istv\u00e1n University is to be competitive - SZE Alumni \u2013 Sz\u00e9chenyi Istv\u00e1n Egyetem","og_description":"According to the decision of the Hungarian President Katalin Nov\u00e1k published in the Hungarian Gazette, Prof. Dr. Ferenc Friedler may continue to be the Rector of Sz\u00e9chenyi Istv\u00e1n University for ...","og_url":"https:\/\/alumni.sze.hu\/en\/the-aim-of-szechenyi-istvan-university-is-to-be-competitive\/","og_site_name":"SZE Alumni \u2013 Sz\u00e9chenyi Istv\u00e1n Egyetem","article_published_time":"2024-01-17T15:46:21+00:00","twitter_card":"summary_large_image","schema":{"@context":"https:\/\/schema.org","@graph":[{"@type":"WebSite","@id":"https:\/\/alumni.sze.hu\/en\/#website","url":"https:\/\/alumni.sze.hu\/en\/","name":"SZE Alumni \u2013 Sz\u00e9chenyi Istv\u00e1n Egyetem","description":"SZE Alumni \u2013 Sz\u00e9chenyi Istv\u00e1n Egyetem","potentialAction":[{"@type":"SearchAction","target":{"@type":"EntryPoint","urlTemplate":"https:\/\/alumni.sze.hu\/en\/?s={search_term_string}"},"query-input":"required name=search_term_string"}],"inLanguage":"hu"},{"@type":"WebPage","@id":"https:\/\/alumni.sze.hu\/en\/the-aim-of-szechenyi-istvan-university-is-to-be-competitive\/#webpage","url":"https:\/\/alumni.sze.hu\/en\/the-aim-of-szechenyi-istvan-university-is-to-be-competitive\/","name":"The aim of Sz\u00e9chenyi Istv\u00e1n University is to be competitive - SZE Alumni \u2013 Sz\u00e9chenyi Istv\u00e1n Egyetem","isPartOf":{"@id":"https:\/\/alumni.sze.hu\/en\/#website"},"datePublished":"2024-01-17T15:46:21+00:00","dateModified":"2024-01-17T15:46:21+00:00","author":{"@id":""},"breadcrumb":{"@id":"https:\/\/alumni.sze.hu\/en\/the-aim-of-szechenyi-istvan-university-is-to-be-competitive\/#breadcrumb"},"inLanguage":"hu","potentialAction":[{"@type":"ReadAction","target":["https:\/\/alumni.sze.hu\/en\/the-aim-of-szechenyi-istvan-university-is-to-be-competitive\/"]}]},{"@type":"BreadcrumbList","@id":"https:\/\/alumni.sze.hu\/en\/the-aim-of-szechenyi-istvan-university-is-to-be-competitive\/#breadcrumb","itemListElement":[{"@type":"ListItem","position":1,"name":"Homepage","item":"https:\/\/alumni.sze.hu\/en\/"},{"@type":"ListItem","position":2,"name":"The aim of Sz\u00e9chenyi Istv\u00e1n University is to be competitive"}]}]}},"_links":{"self":[{"href":"https:\/\/alumni.sze.hu\/en\/wp-json\/wp\/v2\/posts\/7282","targetHints":{"allow":["GET"]}}],"collection":[{"href":"https:\/\/alumni.sze.hu\/en\/wp-json\/wp\/v2\/posts"}],"about":[{"href":"https:\/\/alumni.sze.hu\/en\/wp-json\/wp\/v2\/types\/post"}],"replies":[{"embeddable":true,"href":"https:\/\/alumni.sze.hu\/en\/wp-json\/wp\/v2\/comments?post=7282"}],"version-history":[{"count":0,"href":"https:\/\/alumni.sze.hu\/en\/wp-json\/wp\/v2\/posts\/7282\/revisions"}],"wp:attachment":[{"href":"https:\/\/alumni.sze.hu\/en\/wp-json\/wp\/v2\/media?parent=7282"}],"wp:term":[{"taxonomy":"category","embeddable":true,"href":"https:\/\/alumni.sze.hu\/en\/wp-json\/wp\/v2\/categories?post=7282"},{"taxonomy":"post_tag","embeddable":true,"href":"https:\/\/alumni.sze.hu\/en\/wp-json\/wp\/v2\/tags?post=7282"}],"curies":[{"name":"wp","href":"https:\/\/api.w.org\/{rel}","templated":true}]}}