{"id":10506,"date":"2026-08-26T07:40:22","date_gmt":"2026-08-26T07:40:22","guid":{"rendered":"https:\/\/alumni.sze.hu\/en\/?p=10506"},"modified":"2026-08-26T07:40:24","modified_gmt":"2026-08-26T07:40:24","slug":"drawing-and-painting-tool-collection-developed-by-szechenyi-istvan-university-student-wins-award","status":"publish","type":"post","link":"https:\/\/alumni.sze.hu\/en\/drawing-and-painting-tool-collection-developed-by-szechenyi-istvan-university-student-wins-award\/","title":{"rendered":"Drawing and Painting Tool Collection Developed by Sz\u00e9chenyi Istv\u00e1n University Student Wins Award"},"content":{"rendered":"\n<p class=\"wp-block-paragraph\">Created: 2026.08.14. 10:09<\/p>\n\n\n\n<p class=\"wp-block-paragraph\"><strong>The quality of Sz\u00e9chenyi Istv\u00e1n University\u2019s design programmes has once again been recognised through international success:&nbsp;<em>Colorolli<\/em>, an innovative design project for special education created by master\u2019s student Anna S\u00e1ra Gy\u00f6rgy, was selected as one of the seven best entries in the iF Design Student Award 2026.<\/strong><\/p>\n\n\n\n<p class=\"wp-block-paragraph\">The German iF Design Student Award is one of the most prestigious international competitions for emerging designers. The jury assesses not only the quality of the design, but also how innovatively each project responds to social, environmental or cultural challenges. This year\u2019s competition attracted around 7,000 entries, of which 90 received recognition. Colorolli, developed by Anna S\u00e1ra Gy\u00f6rgy, a master\u2019s student in design at Sz\u00e9chenyi Istv\u00e1n University, was selected among the top seven projects in the Best of the Year category. In addition, it received the HOTO Design Prize by iF special award, presented to only three projects worldwide this year.<\/p>\n\n\n\n<figure class=\"wp-block-image size-large\"><img loading=\"lazy\" decoding=\"async\" width=\"1024\" height=\"516\" src=\"https:\/\/alumni.sze.hu\/en\/wp-content\/uploads\/2026\/08\/image-21-1024x516.png\" alt=\"\" class=\"wp-image-10507\" srcset=\"https:\/\/alumni.sze.hu\/en\/wp-content\/uploads\/2026\/08\/image-21-1024x516.png 1024w, https:\/\/alumni.sze.hu\/en\/wp-content\/uploads\/2026\/08\/image-21-300x150.png 300w, https:\/\/alumni.sze.hu\/en\/wp-content\/uploads\/2026\/08\/image-21-768x387.png 768w, https:\/\/alumni.sze.hu\/en\/wp-content\/uploads\/2026\/08\/image-21-1536x774.png 1536w, https:\/\/alumni.sze.hu\/en\/wp-content\/uploads\/2026\/08\/image-21-2048x1032.png 2048w, https:\/\/alumni.sze.hu\/en\/wp-content\/uploads\/2026\/08\/image-21-18x9.png 18w\" sizes=\"auto, (max-width: 1024px) 100vw, 1024px\" \/><\/figure>\n\n\n\n<p class=\"has-text-align-center wp-block-paragraph\"><em>Colorolli was selected among the seven best entries in the iF Design Student Award 2026. (Photo: Anna S\u00e1ra Gy\u00f6rgy)<\/em><\/p>\n\n\n\n<p class=\"wp-block-paragraph\">When asked about her project, the young designer explained that she had begun working on it as her bachelor\u2019s degree thesis, inspired by several years of experience working at children\u2019s camps. For years, she led arts and crafts activities at the Erzs\u00e9bet Camp in Z\u00e1nka and later visited several special education and conductive education institutions, where she saw first-hand that conventional drawing and painting tools are not equally accessible to all children. In response, she created Colorolli, an inclusive range of creative tools designed to make visual self-expression easier for children with different motor abilities.<\/p>\n\n\n\n<figure class=\"wp-block-image size-large\"><img loading=\"lazy\" decoding=\"async\" width=\"1024\" height=\"683\" src=\"https:\/\/alumni.sze.hu\/en\/wp-content\/uploads\/2026\/08\/image-22-1024x683.png\" alt=\"\" class=\"wp-image-10508\" srcset=\"https:\/\/alumni.sze.hu\/en\/wp-content\/uploads\/2026\/08\/image-22-1024x683.png 1024w, https:\/\/alumni.sze.hu\/en\/wp-content\/uploads\/2026\/08\/image-22-300x200.png 300w, https:\/\/alumni.sze.hu\/en\/wp-content\/uploads\/2026\/08\/image-22-768x512.png 768w, https:\/\/alumni.sze.hu\/en\/wp-content\/uploads\/2026\/08\/image-22-1536x1024.png 1536w, https:\/\/alumni.sze.hu\/en\/wp-content\/uploads\/2026\/08\/image-22-2048x1365.png 2048w, https:\/\/alumni.sze.hu\/en\/wp-content\/uploads\/2026\/08\/image-22-18x12.png 18w\" sizes=\"auto, (max-width: 1024px) 100vw, 1024px\" \/><\/figure>\n\n\n\n<p class=\"has-text-align-center wp-block-paragraph\"><em>The Colorolli product family consists of tools that accommodate different grips and enable children to create freely and enjoyably. (Photo: Anna S\u00e1ra Gy\u00f6rgy)<\/em><\/p>\n\n\n\n<p class=\"wp-block-paragraph\"><em>\u201cThis latest recognition means a great deal to me, particularly because I achieved success in an international competition that attracts students from the world\u2019s leading design programmes. It confirms that it is worth continuing to develop the project. We are currently testing the tools in several special education institutions, kindergartens and rehabilitation centres, while also seeking partners who could help make the product more widely available in the future,\u201d&nbsp;<\/em>said Anna S\u00e1ra Gy\u00f6rgy. Experience to date suggests that Colorolli can provide meaningful support not only for children, but also for adults recovering from a stroke, for example.<\/p>\n\n\n\n<figure class=\"wp-block-image size-large\"><img loading=\"lazy\" decoding=\"async\" width=\"1024\" height=\"683\" src=\"https:\/\/alumni.sze.hu\/en\/wp-content\/uploads\/2026\/08\/image-23-1024x683.png\" alt=\"\" class=\"wp-image-10509\" srcset=\"https:\/\/alumni.sze.hu\/en\/wp-content\/uploads\/2026\/08\/image-23-1024x683.png 1024w, https:\/\/alumni.sze.hu\/en\/wp-content\/uploads\/2026\/08\/image-23-300x200.png 300w, https:\/\/alumni.sze.hu\/en\/wp-content\/uploads\/2026\/08\/image-23-767x511.png 767w, https:\/\/alumni.sze.hu\/en\/wp-content\/uploads\/2026\/08\/image-23-1536x1024.png 1536w, https:\/\/alumni.sze.hu\/en\/wp-content\/uploads\/2026\/08\/image-23-18x12.png 18w, https:\/\/alumni.sze.hu\/en\/wp-content\/uploads\/2026\/08\/image-23.png 2048w\" sizes=\"auto, (max-width: 1024px) 100vw, 1024px\" \/><\/figure>\n\n\n\n<p class=\"has-text-align-center wp-block-paragraph\"><em>Anna S\u00e1ra Gy\u00f6rgy with the iF Design Student Award 2026 recognition and the certificate for the HOTO Design Prize by iF special award, both received for the development of Colorolli. (Photo: Andr\u00e1s Adorj\u00e1n)<\/em><\/p>\n\n\n\n<p class=\"wp-block-paragraph\"><em>\u201cThis development was created in a creative environment where design research, social awareness, prototype development and an international outlook mutually reinforce one another. It is particularly gratifying to see recognition given to a project that responds to a genuine societal need while offering high-quality design solutions. Anna S\u00e1ra Gy\u00f6rgy\u2019s success also demonstrates that the work of our students can hold its own among those of the world\u2019s leading design schools,\u201d<\/em>&nbsp;said Dr Kriszti\u00e1n Pal\u00f3cz, Head of the Department of Design at Sz\u00e9chenyi Istv\u00e1n University.<\/p>\n\n\n\n<p class=\"wp-block-paragraph\">Colorolli has already received several prestigious professional accolades: it was a category winner at the&nbsp;<a href=\"https:\/\/uni.sze.hu\/post\/a-hazai-designszakma-rangos-elismer%C3%A9seit-nyert%C3%A9k-el-a-sz%C3%A9chenyi-istv%C3%A1n-egyetem-formatervez%C5%91-hallgat%C3%B3\">2026 ArtHungry Awards<\/a>, was selected as a finalist at the Central European Creative Awards, and was also showcased at the international Graduation Projects event.<\/p>\n","protected":false},"excerpt":{"rendered":"<p>Created: 2026.08.14. 10:09 The quality of Sz\u00e9chenyi Istv\u00e1n University\u2019s design programmes has once again been recognised through international success:&nbsp;Colorolli, an innovative design project for special education created by master\u2019s student &#8230;<\/p>\n","protected":false},"author":22,"featured_media":10507,"comment_status":"closed","ping_status":"open","sticky":false,"template":"","format":"standard","meta":{"footnotes":""},"categories":[24],"tags":[],"class_list":["post-10506","post","type-post","status-publish","format-standard","has-post-thumbnail","hentry","category-news"],"yoast_head":"<!-- This site is optimized with the Yoast SEO plugin v17.8 - https:\/\/yoast.com\/wordpress\/plugins\/seo\/ -->\n<title>Drawing and Painting Tool Collection Developed by Sz\u00e9chenyi Istv\u00e1n University Student Wins Award - SZE Alumni \u2013 Sz\u00e9chenyi Istv\u00e1n Egyetem<\/title>\n<meta name=\"robots\" content=\"index, follow, max-snippet:-1, max-image-preview:large, max-video-preview:-1\" \/>\n<link rel=\"canonical\" href=\"https:\/\/alumni.sze.hu\/en\/drawing-and-painting-tool-collection-developed-by-szechenyi-istvan-university-student-wins-award\/\" \/>\n<meta property=\"og:locale\" content=\"hu_HU\" \/>\n<meta property=\"og:type\" content=\"article\" \/>\n<meta property=\"og:title\" content=\"Drawing and Painting Tool Collection Developed by Sz\u00e9chenyi Istv\u00e1n University Student Wins Award - SZE Alumni \u2013 Sz\u00e9chenyi Istv\u00e1n Egyetem\" \/>\n<meta property=\"og:description\" content=\"Created: 2026.08.14. 10:09 The quality of Sz\u00e9chenyi Istv\u00e1n University\u2019s design programmes has once again been recognised through international success:&nbsp;Colorolli, an innovative design project for special education created by master\u2019s student ...\" \/>\n<meta property=\"og:url\" content=\"https:\/\/alumni.sze.hu\/en\/drawing-and-painting-tool-collection-developed-by-szechenyi-istvan-university-student-wins-award\/\" \/>\n<meta property=\"og:site_name\" content=\"SZE Alumni \u2013 Sz\u00e9chenyi Istv\u00e1n Egyetem\" \/>\n<meta property=\"article:published_time\" content=\"2026-08-26T07:40:22+00:00\" \/>\n<meta property=\"article:modified_time\" content=\"2026-08-26T07:40:24+00:00\" \/>\n<meta property=\"og:image\" content=\"https:\/\/alumni.sze.hu\/en\/wp-content\/uploads\/2026\/08\/image-21-scaled.png\" \/>\n\t<meta property=\"og:image:width\" content=\"2560\" \/>\n\t<meta property=\"og:image:height\" content=\"1290\" \/>\n<meta name=\"twitter:card\" content=\"summary_large_image\" \/>\n<meta name=\"twitter:label1\" content=\"Szerz\u0151:\" \/>\n\t<meta name=\"twitter:data1\" content=\"KUP\u00d3-ZAJZON R\u00e9ka\" \/>\n\t<meta name=\"twitter:label2\" content=\"Becs\u00fclt olvas\u00e1si id\u0151\" \/>\n\t<meta name=\"twitter:data2\" content=\"3 perc\" \/>\n<script type=\"application\/ld+json\" class=\"yoast-schema-graph\">{\"@context\":\"https:\/\/schema.org\",\"@graph\":[{\"@type\":\"WebSite\",\"@id\":\"https:\/\/alumni.sze.hu\/en\/#website\",\"url\":\"https:\/\/alumni.sze.hu\/en\/\",\"name\":\"SZE Alumni \\u2013 Sz\\u00e9chenyi Istv\\u00e1n Egyetem\",\"description\":\"SZE Alumni \\u2013 Sz\\u00e9chenyi Istv\\u00e1n Egyetem\",\"potentialAction\":[{\"@type\":\"SearchAction\",\"target\":{\"@type\":\"EntryPoint\",\"urlTemplate\":\"https:\/\/alumni.sze.hu\/en\/?s={search_term_string}\"},\"query-input\":\"required name=search_term_string\"}],\"inLanguage\":\"hu\"},{\"@type\":\"ImageObject\",\"@id\":\"https:\/\/alumni.sze.hu\/en\/drawing-and-painting-tool-collection-developed-by-szechenyi-istvan-university-student-wins-award\/#primaryimage\",\"inLanguage\":\"hu\",\"url\":\"https:\/\/alumni.sze.hu\/en\/wp-content\/uploads\/2026\/08\/image-21-scaled.png\",\"contentUrl\":\"https:\/\/alumni.sze.hu\/en\/wp-content\/uploads\/2026\/08\/image-21-scaled.png\",\"width\":2560,\"height\":1290,\"caption\":\"Colorolli was selected among the seven best entries in the iF Design Student Award 2026. (Photo: Anna S\\u00e1ra Gy\\u00f6rgy)\"},{\"@type\":\"WebPage\",\"@id\":\"https:\/\/alumni.sze.hu\/en\/drawing-and-painting-tool-collection-developed-by-szechenyi-istvan-university-student-wins-award\/#webpage\",\"url\":\"https:\/\/alumni.sze.hu\/en\/drawing-and-painting-tool-collection-developed-by-szechenyi-istvan-university-student-wins-award\/\",\"name\":\"Drawing and Painting Tool Collection Developed by Sz\\u00e9chenyi Istv\\u00e1n University Student Wins Award - SZE Alumni \\u2013 Sz\\u00e9chenyi Istv\\u00e1n Egyetem\",\"isPartOf\":{\"@id\":\"https:\/\/alumni.sze.hu\/en\/#website\"},\"primaryImageOfPage\":{\"@id\":\"https:\/\/alumni.sze.hu\/en\/drawing-and-painting-tool-collection-developed-by-szechenyi-istvan-university-student-wins-award\/#primaryimage\"},\"datePublished\":\"2026-08-26T07:40:22+00:00\",\"dateModified\":\"2026-08-26T07:40:24+00:00\",\"author\":{\"@id\":\"https:\/\/alumni.sze.hu\/en\/#\/schema\/person\/e80038ffd588d77e7ccd9bee4a6e445c\"},\"breadcrumb\":{\"@id\":\"https:\/\/alumni.sze.hu\/en\/drawing-and-painting-tool-collection-developed-by-szechenyi-istvan-university-student-wins-award\/#breadcrumb\"},\"inLanguage\":\"hu\",\"potentialAction\":[{\"@type\":\"ReadAction\",\"target\":[\"https:\/\/alumni.sze.hu\/en\/drawing-and-painting-tool-collection-developed-by-szechenyi-istvan-university-student-wins-award\/\"]}]},{\"@type\":\"BreadcrumbList\",\"@id\":\"https:\/\/alumni.sze.hu\/en\/drawing-and-painting-tool-collection-developed-by-szechenyi-istvan-university-student-wins-award\/#breadcrumb\",\"itemListElement\":[{\"@type\":\"ListItem\",\"position\":1,\"name\":\"Homepage\",\"item\":\"https:\/\/alumni.sze.hu\/en\/\"},{\"@type\":\"ListItem\",\"position\":2,\"name\":\"Drawing and Painting Tool Collection Developed by Sz\\u00e9chenyi Istv\\u00e1n University Student Wins Award\"}]},{\"@type\":\"Person\",\"@id\":\"https:\/\/alumni.sze.hu\/en\/#\/schema\/person\/e80038ffd588d77e7ccd9bee4a6e445c\",\"name\":\"KUP\\u00d3-ZAJZON R\\u00e9ka\",\"image\":{\"@type\":\"ImageObject\",\"@id\":\"https:\/\/alumni.sze.hu\/en\/#personlogo\",\"inLanguage\":\"hu\",\"url\":\"https:\/\/secure.gravatar.com\/avatar\/1084379bc06970c176085757561a2c46a3ed600c0f54ee76511c6ded24d31c0d?s=96&d=mm&r=g\",\"contentUrl\":\"https:\/\/secure.gravatar.com\/avatar\/1084379bc06970c176085757561a2c46a3ed600c0f54ee76511c6ded24d31c0d?s=96&d=mm&r=g\",\"caption\":\"KUP\\u00d3-ZAJZON R\\u00e9ka\"},\"url\":\"https:\/\/alumni.sze.hu\/en\/author\/kupore\/\"}]}<\/script>\n<!-- \/ Yoast SEO plugin. -->","yoast_head_json":{"title":"Drawing and Painting Tool Collection Developed by Sz\u00e9chenyi Istv\u00e1n University Student Wins Award - SZE Alumni \u2013 Sz\u00e9chenyi Istv\u00e1n Egyetem","robots":{"index":"index","follow":"follow","max-snippet":"max-snippet:-1","max-image-preview":"max-image-preview:large","max-video-preview":"max-video-preview:-1"},"canonical":"https:\/\/alumni.sze.hu\/en\/drawing-and-painting-tool-collection-developed-by-szechenyi-istvan-university-student-wins-award\/","og_locale":"hu_HU","og_type":"article","og_title":"Drawing and Painting Tool Collection Developed by Sz\u00e9chenyi Istv\u00e1n University Student Wins Award - SZE Alumni \u2013 Sz\u00e9chenyi Istv\u00e1n Egyetem","og_description":"Created: 2026.08.14. 10:09 The quality of Sz\u00e9chenyi Istv\u00e1n University\u2019s design programmes has once again been recognised through international success:&nbsp;Colorolli, an innovative design project for special education created by master\u2019s student ...","og_url":"https:\/\/alumni.sze.hu\/en\/drawing-and-painting-tool-collection-developed-by-szechenyi-istvan-university-student-wins-award\/","og_site_name":"SZE Alumni \u2013 Sz\u00e9chenyi Istv\u00e1n Egyetem","article_published_time":"2026-08-26T07:40:22+00:00","article_modified_time":"2026-08-26T07:40:24+00:00","og_image":[{"width":2560,"height":1290,"url":"https:\/\/alumni.sze.hu\/en\/wp-content\/uploads\/2026\/08\/image-21-scaled.png","type":"image\/png"}],"twitter_card":"summary_large_image","twitter_misc":{"Szerz\u0151:":"KUP\u00d3-ZAJZON R\u00e9ka","Becs\u00fclt olvas\u00e1si id\u0151":"3 perc"},"schema":{"@context":"https:\/\/schema.org","@graph":[{"@type":"WebSite","@id":"https:\/\/alumni.sze.hu\/en\/#website","url":"https:\/\/alumni.sze.hu\/en\/","name":"SZE Alumni \u2013 Sz\u00e9chenyi Istv\u00e1n Egyetem","description":"SZE Alumni \u2013 Sz\u00e9chenyi Istv\u00e1n Egyetem","potentialAction":[{"@type":"SearchAction","target":{"@type":"EntryPoint","urlTemplate":"https:\/\/alumni.sze.hu\/en\/?s={search_term_string}"},"query-input":"required name=search_term_string"}],"inLanguage":"hu"},{"@type":"ImageObject","@id":"https:\/\/alumni.sze.hu\/en\/drawing-and-painting-tool-collection-developed-by-szechenyi-istvan-university-student-wins-award\/#primaryimage","inLanguage":"hu","url":"https:\/\/alumni.sze.hu\/en\/wp-content\/uploads\/2026\/08\/image-21-scaled.png","contentUrl":"https:\/\/alumni.sze.hu\/en\/wp-content\/uploads\/2026\/08\/image-21-scaled.png","width":2560,"height":1290,"caption":"Colorolli was selected among the seven best entries in the iF Design Student Award 2026. (Photo: Anna S\u00e1ra Gy\u00f6rgy)"},{"@type":"WebPage","@id":"https:\/\/alumni.sze.hu\/en\/drawing-and-painting-tool-collection-developed-by-szechenyi-istvan-university-student-wins-award\/#webpage","url":"https:\/\/alumni.sze.hu\/en\/drawing-and-painting-tool-collection-developed-by-szechenyi-istvan-university-student-wins-award\/","name":"Drawing and Painting Tool Collection Developed by Sz\u00e9chenyi Istv\u00e1n University Student Wins Award - SZE Alumni \u2013 Sz\u00e9chenyi Istv\u00e1n Egyetem","isPartOf":{"@id":"https:\/\/alumni.sze.hu\/en\/#website"},"primaryImageOfPage":{"@id":"https:\/\/alumni.sze.hu\/en\/drawing-and-painting-tool-collection-developed-by-szechenyi-istvan-university-student-wins-award\/#primaryimage"},"datePublished":"2026-08-26T07:40:22+00:00","dateModified":"2026-08-26T07:40:24+00:00","author":{"@id":"https:\/\/alumni.sze.hu\/en\/#\/schema\/person\/e80038ffd588d77e7ccd9bee4a6e445c"},"breadcrumb":{"@id":"https:\/\/alumni.sze.hu\/en\/drawing-and-painting-tool-collection-developed-by-szechenyi-istvan-university-student-wins-award\/#breadcrumb"},"inLanguage":"hu","potentialAction":[{"@type":"ReadAction","target":["https:\/\/alumni.sze.hu\/en\/drawing-and-painting-tool-collection-developed-by-szechenyi-istvan-university-student-wins-award\/"]}]},{"@type":"BreadcrumbList","@id":"https:\/\/alumni.sze.hu\/en\/drawing-and-painting-tool-collection-developed-by-szechenyi-istvan-university-student-wins-award\/#breadcrumb","itemListElement":[{"@type":"ListItem","position":1,"name":"Homepage","item":"https:\/\/alumni.sze.hu\/en\/"},{"@type":"ListItem","position":2,"name":"Drawing and Painting Tool Collection Developed by Sz\u00e9chenyi Istv\u00e1n University Student Wins Award"}]},{"@type":"Person","@id":"https:\/\/alumni.sze.hu\/en\/#\/schema\/person\/e80038ffd588d77e7ccd9bee4a6e445c","name":"KUP\u00d3-ZAJZON R\u00e9ka","image":{"@type":"ImageObject","@id":"https:\/\/alumni.sze.hu\/en\/#personlogo","inLanguage":"hu","url":"https:\/\/secure.gravatar.com\/avatar\/1084379bc06970c176085757561a2c46a3ed600c0f54ee76511c6ded24d31c0d?s=96&d=mm&r=g","contentUrl":"https:\/\/secure.gravatar.com\/avatar\/1084379bc06970c176085757561a2c46a3ed600c0f54ee76511c6ded24d31c0d?s=96&d=mm&r=g","caption":"KUP\u00d3-ZAJZON R\u00e9ka"},"url":"https:\/\/alumni.sze.hu\/en\/author\/kupore\/"}]}},"_links":{"self":[{"href":"https:\/\/alumni.sze.hu\/en\/wp-json\/wp\/v2\/posts\/10506","targetHints":{"allow":["GET"]}}],"collection":[{"href":"https:\/\/alumni.sze.hu\/en\/wp-json\/wp\/v2\/posts"}],"about":[{"href":"https:\/\/alumni.sze.hu\/en\/wp-json\/wp\/v2\/types\/post"}],"author":[{"embeddable":true,"href":"https:\/\/alumni.sze.hu\/en\/wp-json\/wp\/v2\/users\/22"}],"replies":[{"embeddable":true,"href":"https:\/\/alumni.sze.hu\/en\/wp-json\/wp\/v2\/comments?post=10506"}],"version-history":[{"count":1,"href":"https:\/\/alumni.sze.hu\/en\/wp-json\/wp\/v2\/posts\/10506\/revisions"}],"predecessor-version":[{"id":10510,"href":"https:\/\/alumni.sze.hu\/en\/wp-json\/wp\/v2\/posts\/10506\/revisions\/10510"}],"wp:featuredmedia":[{"embeddable":true,"href":"https:\/\/alumni.sze.hu\/en\/wp-json\/wp\/v2\/media\/10507"}],"wp:attachment":[{"href":"https:\/\/alumni.sze.hu\/en\/wp-json\/wp\/v2\/media?parent=10506"}],"wp:term":[{"taxonomy":"category","embeddable":true,"href":"https:\/\/alumni.sze.hu\/en\/wp-json\/wp\/v2\/categories?post=10506"},{"taxonomy":"post_tag","embeddable":true,"href":"https:\/\/alumni.sze.hu\/en\/wp-json\/wp\/v2\/tags?post=10506"}],"curies":[{"name":"wp","href":"https:\/\/api.w.org\/{rel}","templated":true}]}}