{"id":10498,"date":"2026-08-26T07:37:28","date_gmt":"2026-08-26T07:37:28","guid":{"rendered":"https:\/\/alumni.sze.hu\/en\/?p=10498"},"modified":"2026-08-26T07:37:29","modified_gmt":"2026-08-26T07:37:29","slug":"szechenyi-istvan-university-hosts-one-of-the-carpathian-basins-leading-youth-summer-universities","status":"publish","type":"post","link":"https:\/\/alumni.sze.hu\/en\/szechenyi-istvan-university-hosts-one-of-the-carpathian-basins-leading-youth-summer-universities\/","title":{"rendered":"Sz\u00e9chenyi Istv\u00e1n University Hosts One of the Carpathian Basin\u2019s Leading Youth Summer Universities"},"content":{"rendered":"\n<p class=\"wp-block-paragraph\">Created: 2026.08.13. 10:55<\/p>\n\n\n\n<p class=\"wp-block-paragraph\"><strong>The National Youth Council of Hungary and the Hungarian Youth Conference held the NITxMIK Summer University for the eleventh time, with this year\u2019s event hosted by Sz\u00e9chenyi Istv\u00e1n University. One of the Carpathian Basin\u2019s leading free youth festivals brought together several hundred young people aged 18\u201335 from Hungary and Hungarian communities abroad in Gy\u0151r, where discussions focused on public affairs, political engagement and some of the most important issues affecting young people.<\/strong><\/p>\n\n\n\n<p class=\"wp-block-paragraph\">The National Youth Council of Hungary (NIT) is an independent and open umbrella organisation established on the model of similar organisations in the European Union. Its role is to represent the interests of youth organisations and NGOs working with young people in Hungary. Its primary objectives are to help shape youth policy, mentor young people and foster community building. Established in 2012, the organisation currently has nearly one hundred member organisations and also represents Hungarian youth at the international level. The Hungarian Youth Conference (MIK) operates according to similar principles and has been working since 1999 to strengthen ties between young people in Hungary and Hungarian communities beyond the country\u2019s borders, build partnerships among Hungarian communities, and create opportunities for them to connect.<\/p>\n\n\n\n<p class=\"wp-block-paragraph\">The two organisations recently held the 11th NITxMIK Summer University, hosted this year by Sz\u00e9chenyi Istv\u00e1n University. The three-day festival, which attracted several hundred young people, featured panel discussions, workshops and interactive professional programmes, providing participants with opportunities for dialogue, exchanging experiences and exploring ideas together.<\/p>\n\n\n\n<p class=\"wp-block-paragraph\">At the opening ceremony held on the central campus of Sz\u00e9chenyi Istv\u00e1n University, Dr Eszter Luk\u00e1cs, Vice-President for International Affairs and Strategic Relations at the University, stressed the great importance of ensuring that politics is receptive to the perspectives of young people.&nbsp;<em>\u201cThe forum focuses on key topics such as entrepreneurship development, the impact of social media, mental health, young people\u2019s participation in public life, and the role of women in society. Added to this is the drafting of the National Youth Strategy, in which the young people present here play a vital role. Through their involvement, a truly democratic strategy\u2014accepted by all\u2014can be created,\u201d<\/em>&nbsp;she explained. She added that the summer university provides an informal setting free from rigid constraints, with a strong emphasis on community building \u2013 an approach that also reflects the way Sz\u00e9chenyi Istv\u00e1n University operates.<\/p>\n\n\n\n<p class=\"wp-block-paragraph\"><em>\u201cAt all times, we keep the interests of our students at the forefront, and we continuously renew our organisation with their needs in mind. We firmly believe that our students are the heart and soul of our University,\u201d<\/em>&nbsp;she emphasised. She added that, alongside high-quality education and research, the University places particular importance on cooperation with civil society organisations, political actors and society at large. Hosting the Summer University is therefore also a significant manifestation of the University\u2019s third-mission activities.<\/p>\n\n\n\n<figure class=\"wp-block-image size-large\"><img loading=\"lazy\" decoding=\"async\" width=\"1024\" height=\"683\" src=\"https:\/\/alumni.sze.hu\/en\/wp-content\/uploads\/2026\/08\/image-15-1024x683.png\" alt=\"\" class=\"wp-image-10499\" srcset=\"https:\/\/alumni.sze.hu\/en\/wp-content\/uploads\/2026\/08\/image-15-1024x683.png 1024w, https:\/\/alumni.sze.hu\/en\/wp-content\/uploads\/2026\/08\/image-15-300x200.png 300w, https:\/\/alumni.sze.hu\/en\/wp-content\/uploads\/2026\/08\/image-15-768x512.png 768w, https:\/\/alumni.sze.hu\/en\/wp-content\/uploads\/2026\/08\/image-15-18x12.png 18w, https:\/\/alumni.sze.hu\/en\/wp-content\/uploads\/2026\/08\/image-15.png 1384w\" sizes=\"auto, (max-width: 1024px) 100vw, 1024px\" \/><\/figure>\n\n\n\n<p class=\"has-text-align-center wp-block-paragraph\">The opening ceremony of the Summer University was attended by Bence Pint\u00e9r, Mayor of Gy\u0151r; Judit Di\u00f3szegi, Member of Parliament; Vir\u00e1g S\u00f6vegj\u00e1rt\u00f3, President of the National Youth Council of Hungary (NIT); Dr Eszter Luk\u00e1cs, Vice-President for International Affairs and Strategic Relations at Sz\u00e9chenyi Istv\u00e1n University; and \u00c1d\u00e1m Turi, President of the Hungarian Youth Conference (MIK). (Photo: Andr\u00e1s Adorj\u00e1n)<\/p>\n\n\n\n<p class=\"wp-block-paragraph\">In his welcoming remarks, Bence Pint\u00e9r, Mayor of Gy\u0151r, emphasised that youth councils are not merely administrative organisations, but effective forums that represent the independent voice of young people and enable their concerns and ideas to reach decision-makers.<\/p>\n\n\n\n<p class=\"wp-block-paragraph\"><em>\u201cThis can only be achieved by an open, grassroots community where pluralism is a core value, and where everyone finds a place regardless of their background or where they come from. It is important to engage consciously with public affairs from a young age, especially in the age of algorithms, disinformation and artificial intelligence, when textbook knowledge alone is no longer sufficient. Critical thinking, a broad general education and dialogue is needed\u2014one focused on constructive joint efforts and seeking consensus, rather than division,\u201d<\/em>&nbsp;he stressed.<\/p>\n\n\n\n<p class=\"wp-block-paragraph\">In his view, bringing about change requires action, but if there is openness to learning, the courage to take responsibility and a genuine commitment to meaningful dialogue, then everything needed for success is within our reach.<\/p>\n\n\n\n<p class=\"wp-block-paragraph\">According to Judit Di\u00f3szegi, Member of Parliament, the event\u2019s motto aptly sums up the essence of the free youth festival: countries may have borders, but conversations do not.<\/p>\n\n\n\n<p class=\"wp-block-paragraph\"><em>\u201c<\/em>&nbsp;<em>The primary spice that gives straight talk its true flavor is preparation. Firm statements gain validity from broad knowledge, acquired expertise and critical thinking \u2013 this is what makes them credible,\u201d&nbsp;<\/em>she pointed out.<em>&nbsp;\u201cIn representing young people, we bear responsibility for ourselves and for one another. The strength and security of a community never stem from constant agreement, but rather from its members looking out for one another, taking responsibility for their ideas and focusing on opportunities for development.\u201d<\/em><\/p>\n\n\n\n<figure class=\"wp-block-image size-full\"><img loading=\"lazy\" decoding=\"async\" width=\"925\" height=\"616\" src=\"https:\/\/alumni.sze.hu\/en\/wp-content\/uploads\/2026\/08\/image-16.png\" alt=\"\" class=\"wp-image-10500\" srcset=\"https:\/\/alumni.sze.hu\/en\/wp-content\/uploads\/2026\/08\/image-16.png 925w, https:\/\/alumni.sze.hu\/en\/wp-content\/uploads\/2026\/08\/image-16-300x200.png 300w, https:\/\/alumni.sze.hu\/en\/wp-content\/uploads\/2026\/08\/image-16-767x511.png 767w, https:\/\/alumni.sze.hu\/en\/wp-content\/uploads\/2026\/08\/image-16-18x12.png 18w\" sizes=\"auto, (max-width: 925px) 100vw, 925px\" \/><\/figure>\n\n\n\n<figure class=\"wp-block-image size-full\"><img loading=\"lazy\" decoding=\"async\" width=\"925\" height=\"616\" src=\"https:\/\/alumni.sze.hu\/en\/wp-content\/uploads\/2026\/08\/image-17.png\" alt=\"\" class=\"wp-image-10501\" srcset=\"https:\/\/alumni.sze.hu\/en\/wp-content\/uploads\/2026\/08\/image-17.png 925w, https:\/\/alumni.sze.hu\/en\/wp-content\/uploads\/2026\/08\/image-17-300x200.png 300w, https:\/\/alumni.sze.hu\/en\/wp-content\/uploads\/2026\/08\/image-17-18x12.png 18w, https:\/\/alumni.sze.hu\/en\/wp-content\/uploads\/2026\/08\/image-17-767x511.png 767w\" sizes=\"auto, (max-width: 925px) 100vw, 925px\" \/><\/figure>\n\n\n\n<p class=\"has-text-align-center wp-block-paragraph\"><em>Several hundred young people from Hungary and Hungarian communities beyond the country\u2019s borders came to Gy\u0151r for the three-day event. (Photos: Andr\u00e1s Adorj\u00e1n)<\/em><\/p>\n\n\n\n<p class=\"wp-block-paragraph\">MIK President \u00c1d\u00e1m Turi noted that this year\u2019s highlights included a field trip to Dunajsk\u00e1 Streda, Slovakia, offering a broader national policy perspective.<\/p>\n\n\n\n<p class=\"wp-block-paragraph\"><em>\u201cWhat you need to know about our organisation is that what NIT represents within Hungary, MIK represents for Hungarian communities beyond the country\u2019s borders. We currently have 56 member organisations across ten regions in eight countries. We meet twice a year, once in Hungary and once outside the country, and our General Assembly can only conclude once the final provisions have been unanimously adopted by all participants. Our role is to connect those who care about Hungarian young people, wherever they may live in the world,\u201d<\/em>&nbsp;he said.<\/p>\n\n\n\n<p class=\"wp-block-paragraph\">Vir\u00e1g S\u00f6vegj\u00e1rt\u00f3, President of the National Youth Council of Hungary (NIT), emphasised in her speech that they were particularly pleased that the event had found a home at Sz\u00e9chenyi Istv\u00e1n University, a venue that symbolises knowledge, innovation and confidence in the future.<\/p>\n\n\n\n<p class=\"wp-block-paragraph\"><em>\u201cThe greatest value of a summer university lies not only in its lectures, but also in the conversations that take place in the corridors, over a shared lunch or during an evening programme. These encounters can later develop into collaborations, friendships or even shared causes. This is one of the reasons why this event is particularly important to the Council. We believe that young people should not only be given the opportunity to participate in public life, but also genuine space to ask questions, debate, share their ideas with one another and shape the future,\u201d<\/em>&nbsp;she stressed. She added that the diversity of the programme is a value that strengthens dialogue, as we can only truly understand one another if we also listen to those who think differently.<\/p>\n\n\n\n<p class=\"wp-block-paragraph\">One of the highlights of the event was the Youth Dialogue, which gave young people the opportunity to put their questions directly to politicians, creating genuine dialogue between the younger generation and decision-makers. Participants had the opportunity to ask questions of, among others, Gergely Kar\u00e1csony, Mayor of Budapest; D\u00f3ra D\u00far\u00f3, Deputy Speaker of the National Assembly; P\u00e9ter Kajner, Deputy State Secretary for Climate Policy; Istv\u00e1n Moh\u00e1csy, President of Fidelitas; and Andr\u00e1s N\u00e9her, Member of Parliament.<\/p>\n\n\n\n<figure class=\"wp-block-image size-full\"><img loading=\"lazy\" decoding=\"async\" width=\"925\" height=\"616\" src=\"https:\/\/alumni.sze.hu\/en\/wp-content\/uploads\/2026\/08\/image-18.png\" alt=\"\" class=\"wp-image-10502\" srcset=\"https:\/\/alumni.sze.hu\/en\/wp-content\/uploads\/2026\/08\/image-18.png 925w, https:\/\/alumni.sze.hu\/en\/wp-content\/uploads\/2026\/08\/image-18-300x200.png 300w, https:\/\/alumni.sze.hu\/en\/wp-content\/uploads\/2026\/08\/image-18-18x12.png 18w, https:\/\/alumni.sze.hu\/en\/wp-content\/uploads\/2026\/08\/image-18-767x511.png 767w\" sizes=\"auto, (max-width: 925px) 100vw, 925px\" \/><\/figure>\n\n\n\n<figure class=\"wp-block-image size-full\"><img loading=\"lazy\" decoding=\"async\" width=\"925\" height=\"616\" src=\"https:\/\/alumni.sze.hu\/en\/wp-content\/uploads\/2026\/08\/image-19.png\" alt=\"\" class=\"wp-image-10503\" srcset=\"https:\/\/alumni.sze.hu\/en\/wp-content\/uploads\/2026\/08\/image-19.png 925w, https:\/\/alumni.sze.hu\/en\/wp-content\/uploads\/2026\/08\/image-19-300x200.png 300w, https:\/\/alumni.sze.hu\/en\/wp-content\/uploads\/2026\/08\/image-19-18x12.png 18w, https:\/\/alumni.sze.hu\/en\/wp-content\/uploads\/2026\/08\/image-19-767x511.png 767w\" sizes=\"auto, (max-width: 925px) 100vw, 925px\" \/><\/figure>\n\n\n\n<figure class=\"wp-block-image size-full\"><img loading=\"lazy\" decoding=\"async\" width=\"925\" height=\"616\" src=\"https:\/\/alumni.sze.hu\/en\/wp-content\/uploads\/2026\/08\/image-20.png\" alt=\"\" class=\"wp-image-10504\" srcset=\"https:\/\/alumni.sze.hu\/en\/wp-content\/uploads\/2026\/08\/image-20.png 925w, https:\/\/alumni.sze.hu\/en\/wp-content\/uploads\/2026\/08\/image-20-300x200.png 300w, https:\/\/alumni.sze.hu\/en\/wp-content\/uploads\/2026\/08\/image-20-18x12.png 18w, https:\/\/alumni.sze.hu\/en\/wp-content\/uploads\/2026\/08\/image-20-767x511.png 767w\" sizes=\"auto, (max-width: 925px) 100vw, 925px\" \/><\/figure>\n\n\n\n<p class=\"has-text-align-center wp-block-paragraph\"><em>The Summer University\u2019s Youth Dialogue programme proved extremely popular among young people, as participants had the opportunity to engage in discussions with political decision-makers at the national level. (Photos: Andr\u00e1s Adorj\u00e1n)<\/em><\/p>\n","protected":false},"excerpt":{"rendered":"<p>Created: 2026.08.13. 10:55 The National Youth Council of Hungary and the Hungarian Youth Conference held the NITxMIK Summer University for the eleventh time, with this year\u2019s event hosted by Sz\u00e9chenyi &#8230;<\/p>\n","protected":false},"author":22,"featured_media":10499,"comment_status":"closed","ping_status":"open","sticky":false,"template":"","format":"standard","meta":{"footnotes":""},"categories":[24],"tags":[],"class_list":["post-10498","post","type-post","status-publish","format-standard","has-post-thumbnail","hentry","category-news"],"yoast_head":"<!-- This site is optimized with the Yoast SEO plugin v17.8 - https:\/\/yoast.com\/wordpress\/plugins\/seo\/ -->\n<title>Sz\u00e9chenyi Istv\u00e1n University Hosts One of the Carpathian Basin\u2019s Leading Youth Summer Universities - SZE Alumni \u2013 Sz\u00e9chenyi Istv\u00e1n Egyetem<\/title>\n<meta name=\"robots\" content=\"index, follow, max-snippet:-1, max-image-preview:large, max-video-preview:-1\" \/>\n<link rel=\"canonical\" href=\"https:\/\/alumni.sze.hu\/en\/szechenyi-istvan-university-hosts-one-of-the-carpathian-basins-leading-youth-summer-universities\/\" \/>\n<meta property=\"og:locale\" content=\"hu_HU\" \/>\n<meta property=\"og:type\" content=\"article\" \/>\n<meta property=\"og:title\" content=\"Sz\u00e9chenyi Istv\u00e1n University Hosts One of the Carpathian Basin\u2019s Leading Youth Summer Universities - SZE Alumni \u2013 Sz\u00e9chenyi Istv\u00e1n Egyetem\" \/>\n<meta property=\"og:description\" content=\"Created: 2026.08.13. 10:55 The National Youth Council of Hungary and the Hungarian Youth Conference held the NITxMIK Summer University for the eleventh time, with this year\u2019s event hosted by Sz\u00e9chenyi ...\" \/>\n<meta property=\"og:url\" content=\"https:\/\/alumni.sze.hu\/en\/szechenyi-istvan-university-hosts-one-of-the-carpathian-basins-leading-youth-summer-universities\/\" \/>\n<meta property=\"og:site_name\" content=\"SZE Alumni \u2013 Sz\u00e9chenyi Istv\u00e1n Egyetem\" \/>\n<meta property=\"article:published_time\" content=\"2026-08-26T07:37:28+00:00\" \/>\n<meta property=\"article:modified_time\" content=\"2026-08-26T07:37:29+00:00\" \/>\n<meta property=\"og:image\" content=\"https:\/\/alumni.sze.hu\/en\/wp-content\/uploads\/2026\/08\/image-15.png\" \/>\n\t<meta property=\"og:image:width\" content=\"1384\" \/>\n\t<meta property=\"og:image:height\" content=\"923\" \/>\n<meta name=\"twitter:card\" content=\"summary_large_image\" \/>\n<meta name=\"twitter:label1\" content=\"Szerz\u0151:\" \/>\n\t<meta name=\"twitter:data1\" content=\"KUP\u00d3-ZAJZON R\u00e9ka\" \/>\n\t<meta name=\"twitter:label2\" content=\"Becs\u00fclt olvas\u00e1si id\u0151\" \/>\n\t<meta name=\"twitter:data2\" content=\"6 perc\" \/>\n<script type=\"application\/ld+json\" class=\"yoast-schema-graph\">{\"@context\":\"https:\/\/schema.org\",\"@graph\":[{\"@type\":\"WebSite\",\"@id\":\"https:\/\/alumni.sze.hu\/en\/#website\",\"url\":\"https:\/\/alumni.sze.hu\/en\/\",\"name\":\"SZE Alumni \\u2013 Sz\\u00e9chenyi Istv\\u00e1n Egyetem\",\"description\":\"SZE Alumni \\u2013 Sz\\u00e9chenyi Istv\\u00e1n Egyetem\",\"potentialAction\":[{\"@type\":\"SearchAction\",\"target\":{\"@type\":\"EntryPoint\",\"urlTemplate\":\"https:\/\/alumni.sze.hu\/en\/?s={search_term_string}\"},\"query-input\":\"required name=search_term_string\"}],\"inLanguage\":\"hu\"},{\"@type\":\"ImageObject\",\"@id\":\"https:\/\/alumni.sze.hu\/en\/szechenyi-istvan-university-hosts-one-of-the-carpathian-basins-leading-youth-summer-universities\/#primaryimage\",\"inLanguage\":\"hu\",\"url\":\"https:\/\/alumni.sze.hu\/en\/wp-content\/uploads\/2026\/08\/image-15.png\",\"contentUrl\":\"https:\/\/alumni.sze.hu\/en\/wp-content\/uploads\/2026\/08\/image-15.png\",\"width\":1384,\"height\":923,\"caption\":\"The opening ceremony of the Summer University was attended by Bence Pint\\u00e9r, Mayor of Gy\\u0151r; Judit Di\\u00f3szegi, Member of Parliament; Vir\\u00e1g S\\u00f6vegj\\u00e1rt\\u00f3, President of the National Youth Council of Hungary (NIT); Dr Eszter Luk\\u00e1cs, Vice-President for International Affairs and Strategic Relations at Sz\\u00e9chenyi Istv\\u00e1n University; and \\u00c1d\\u00e1m Turi, President of the Hungarian Youth Conference (MIK). (Photo: Andr\\u00e1s Adorj\\u00e1n)\"},{\"@type\":\"WebPage\",\"@id\":\"https:\/\/alumni.sze.hu\/en\/szechenyi-istvan-university-hosts-one-of-the-carpathian-basins-leading-youth-summer-universities\/#webpage\",\"url\":\"https:\/\/alumni.sze.hu\/en\/szechenyi-istvan-university-hosts-one-of-the-carpathian-basins-leading-youth-summer-universities\/\",\"name\":\"Sz\\u00e9chenyi Istv\\u00e1n University Hosts One of the Carpathian Basin\\u2019s Leading Youth Summer Universities - SZE Alumni \\u2013 Sz\\u00e9chenyi Istv\\u00e1n Egyetem\",\"isPartOf\":{\"@id\":\"https:\/\/alumni.sze.hu\/en\/#website\"},\"primaryImageOfPage\":{\"@id\":\"https:\/\/alumni.sze.hu\/en\/szechenyi-istvan-university-hosts-one-of-the-carpathian-basins-leading-youth-summer-universities\/#primaryimage\"},\"datePublished\":\"2026-08-26T07:37:28+00:00\",\"dateModified\":\"2026-08-26T07:37:29+00:00\",\"author\":{\"@id\":\"https:\/\/alumni.sze.hu\/en\/#\/schema\/person\/e80038ffd588d77e7ccd9bee4a6e445c\"},\"breadcrumb\":{\"@id\":\"https:\/\/alumni.sze.hu\/en\/szechenyi-istvan-university-hosts-one-of-the-carpathian-basins-leading-youth-summer-universities\/#breadcrumb\"},\"inLanguage\":\"hu\",\"potentialAction\":[{\"@type\":\"ReadAction\",\"target\":[\"https:\/\/alumni.sze.hu\/en\/szechenyi-istvan-university-hosts-one-of-the-carpathian-basins-leading-youth-summer-universities\/\"]}]},{\"@type\":\"BreadcrumbList\",\"@id\":\"https:\/\/alumni.sze.hu\/en\/szechenyi-istvan-university-hosts-one-of-the-carpathian-basins-leading-youth-summer-universities\/#breadcrumb\",\"itemListElement\":[{\"@type\":\"ListItem\",\"position\":1,\"name\":\"Homepage\",\"item\":\"https:\/\/alumni.sze.hu\/en\/\"},{\"@type\":\"ListItem\",\"position\":2,\"name\":\"Sz\\u00e9chenyi Istv\\u00e1n University Hosts One of the Carpathian Basin\\u2019s Leading Youth Summer Universities\"}]},{\"@type\":\"Person\",\"@id\":\"https:\/\/alumni.sze.hu\/en\/#\/schema\/person\/e80038ffd588d77e7ccd9bee4a6e445c\",\"name\":\"KUP\\u00d3-ZAJZON R\\u00e9ka\",\"image\":{\"@type\":\"ImageObject\",\"@id\":\"https:\/\/alumni.sze.hu\/en\/#personlogo\",\"inLanguage\":\"hu\",\"url\":\"https:\/\/secure.gravatar.com\/avatar\/1084379bc06970c176085757561a2c46a3ed600c0f54ee76511c6ded24d31c0d?s=96&d=mm&r=g\",\"contentUrl\":\"https:\/\/secure.gravatar.com\/avatar\/1084379bc06970c176085757561a2c46a3ed600c0f54ee76511c6ded24d31c0d?s=96&d=mm&r=g\",\"caption\":\"KUP\\u00d3-ZAJZON R\\u00e9ka\"},\"url\":\"https:\/\/alumni.sze.hu\/en\/author\/kupore\/\"}]}<\/script>\n<!-- \/ Yoast SEO plugin. -->","yoast_head_json":{"title":"Sz\u00e9chenyi Istv\u00e1n University Hosts One of the Carpathian Basin\u2019s Leading Youth Summer Universities - SZE Alumni \u2013 Sz\u00e9chenyi Istv\u00e1n Egyetem","robots":{"index":"index","follow":"follow","max-snippet":"max-snippet:-1","max-image-preview":"max-image-preview:large","max-video-preview":"max-video-preview:-1"},"canonical":"https:\/\/alumni.sze.hu\/en\/szechenyi-istvan-university-hosts-one-of-the-carpathian-basins-leading-youth-summer-universities\/","og_locale":"hu_HU","og_type":"article","og_title":"Sz\u00e9chenyi Istv\u00e1n University Hosts One of the Carpathian Basin\u2019s Leading Youth Summer Universities - SZE Alumni \u2013 Sz\u00e9chenyi Istv\u00e1n Egyetem","og_description":"Created: 2026.08.13. 10:55 The National Youth Council of Hungary and the Hungarian Youth Conference held the NITxMIK Summer University for the eleventh time, with this year\u2019s event hosted by Sz\u00e9chenyi ...","og_url":"https:\/\/alumni.sze.hu\/en\/szechenyi-istvan-university-hosts-one-of-the-carpathian-basins-leading-youth-summer-universities\/","og_site_name":"SZE Alumni \u2013 Sz\u00e9chenyi Istv\u00e1n Egyetem","article_published_time":"2026-08-26T07:37:28+00:00","article_modified_time":"2026-08-26T07:37:29+00:00","og_image":[{"width":1384,"height":923,"url":"https:\/\/alumni.sze.hu\/en\/wp-content\/uploads\/2026\/08\/image-15.png","type":"image\/png"}],"twitter_card":"summary_large_image","twitter_misc":{"Szerz\u0151:":"KUP\u00d3-ZAJZON R\u00e9ka","Becs\u00fclt olvas\u00e1si id\u0151":"6 perc"},"schema":{"@context":"https:\/\/schema.org","@graph":[{"@type":"WebSite","@id":"https:\/\/alumni.sze.hu\/en\/#website","url":"https:\/\/alumni.sze.hu\/en\/","name":"SZE Alumni \u2013 Sz\u00e9chenyi Istv\u00e1n Egyetem","description":"SZE Alumni \u2013 Sz\u00e9chenyi Istv\u00e1n Egyetem","potentialAction":[{"@type":"SearchAction","target":{"@type":"EntryPoint","urlTemplate":"https:\/\/alumni.sze.hu\/en\/?s={search_term_string}"},"query-input":"required name=search_term_string"}],"inLanguage":"hu"},{"@type":"ImageObject","@id":"https:\/\/alumni.sze.hu\/en\/szechenyi-istvan-university-hosts-one-of-the-carpathian-basins-leading-youth-summer-universities\/#primaryimage","inLanguage":"hu","url":"https:\/\/alumni.sze.hu\/en\/wp-content\/uploads\/2026\/08\/image-15.png","contentUrl":"https:\/\/alumni.sze.hu\/en\/wp-content\/uploads\/2026\/08\/image-15.png","width":1384,"height":923,"caption":"The opening ceremony of the Summer University was attended by Bence Pint\u00e9r, Mayor of Gy\u0151r; Judit Di\u00f3szegi, Member of Parliament; Vir\u00e1g S\u00f6vegj\u00e1rt\u00f3, President of the National Youth Council of Hungary (NIT); Dr Eszter Luk\u00e1cs, Vice-President for International Affairs and Strategic Relations at Sz\u00e9chenyi Istv\u00e1n University; and \u00c1d\u00e1m Turi, President of the Hungarian Youth Conference (MIK). (Photo: Andr\u00e1s Adorj\u00e1n)"},{"@type":"WebPage","@id":"https:\/\/alumni.sze.hu\/en\/szechenyi-istvan-university-hosts-one-of-the-carpathian-basins-leading-youth-summer-universities\/#webpage","url":"https:\/\/alumni.sze.hu\/en\/szechenyi-istvan-university-hosts-one-of-the-carpathian-basins-leading-youth-summer-universities\/","name":"Sz\u00e9chenyi Istv\u00e1n University Hosts One of the Carpathian Basin\u2019s Leading Youth Summer Universities - SZE Alumni \u2013 Sz\u00e9chenyi Istv\u00e1n Egyetem","isPartOf":{"@id":"https:\/\/alumni.sze.hu\/en\/#website"},"primaryImageOfPage":{"@id":"https:\/\/alumni.sze.hu\/en\/szechenyi-istvan-university-hosts-one-of-the-carpathian-basins-leading-youth-summer-universities\/#primaryimage"},"datePublished":"2026-08-26T07:37:28+00:00","dateModified":"2026-08-26T07:37:29+00:00","author":{"@id":"https:\/\/alumni.sze.hu\/en\/#\/schema\/person\/e80038ffd588d77e7ccd9bee4a6e445c"},"breadcrumb":{"@id":"https:\/\/alumni.sze.hu\/en\/szechenyi-istvan-university-hosts-one-of-the-carpathian-basins-leading-youth-summer-universities\/#breadcrumb"},"inLanguage":"hu","potentialAction":[{"@type":"ReadAction","target":["https:\/\/alumni.sze.hu\/en\/szechenyi-istvan-university-hosts-one-of-the-carpathian-basins-leading-youth-summer-universities\/"]}]},{"@type":"BreadcrumbList","@id":"https:\/\/alumni.sze.hu\/en\/szechenyi-istvan-university-hosts-one-of-the-carpathian-basins-leading-youth-summer-universities\/#breadcrumb","itemListElement":[{"@type":"ListItem","position":1,"name":"Homepage","item":"https:\/\/alumni.sze.hu\/en\/"},{"@type":"ListItem","position":2,"name":"Sz\u00e9chenyi Istv\u00e1n University Hosts One of the Carpathian Basin\u2019s Leading Youth Summer Universities"}]},{"@type":"Person","@id":"https:\/\/alumni.sze.hu\/en\/#\/schema\/person\/e80038ffd588d77e7ccd9bee4a6e445c","name":"KUP\u00d3-ZAJZON R\u00e9ka","image":{"@type":"ImageObject","@id":"https:\/\/alumni.sze.hu\/en\/#personlogo","inLanguage":"hu","url":"https:\/\/secure.gravatar.com\/avatar\/1084379bc06970c176085757561a2c46a3ed600c0f54ee76511c6ded24d31c0d?s=96&d=mm&r=g","contentUrl":"https:\/\/secure.gravatar.com\/avatar\/1084379bc06970c176085757561a2c46a3ed600c0f54ee76511c6ded24d31c0d?s=96&d=mm&r=g","caption":"KUP\u00d3-ZAJZON R\u00e9ka"},"url":"https:\/\/alumni.sze.hu\/en\/author\/kupore\/"}]}},"_links":{"self":[{"href":"https:\/\/alumni.sze.hu\/en\/wp-json\/wp\/v2\/posts\/10498","targetHints":{"allow":["GET"]}}],"collection":[{"href":"https:\/\/alumni.sze.hu\/en\/wp-json\/wp\/v2\/posts"}],"about":[{"href":"https:\/\/alumni.sze.hu\/en\/wp-json\/wp\/v2\/types\/post"}],"author":[{"embeddable":true,"href":"https:\/\/alumni.sze.hu\/en\/wp-json\/wp\/v2\/users\/22"}],"replies":[{"embeddable":true,"href":"https:\/\/alumni.sze.hu\/en\/wp-json\/wp\/v2\/comments?post=10498"}],"version-history":[{"count":1,"href":"https:\/\/alumni.sze.hu\/en\/wp-json\/wp\/v2\/posts\/10498\/revisions"}],"predecessor-version":[{"id":10505,"href":"https:\/\/alumni.sze.hu\/en\/wp-json\/wp\/v2\/posts\/10498\/revisions\/10505"}],"wp:featuredmedia":[{"embeddable":true,"href":"https:\/\/alumni.sze.hu\/en\/wp-json\/wp\/v2\/media\/10499"}],"wp:attachment":[{"href":"https:\/\/alumni.sze.hu\/en\/wp-json\/wp\/v2\/media?parent=10498"}],"wp:term":[{"taxonomy":"category","embeddable":true,"href":"https:\/\/alumni.sze.hu\/en\/wp-json\/wp\/v2\/categories?post=10498"},{"taxonomy":"post_tag","embeddable":true,"href":"https:\/\/alumni.sze.hu\/en\/wp-json\/wp\/v2\/tags?post=10498"}],"curies":[{"name":"wp","href":"https:\/\/api.w.org\/{rel}","templated":true}]}}