{"id":10485,"date":"2026-08-26T07:31:44","date_gmt":"2026-08-26T07:31:44","guid":{"rendered":"https:\/\/alumni.sze.hu\/en\/?p=10485"},"modified":"2026-08-26T07:31:45","modified_gmt":"2026-08-26T07:31:45","slug":"sze-lecturer-participates-in-one-of-natos-leading-cyber-defence-conferences","status":"publish","type":"post","link":"https:\/\/alumni.sze.hu\/en\/sze-lecturer-participates-in-one-of-natos-leading-cyber-defence-conferences\/","title":{"rendered":"SZE Lecturer Participates in One of NATO\u2019s Leading Cyber Defence Conferences"},"content":{"rendered":"\n<p class=\"wp-block-paragraph\">Created: 2026.08.04. 14:24<\/p>\n\n\n\n<p class=\"wp-block-paragraph\"><strong>Dr L\u00e1szl\u00f3 Vikman, Lieutenant Colonel and lecturer at the Department of Law of Modern Technologies and Cybersecurity of the De\u00e1k Ferenc Faculty of Law and Political Sciences at Sz\u00e9chenyi Istv\u00e1n University, participated in the International Conference on Cyber Conflict (CyCon), one of the NATO cyber defence community\u2019s most prestigious international events, held in Tallinn, Estonia.<\/strong><\/p>\n\n\n\n<p class=\"wp-block-paragraph\">Organised annually since 2009 by the&nbsp;<strong>NATO Cooperative Cyber Defence Centre of Excellence (CCDCOE)<\/strong>, CyCon is one of the world&#8217;s foremost conferences on cyber defence. Its distinctive interdisciplinary approach examines digital security not only from technical perspectives but also through legal, strategic, political and military lenses. This year&#8217;s conference brought together government officials, military personnel, researchers and industry experts from nearly 50 countries to discuss the most pressing challenges facing cyberspace.<\/p>\n\n\n\n<figure class=\"wp-block-image size-large\"><img loading=\"lazy\" decoding=\"async\" width=\"1024\" height=\"683\" src=\"https:\/\/alumni.sze.hu\/en\/wp-content\/uploads\/2026\/08\/image-8-1024x683.png\" alt=\"\" class=\"wp-image-10486\" srcset=\"https:\/\/alumni.sze.hu\/en\/wp-content\/uploads\/2026\/08\/image-8-1024x683.png 1024w, https:\/\/alumni.sze.hu\/en\/wp-content\/uploads\/2026\/08\/image-8-300x200.png 300w, https:\/\/alumni.sze.hu\/en\/wp-content\/uploads\/2026\/08\/image-8-768x512.png 768w, https:\/\/alumni.sze.hu\/en\/wp-content\/uploads\/2026\/08\/image-8-18x12.png 18w, https:\/\/alumni.sze.hu\/en\/wp-content\/uploads\/2026\/08\/image-8-1536x1025.png 1536w, https:\/\/alumni.sze.hu\/en\/wp-content\/uploads\/2026\/08\/image-8.png 2048w\" sizes=\"auto, (max-width: 1024px) 100vw, 1024px\" \/><\/figure>\n\n\n\n<p class=\"has-text-align-center wp-block-paragraph\"><em>CyCon, organised by the NATO Cooperative Cyber Defence Centre of Excellence, is one of the world&#8217;s leading international conferences on cyber defence.<\/em><\/p>\n\n\n\n<p class=\"wp-block-paragraph\">This year&#8217;s four-day event focused on the application of artificial intelligence in cyber defence. In addition to attending keynote presentations, participants took part in interactive tabletop exercises that simulated real-world scenarios, encouraging them to evaluate possible responses while considering their respective national legal frameworks and operational procedures. One of the conference&#8217;s key conclusions was that artificial intelligence can serve as a highly effective tool in cyber defence, but it cannot replace human decision-making. Experts also agreed that technological development continues to outpace international legislation, making the consistent application of existing legal frameworks more important than ever.<\/p>\n\n\n\n<figure class=\"wp-block-image size-large\"><img loading=\"lazy\" decoding=\"async\" width=\"1024\" height=\"683\" src=\"https:\/\/alumni.sze.hu\/en\/wp-content\/uploads\/2026\/08\/image-9-1024x683.png\" alt=\"\" class=\"wp-image-10487\" srcset=\"https:\/\/alumni.sze.hu\/en\/wp-content\/uploads\/2026\/08\/image-9-1024x683.png 1024w, https:\/\/alumni.sze.hu\/en\/wp-content\/uploads\/2026\/08\/image-9-300x200.png 300w, https:\/\/alumni.sze.hu\/en\/wp-content\/uploads\/2026\/08\/image-9-767x511.png 767w, https:\/\/alumni.sze.hu\/en\/wp-content\/uploads\/2026\/08\/image-9-1536x1024.png 1536w, https:\/\/alumni.sze.hu\/en\/wp-content\/uploads\/2026\/08\/image-9-18x12.png 18w, https:\/\/alumni.sze.hu\/en\/wp-content\/uploads\/2026\/08\/image-9.png 2048w\" sizes=\"auto, (max-width: 1024px) 100vw, 1024px\" \/><\/figure>\n\n\n\n<p class=\"wp-block-paragraph\"><em>Dr L\u00e1szl\u00f3 Vikman, Lieutenant Colonel and lecturer at the Department of Modern Technologies and Cybersecurity Law of the De\u00e1k Ferenc Faculty of Law and Political Sciences, represented Sz\u00e9chenyi Istv\u00e1n University at the CyCon international cyber defence conference in Tallinn.<\/em><\/p>\n\n\n\n<p class=\"wp-block-paragraph\"><em>&#8222;The presentations exploring the relationship between cyberspace and international law were particularly insightful,&#8221;<\/em>&nbsp;said Dr Vikman.&nbsp;<em>&#8222;A notable example was the discussion of the Viasat cyberattack, which targeted a satellite communications network at the outset of military operations against Ukraine. The case clearly demonstrated how cyber threats can affect critical infrastructure. Another important initiative presented at the conference came from the International Committee of the Red Cross, which aims to ensure that infrastructure protected under international law\u2014such as hospitals and their information systems\u2014can be clearly identified and recognised in cyberspace.&#8221;<\/em><\/p>\n\n\n\n<p class=\"wp-block-paragraph\">A significant part of the conference programme also addressed hybrid threats and information operations. Speakers highlighted that the objective of many cyberattacks is not necessarily to disrupt IT systems but to undermine public trust, create uncertainty or influence democratic processes. A recurring message throughout the event was that these complex challenges can only be addressed through close international cooperation among technical, legal, military and strategic experts.<\/p>\n\n\n\n<p class=\"wp-block-paragraph\">According to Dr Vikman, the knowledge and practical insights gained at the conference will also benefit teaching and research at Sz\u00e9chenyi Istv\u00e1n University.&nbsp;<em>&#8222;Technology law and cybersecurity are fields in which an international perspective is indispensable,&#8221;<\/em>&nbsp;he noted.&nbsp;<em>&#8222;It is essential that our students become familiar not only with legal regulations but also with the real-world dilemmas and case studies that leading experts around the world are addressing today.&#8221;<\/em><\/p>\n","protected":false},"excerpt":{"rendered":"<p>Created: 2026.08.04. 14:24 Dr L\u00e1szl\u00f3 Vikman, Lieutenant Colonel and lecturer at the Department of Law of Modern Technologies and Cybersecurity of the De\u00e1k Ferenc Faculty of Law and Political Sciences &#8230;<\/p>\n","protected":false},"author":22,"featured_media":10486,"comment_status":"closed","ping_status":"open","sticky":false,"template":"","format":"standard","meta":{"footnotes":""},"categories":[24],"tags":[],"class_list":["post-10485","post","type-post","status-publish","format-standard","has-post-thumbnail","hentry","category-news"],"yoast_head":"<!-- This site is optimized with the Yoast SEO plugin v17.8 - https:\/\/yoast.com\/wordpress\/plugins\/seo\/ -->\n<title>SZE Lecturer Participates in One of NATO\u2019s Leading Cyber Defence Conferences - SZE Alumni \u2013 Sz\u00e9chenyi Istv\u00e1n Egyetem<\/title>\n<meta name=\"robots\" content=\"index, follow, max-snippet:-1, max-image-preview:large, max-video-preview:-1\" \/>\n<link rel=\"canonical\" href=\"https:\/\/alumni.sze.hu\/en\/sze-lecturer-participates-in-one-of-natos-leading-cyber-defence-conferences\/\" \/>\n<meta property=\"og:locale\" content=\"hu_HU\" \/>\n<meta property=\"og:type\" content=\"article\" \/>\n<meta property=\"og:title\" content=\"SZE Lecturer Participates in One of NATO\u2019s Leading Cyber Defence Conferences - SZE Alumni \u2013 Sz\u00e9chenyi Istv\u00e1n Egyetem\" \/>\n<meta property=\"og:description\" content=\"Created: 2026.08.04. 14:24 Dr L\u00e1szl\u00f3 Vikman, Lieutenant Colonel and lecturer at the Department of Law of Modern Technologies and Cybersecurity of the De\u00e1k Ferenc Faculty of Law and Political Sciences ...\" \/>\n<meta property=\"og:url\" content=\"https:\/\/alumni.sze.hu\/en\/sze-lecturer-participates-in-one-of-natos-leading-cyber-defence-conferences\/\" \/>\n<meta property=\"og:site_name\" content=\"SZE Alumni \u2013 Sz\u00e9chenyi Istv\u00e1n Egyetem\" \/>\n<meta property=\"article:published_time\" content=\"2026-08-26T07:31:44+00:00\" \/>\n<meta property=\"article:modified_time\" content=\"2026-08-26T07:31:45+00:00\" \/>\n<meta property=\"og:image\" content=\"https:\/\/alumni.sze.hu\/en\/wp-content\/uploads\/2026\/08\/image-8-1024x683.png\" \/>\n\t<meta property=\"og:image:width\" content=\"1024\" \/>\n\t<meta property=\"og:image:height\" content=\"683\" \/>\n<meta name=\"twitter:card\" content=\"summary_large_image\" \/>\n<meta name=\"twitter:label1\" content=\"Szerz\u0151:\" \/>\n\t<meta name=\"twitter:data1\" content=\"KUP\u00d3-ZAJZON R\u00e9ka\" \/>\n\t<meta name=\"twitter:label2\" content=\"Becs\u00fclt olvas\u00e1si id\u0151\" \/>\n\t<meta name=\"twitter:data2\" content=\"3 perc\" \/>\n<script type=\"application\/ld+json\" class=\"yoast-schema-graph\">{\"@context\":\"https:\/\/schema.org\",\"@graph\":[{\"@type\":\"WebSite\",\"@id\":\"https:\/\/alumni.sze.hu\/en\/#website\",\"url\":\"https:\/\/alumni.sze.hu\/en\/\",\"name\":\"SZE Alumni \\u2013 Sz\\u00e9chenyi Istv\\u00e1n Egyetem\",\"description\":\"SZE Alumni \\u2013 Sz\\u00e9chenyi Istv\\u00e1n Egyetem\",\"potentialAction\":[{\"@type\":\"SearchAction\",\"target\":{\"@type\":\"EntryPoint\",\"urlTemplate\":\"https:\/\/alumni.sze.hu\/en\/?s={search_term_string}\"},\"query-input\":\"required name=search_term_string\"}],\"inLanguage\":\"hu\"},{\"@type\":\"ImageObject\",\"@id\":\"https:\/\/alumni.sze.hu\/en\/sze-lecturer-participates-in-one-of-natos-leading-cyber-defence-conferences\/#primaryimage\",\"inLanguage\":\"hu\",\"url\":\"https:\/\/alumni.sze.hu\/en\/wp-content\/uploads\/2026\/08\/image-8.png\",\"contentUrl\":\"https:\/\/alumni.sze.hu\/en\/wp-content\/uploads\/2026\/08\/image-8.png\",\"width\":2048,\"height\":1366,\"caption\":\"CyCon, organised by the NATO Cooperative Cyber Defence Centre of Excellence, is one of the world's leading international conferences on cyber defence.\"},{\"@type\":\"WebPage\",\"@id\":\"https:\/\/alumni.sze.hu\/en\/sze-lecturer-participates-in-one-of-natos-leading-cyber-defence-conferences\/#webpage\",\"url\":\"https:\/\/alumni.sze.hu\/en\/sze-lecturer-participates-in-one-of-natos-leading-cyber-defence-conferences\/\",\"name\":\"SZE Lecturer Participates in One of NATO\\u2019s Leading Cyber Defence Conferences - SZE Alumni \\u2013 Sz\\u00e9chenyi Istv\\u00e1n Egyetem\",\"isPartOf\":{\"@id\":\"https:\/\/alumni.sze.hu\/en\/#website\"},\"primaryImageOfPage\":{\"@id\":\"https:\/\/alumni.sze.hu\/en\/sze-lecturer-participates-in-one-of-natos-leading-cyber-defence-conferences\/#primaryimage\"},\"datePublished\":\"2026-08-26T07:31:44+00:00\",\"dateModified\":\"2026-08-26T07:31:45+00:00\",\"author\":{\"@id\":\"https:\/\/alumni.sze.hu\/en\/#\/schema\/person\/e80038ffd588d77e7ccd9bee4a6e445c\"},\"breadcrumb\":{\"@id\":\"https:\/\/alumni.sze.hu\/en\/sze-lecturer-participates-in-one-of-natos-leading-cyber-defence-conferences\/#breadcrumb\"},\"inLanguage\":\"hu\",\"potentialAction\":[{\"@type\":\"ReadAction\",\"target\":[\"https:\/\/alumni.sze.hu\/en\/sze-lecturer-participates-in-one-of-natos-leading-cyber-defence-conferences\/\"]}]},{\"@type\":\"BreadcrumbList\",\"@id\":\"https:\/\/alumni.sze.hu\/en\/sze-lecturer-participates-in-one-of-natos-leading-cyber-defence-conferences\/#breadcrumb\",\"itemListElement\":[{\"@type\":\"ListItem\",\"position\":1,\"name\":\"Homepage\",\"item\":\"https:\/\/alumni.sze.hu\/en\/\"},{\"@type\":\"ListItem\",\"position\":2,\"name\":\"SZE Lecturer Participates in One of NATO\\u2019s Leading Cyber Defence Conferences\"}]},{\"@type\":\"Person\",\"@id\":\"https:\/\/alumni.sze.hu\/en\/#\/schema\/person\/e80038ffd588d77e7ccd9bee4a6e445c\",\"name\":\"KUP\\u00d3-ZAJZON R\\u00e9ka\",\"image\":{\"@type\":\"ImageObject\",\"@id\":\"https:\/\/alumni.sze.hu\/en\/#personlogo\",\"inLanguage\":\"hu\",\"url\":\"https:\/\/secure.gravatar.com\/avatar\/1084379bc06970c176085757561a2c46a3ed600c0f54ee76511c6ded24d31c0d?s=96&d=mm&r=g\",\"contentUrl\":\"https:\/\/secure.gravatar.com\/avatar\/1084379bc06970c176085757561a2c46a3ed600c0f54ee76511c6ded24d31c0d?s=96&d=mm&r=g\",\"caption\":\"KUP\\u00d3-ZAJZON R\\u00e9ka\"},\"url\":\"https:\/\/alumni.sze.hu\/en\/author\/kupore\/\"}]}<\/script>\n<!-- \/ Yoast SEO plugin. -->","yoast_head_json":{"title":"SZE Lecturer Participates in One of NATO\u2019s Leading Cyber Defence Conferences - SZE Alumni \u2013 Sz\u00e9chenyi Istv\u00e1n Egyetem","robots":{"index":"index","follow":"follow","max-snippet":"max-snippet:-1","max-image-preview":"max-image-preview:large","max-video-preview":"max-video-preview:-1"},"canonical":"https:\/\/alumni.sze.hu\/en\/sze-lecturer-participates-in-one-of-natos-leading-cyber-defence-conferences\/","og_locale":"hu_HU","og_type":"article","og_title":"SZE Lecturer Participates in One of NATO\u2019s Leading Cyber Defence Conferences - SZE Alumni \u2013 Sz\u00e9chenyi Istv\u00e1n Egyetem","og_description":"Created: 2026.08.04. 14:24 Dr L\u00e1szl\u00f3 Vikman, Lieutenant Colonel and lecturer at the Department of Law of Modern Technologies and Cybersecurity of the De\u00e1k Ferenc Faculty of Law and Political Sciences ...","og_url":"https:\/\/alumni.sze.hu\/en\/sze-lecturer-participates-in-one-of-natos-leading-cyber-defence-conferences\/","og_site_name":"SZE Alumni \u2013 Sz\u00e9chenyi Istv\u00e1n Egyetem","article_published_time":"2026-08-26T07:31:44+00:00","article_modified_time":"2026-08-26T07:31:45+00:00","og_image":[{"width":1024,"height":683,"url":"https:\/\/alumni.sze.hu\/en\/wp-content\/uploads\/2026\/08\/image-8-1024x683.png","type":"image\/png"}],"twitter_card":"summary_large_image","twitter_misc":{"Szerz\u0151:":"KUP\u00d3-ZAJZON R\u00e9ka","Becs\u00fclt olvas\u00e1si id\u0151":"3 perc"},"schema":{"@context":"https:\/\/schema.org","@graph":[{"@type":"WebSite","@id":"https:\/\/alumni.sze.hu\/en\/#website","url":"https:\/\/alumni.sze.hu\/en\/","name":"SZE Alumni \u2013 Sz\u00e9chenyi Istv\u00e1n Egyetem","description":"SZE Alumni \u2013 Sz\u00e9chenyi Istv\u00e1n Egyetem","potentialAction":[{"@type":"SearchAction","target":{"@type":"EntryPoint","urlTemplate":"https:\/\/alumni.sze.hu\/en\/?s={search_term_string}"},"query-input":"required name=search_term_string"}],"inLanguage":"hu"},{"@type":"ImageObject","@id":"https:\/\/alumni.sze.hu\/en\/sze-lecturer-participates-in-one-of-natos-leading-cyber-defence-conferences\/#primaryimage","inLanguage":"hu","url":"https:\/\/alumni.sze.hu\/en\/wp-content\/uploads\/2026\/08\/image-8.png","contentUrl":"https:\/\/alumni.sze.hu\/en\/wp-content\/uploads\/2026\/08\/image-8.png","width":2048,"height":1366,"caption":"CyCon, organised by the NATO Cooperative Cyber Defence Centre of Excellence, is one of the world's leading international conferences on cyber defence."},{"@type":"WebPage","@id":"https:\/\/alumni.sze.hu\/en\/sze-lecturer-participates-in-one-of-natos-leading-cyber-defence-conferences\/#webpage","url":"https:\/\/alumni.sze.hu\/en\/sze-lecturer-participates-in-one-of-natos-leading-cyber-defence-conferences\/","name":"SZE Lecturer Participates in One of NATO\u2019s Leading Cyber Defence Conferences - SZE Alumni \u2013 Sz\u00e9chenyi Istv\u00e1n Egyetem","isPartOf":{"@id":"https:\/\/alumni.sze.hu\/en\/#website"},"primaryImageOfPage":{"@id":"https:\/\/alumni.sze.hu\/en\/sze-lecturer-participates-in-one-of-natos-leading-cyber-defence-conferences\/#primaryimage"},"datePublished":"2026-08-26T07:31:44+00:00","dateModified":"2026-08-26T07:31:45+00:00","author":{"@id":"https:\/\/alumni.sze.hu\/en\/#\/schema\/person\/e80038ffd588d77e7ccd9bee4a6e445c"},"breadcrumb":{"@id":"https:\/\/alumni.sze.hu\/en\/sze-lecturer-participates-in-one-of-natos-leading-cyber-defence-conferences\/#breadcrumb"},"inLanguage":"hu","potentialAction":[{"@type":"ReadAction","target":["https:\/\/alumni.sze.hu\/en\/sze-lecturer-participates-in-one-of-natos-leading-cyber-defence-conferences\/"]}]},{"@type":"BreadcrumbList","@id":"https:\/\/alumni.sze.hu\/en\/sze-lecturer-participates-in-one-of-natos-leading-cyber-defence-conferences\/#breadcrumb","itemListElement":[{"@type":"ListItem","position":1,"name":"Homepage","item":"https:\/\/alumni.sze.hu\/en\/"},{"@type":"ListItem","position":2,"name":"SZE Lecturer Participates in One of NATO\u2019s Leading Cyber Defence Conferences"}]},{"@type":"Person","@id":"https:\/\/alumni.sze.hu\/en\/#\/schema\/person\/e80038ffd588d77e7ccd9bee4a6e445c","name":"KUP\u00d3-ZAJZON R\u00e9ka","image":{"@type":"ImageObject","@id":"https:\/\/alumni.sze.hu\/en\/#personlogo","inLanguage":"hu","url":"https:\/\/secure.gravatar.com\/avatar\/1084379bc06970c176085757561a2c46a3ed600c0f54ee76511c6ded24d31c0d?s=96&d=mm&r=g","contentUrl":"https:\/\/secure.gravatar.com\/avatar\/1084379bc06970c176085757561a2c46a3ed600c0f54ee76511c6ded24d31c0d?s=96&d=mm&r=g","caption":"KUP\u00d3-ZAJZON R\u00e9ka"},"url":"https:\/\/alumni.sze.hu\/en\/author\/kupore\/"}]}},"_links":{"self":[{"href":"https:\/\/alumni.sze.hu\/en\/wp-json\/wp\/v2\/posts\/10485","targetHints":{"allow":["GET"]}}],"collection":[{"href":"https:\/\/alumni.sze.hu\/en\/wp-json\/wp\/v2\/posts"}],"about":[{"href":"https:\/\/alumni.sze.hu\/en\/wp-json\/wp\/v2\/types\/post"}],"author":[{"embeddable":true,"href":"https:\/\/alumni.sze.hu\/en\/wp-json\/wp\/v2\/users\/22"}],"replies":[{"embeddable":true,"href":"https:\/\/alumni.sze.hu\/en\/wp-json\/wp\/v2\/comments?post=10485"}],"version-history":[{"count":1,"href":"https:\/\/alumni.sze.hu\/en\/wp-json\/wp\/v2\/posts\/10485\/revisions"}],"predecessor-version":[{"id":10488,"href":"https:\/\/alumni.sze.hu\/en\/wp-json\/wp\/v2\/posts\/10485\/revisions\/10488"}],"wp:featuredmedia":[{"embeddable":true,"href":"https:\/\/alumni.sze.hu\/en\/wp-json\/wp\/v2\/media\/10486"}],"wp:attachment":[{"href":"https:\/\/alumni.sze.hu\/en\/wp-json\/wp\/v2\/media?parent=10485"}],"wp:term":[{"taxonomy":"category","embeddable":true,"href":"https:\/\/alumni.sze.hu\/en\/wp-json\/wp\/v2\/categories?post=10485"},{"taxonomy":"post_tag","embeddable":true,"href":"https:\/\/alumni.sze.hu\/en\/wp-json\/wp\/v2\/tags?post=10485"}],"curies":[{"name":"wp","href":"https:\/\/api.w.org\/{rel}","templated":true}]}}