{"id":10457,"date":"2026-08-25T14:00:34","date_gmt":"2026-08-25T14:00:34","guid":{"rendered":"https:\/\/alumni.sze.hu\/en\/?p=10457"},"modified":"2026-08-25T14:00:36","modified_gmt":"2026-08-25T14:00:36","slug":"30-international-students-complete-szes-and-audi-hungarias-joint-audi-development-camp","status":"publish","type":"post","link":"https:\/\/alumni.sze.hu\/en\/30-international-students-complete-szes-and-audi-hungarias-joint-audi-development-camp\/","title":{"rendered":"30 International Students Complete SZE\u2019s and Audi Hungaria\u2019s joint Audi Development Camp"},"content":{"rendered":"\n<p class=\"wp-block-paragraph\">Created: 2026.08.04. 14:15<\/p>\n\n\n\n<p class=\"wp-block-paragraph\"><strong>Students participating in the joint Audi Development Camp organised by Sz\u00e9chenyi Istv\u00e1n University and Audi Hungaria explored topics including artificial intelligence and robotics before receiving their certificates of completion on 27 July. In addition to the academic programme, participants took part in a range of community-building activities, while the winning project team earned tickets to the Formula Student Symposium, to be hosted by the University this November.<\/strong><\/p>\n\n\n\n<p class=\"wp-block-paragraph\">The sixth edition of the Audi Development Camp, jointly organised by Sz\u00e9chenyi Istv\u00e1n University and Audi Hungaria, concluded with a formal closing ceremony. Designed for ambitious students from around the world, the one-week programme welcomed 30 participants from 18 universities across 17 countries this year. Audi Hungaria\u2014whose Gy\u0151r operations include a vehicle plant, engine plant, development centre and service centre\u2014provided the industry-based project assignment for the programme. Alongside its strong professional focus on robotics, artificial intelligence and programming, the camp placed particular emphasis on international teamwork, intercultural communication and community building.<\/p>\n\n\n\n<p class=\"wp-block-paragraph\">At the closing ceremony, all participants who successfully completed the programme received certificates, while students who delivered outstanding performances throughout the week were presented with special awards. The winning team was also recognised and received tickets to attend the Formula Student Symposium, which will be held at Sz\u00e9chenyi Istv\u00e1n University in November.<\/p>\n\n\n\n<figure class=\"wp-block-image size-large\"><img loading=\"lazy\" decoding=\"async\" width=\"1024\" height=\"683\" src=\"https:\/\/alumni.sze.hu\/en\/wp-content\/uploads\/2026\/08\/image-4-1024x683.png\" alt=\"\" class=\"wp-image-10458\" srcset=\"https:\/\/alumni.sze.hu\/en\/wp-content\/uploads\/2026\/08\/image-4-1024x683.png 1024w, https:\/\/alumni.sze.hu\/en\/wp-content\/uploads\/2026\/08\/image-4-300x200.png 300w, https:\/\/alumni.sze.hu\/en\/wp-content\/uploads\/2026\/08\/image-4-767x511.png 767w, https:\/\/alumni.sze.hu\/en\/wp-content\/uploads\/2026\/08\/image-4-1536x1024.png 1536w, https:\/\/alumni.sze.hu\/en\/wp-content\/uploads\/2026\/08\/image-4-18x12.png 18w, https:\/\/alumni.sze.hu\/en\/wp-content\/uploads\/2026\/08\/image-4.png 2048w\" sizes=\"auto, (max-width: 1024px) 100vw, 1024px\" \/><\/figure>\n\n\n\n<p class=\"has-text-align-center wp-block-paragraph\"><em>The winning team of the 2026 Audi Development Camp. (Photo: Andr\u00e1s Adorj\u00e1n)<\/em><\/p>\n\n\n\n<p class=\"wp-block-paragraph\">Gergely H\u00f3dosi, Data Analyst in the Central Vehicle Production Division at Audi Hungaria and one of the programme&#8217;s mentors, said he was impressed by the exceptionally high quality of the teams&#8217; work. According to him, the students not only completed the core assignment successfully but also presented innovative additional features to the judging panel.<\/p>\n\n\n\n<p class=\"wp-block-paragraph\"><em>&#8222;It was inspiring to see such diverse international teams achieve remarkable results in such a short time with the support of today&#8217;s advanced technologies,&#8221;<\/em>&nbsp;he said. He emphasised that the participants made excellent use of the mentors&#8217; guidance, incorporating the advice into their projects, while relying above all on their critical thinking skills and effective collaboration within their teams.&nbsp;<em>&#8222;The Audi Development Camp demonstrates that no matter how complex a challenge may seem, a solution can always be found\u2014and this year&#8217;s participants proved exactly that,&#8221;<\/em>&nbsp;he added.<\/p>\n\n\n\n<figure class=\"wp-block-image size-large\"><img loading=\"lazy\" decoding=\"async\" width=\"1024\" height=\"683\" src=\"https:\/\/alumni.sze.hu\/en\/wp-content\/uploads\/2026\/08\/image-5-1024x683.png\" alt=\"\" class=\"wp-image-10459\" srcset=\"https:\/\/alumni.sze.hu\/en\/wp-content\/uploads\/2026\/08\/image-5-1024x683.png 1024w, https:\/\/alumni.sze.hu\/en\/wp-content\/uploads\/2026\/08\/image-5-300x200.png 300w, https:\/\/alumni.sze.hu\/en\/wp-content\/uploads\/2026\/08\/image-5-767x511.png 767w, https:\/\/alumni.sze.hu\/en\/wp-content\/uploads\/2026\/08\/image-5-18x12.png 18w, https:\/\/alumni.sze.hu\/en\/wp-content\/uploads\/2026\/08\/image-5-1536x1024.png 1536w, https:\/\/alumni.sze.hu\/en\/wp-content\/uploads\/2026\/08\/image-5.png 2048w\" sizes=\"auto, (max-width: 1024px) 100vw, 1024px\" \/><\/figure>\n\n\n\n<p class=\"has-text-align-center wp-block-paragraph\"><em>Gergely H\u00f3dosi, Data Analyst in Audi Hungaria&#8217;s Central Vehicle Production Division and one of the programme&#8217;s mentors, speaking at the closing ceremony. (Photo: Andr\u00e1s Adorj\u00e1n)<\/em><\/p>\n\n\n\n<p class=\"wp-block-paragraph\">Another mentor, Rudolf Krecht, lecturer at the University&#8217;s Department of Defence Innovation and Critical Infrastructures and research engineer at the Vehicle Industry Research Center, praised the participants&#8217; enthusiasm and commitment. He noted that the competition was highly balanced and featured a series of exceptionally strong final presentations.&nbsp;<em>&#8222;The students arrived with a solid academic background and worked tirelessly throughout the week to achieve the best possible results,&#8221;<\/em>&nbsp;he explained.&nbsp;<em>&#8222;As mentors, we supported them through lectures, consultations and individual guidance. The assignment was challenging because it introduced relatively new questions within the field of robotics. Nevertheless, the participants successfully applied knowledge and skills they had previously acquired, even if in different areas.&#8221;&nbsp;<\/em>According to Krecht, the programme further strengthens the University&#8217;s close cooperation with industry\u2014particularly with Audi Hungaria\u2014while enhancing the institution&#8217;s international visibility and providing students with invaluable practical experience.<\/p>\n\n\n\n<figure class=\"wp-block-image size-large\"><img loading=\"lazy\" decoding=\"async\" width=\"1024\" height=\"683\" src=\"https:\/\/alumni.sze.hu\/en\/wp-content\/uploads\/2026\/08\/image-6-1024x683.png\" alt=\"\" class=\"wp-image-10460\" srcset=\"https:\/\/alumni.sze.hu\/en\/wp-content\/uploads\/2026\/08\/image-6-1024x683.png 1024w, https:\/\/alumni.sze.hu\/en\/wp-content\/uploads\/2026\/08\/image-6-300x200.png 300w, https:\/\/alumni.sze.hu\/en\/wp-content\/uploads\/2026\/08\/image-6-767x511.png 767w, https:\/\/alumni.sze.hu\/en\/wp-content\/uploads\/2026\/08\/image-6-1536x1024.png 1536w, https:\/\/alumni.sze.hu\/en\/wp-content\/uploads\/2026\/08\/image-6-18x12.png 18w, https:\/\/alumni.sze.hu\/en\/wp-content\/uploads\/2026\/08\/image-6.png 2048w\" sizes=\"auto, (max-width: 1024px) 100vw, 1024px\" \/><\/figure>\n\n\n\n<p class=\"has-text-align-center wp-block-paragraph\"><em>Rudolf Krecht, lecturer at the Department of Defence Innovation and Critical Infrastructures and research engineer at the Vehicle Industry Research Center, supported the students as a mentor. (Photo: Andr\u00e1s Adorj\u00e1n)<\/em><\/p>\n\n\n\n<p class=\"wp-block-paragraph\">Mar\u00eda Milagros Mancuso, an Argentine-Italian student from the University of Ja\u00e9n in Spain, described the programme as an unforgettable experience that was enriching both professionally and culturally.&nbsp;<em>&#8222;It was fascinating to learn how such an international team can work together so effectively,&#8221; she said. &#8222;The sessions on training artificial intelligence systems and robotics were particularly exciting. Although I already had some background in these fields, I had never worked with simulations like these before.\u201d&nbsp;<\/em>The computer engineering student described the dragon boat race as the highlight of the camp, calling it both enjoyable and an important team-building activity.&nbsp;<em>&#8222;I would definitely recommend this programme to others because it pushes you beyond your comfort zone and teaches you a great deal about intercultural teamwork and independent problem-solving,&#8221; she added.<\/em><\/p>\n\n\n\n<figure class=\"wp-block-image size-large\"><img loading=\"lazy\" decoding=\"async\" width=\"1024\" height=\"683\" src=\"https:\/\/alumni.sze.hu\/en\/wp-content\/uploads\/2026\/08\/image-7-1024x683.png\" alt=\"\" class=\"wp-image-10461\" srcset=\"https:\/\/alumni.sze.hu\/en\/wp-content\/uploads\/2026\/08\/image-7-1024x683.png 1024w, https:\/\/alumni.sze.hu\/en\/wp-content\/uploads\/2026\/08\/image-7-300x200.png 300w, https:\/\/alumni.sze.hu\/en\/wp-content\/uploads\/2026\/08\/image-7-768x512.png 768w, https:\/\/alumni.sze.hu\/en\/wp-content\/uploads\/2026\/08\/image-7-1536x1024.png 1536w, https:\/\/alumni.sze.hu\/en\/wp-content\/uploads\/2026\/08\/image-7-2048x1365.png 2048w, https:\/\/alumni.sze.hu\/en\/wp-content\/uploads\/2026\/08\/image-7-18x12.png 18w\" sizes=\"auto, (max-width: 1024px) 100vw, 1024px\" \/><\/figure>\n\n\n\n<p class=\"has-text-align-center wp-block-paragraph\"><em>Ran Bi from Chongqing University in China and Mar\u00eda Milagros Mancuso from the University of Ja\u00e9n in Spain described the programme as unique thanks to its professional content and international community-building environment. (Photo: Andr\u00e1s Adorj\u00e1n)<\/em><\/p>\n\n\n\n<p class=\"wp-block-paragraph\">Ran Bi, a student at Chongqing University in China, also described the camp as a unique opportunity, noting that it was his first experience abroad.&nbsp;<em>&#8222;A fellow student participated in the programme last year and encouraged me to apply,&#8221;<\/em>&nbsp;he explained.&nbsp;<em>&#8222;I&#8217;m very glad I did. I had lived my entire life in China, and this programme gave me the chance to experience different cultures and see more of the world. I study telecommunications engineering, so robotics was previously an unfamiliar field for me, but this was a great opportunity to explore it.&#8221;&nbsp;<\/em>He added that continuous teamwork was one of the programme&#8217;s greatest strengths, helping participants overcome even the most challenging problems together.&nbsp;<em>&#8222;Compared to my home university, the Gy\u0151r campus is smaller, but it is beautiful and closely integrated with the city, which creates a very special atmosphere. I was also impressed by student life here. It is clear that the University provides excellent conditions for maintaining a healthy balance between study, work, recreation and relaxation.&#8221;&nbsp;<\/em>Ran Bi concluded by warmly recommending the programme to future applicants, highlighting that it offers not only valuable technical knowledge but also outstanding opportunities to build international networks and develop communication skills.<\/p>\n\n\n\n<figure class=\"wp-block-gallery has-nested-images columns-default is-cropped wp-block-gallery-1 is-layout-flex wp-block-gallery-is-layout-flex\">\n<figure class=\"wp-block-image size-large\"><img loading=\"lazy\" decoding=\"async\" width=\"1024\" height=\"682\" data-id=\"10483\" src=\"https:\/\/alumni.sze.hu\/en\/wp-content\/uploads\/2026\/08\/gal22-1024x682.jpg\" alt=\"\" class=\"wp-image-10483\" srcset=\"https:\/\/alumni.sze.hu\/en\/wp-content\/uploads\/2026\/08\/gal22-1024x682.jpg 1024w, https:\/\/alumni.sze.hu\/en\/wp-content\/uploads\/2026\/08\/gal22-300x200.jpg 300w, https:\/\/alumni.sze.hu\/en\/wp-content\/uploads\/2026\/08\/gal22-767x511.jpg 767w, https:\/\/alumni.sze.hu\/en\/wp-content\/uploads\/2026\/08\/gal22-18x12.jpg 18w, https:\/\/alumni.sze.hu\/en\/wp-content\/uploads\/2026\/08\/gal22.jpg 1385w\" sizes=\"auto, (max-width: 1024px) 100vw, 1024px\" \/><\/figure>\n\n\n\n<figure class=\"wp-block-image size-large\"><img loading=\"lazy\" decoding=\"async\" width=\"1024\" height=\"682\" data-id=\"10482\" src=\"https:\/\/alumni.sze.hu\/en\/wp-content\/uploads\/2026\/08\/gal21-1024x682.jpg\" alt=\"\" class=\"wp-image-10482\" srcset=\"https:\/\/alumni.sze.hu\/en\/wp-content\/uploads\/2026\/08\/gal21-1024x682.jpg 1024w, https:\/\/alumni.sze.hu\/en\/wp-content\/uploads\/2026\/08\/gal21-300x200.jpg 300w, https:\/\/alumni.sze.hu\/en\/wp-content\/uploads\/2026\/08\/gal21-767x511.jpg 767w, https:\/\/alumni.sze.hu\/en\/wp-content\/uploads\/2026\/08\/gal21-18x12.jpg 18w, https:\/\/alumni.sze.hu\/en\/wp-content\/uploads\/2026\/08\/gal21.jpg 1385w\" sizes=\"auto, (max-width: 1024px) 100vw, 1024px\" \/><\/figure>\n\n\n\n<figure class=\"wp-block-image size-large\"><img loading=\"lazy\" decoding=\"async\" width=\"1024\" height=\"682\" data-id=\"10481\" src=\"https:\/\/alumni.sze.hu\/en\/wp-content\/uploads\/2026\/08\/gal20-1024x682.jpg\" alt=\"\" class=\"wp-image-10481\" srcset=\"https:\/\/alumni.sze.hu\/en\/wp-content\/uploads\/2026\/08\/gal20-1024x682.jpg 1024w, https:\/\/alumni.sze.hu\/en\/wp-content\/uploads\/2026\/08\/gal20-300x200.jpg 300w, https:\/\/alumni.sze.hu\/en\/wp-content\/uploads\/2026\/08\/gal20-767x511.jpg 767w, https:\/\/alumni.sze.hu\/en\/wp-content\/uploads\/2026\/08\/gal20-18x12.jpg 18w, https:\/\/alumni.sze.hu\/en\/wp-content\/uploads\/2026\/08\/gal20.jpg 1385w\" sizes=\"auto, (max-width: 1024px) 100vw, 1024px\" \/><\/figure>\n\n\n\n<figure class=\"wp-block-image size-large\"><img loading=\"lazy\" decoding=\"async\" width=\"1024\" height=\"682\" data-id=\"10480\" src=\"https:\/\/alumni.sze.hu\/en\/wp-content\/uploads\/2026\/08\/gal19-1024x682.jpg\" alt=\"\" class=\"wp-image-10480\" srcset=\"https:\/\/alumni.sze.hu\/en\/wp-content\/uploads\/2026\/08\/gal19-1024x682.jpg 1024w, https:\/\/alumni.sze.hu\/en\/wp-content\/uploads\/2026\/08\/gal19-300x200.jpg 300w, https:\/\/alumni.sze.hu\/en\/wp-content\/uploads\/2026\/08\/gal19-767x511.jpg 767w, https:\/\/alumni.sze.hu\/en\/wp-content\/uploads\/2026\/08\/gal19-18x12.jpg 18w, https:\/\/alumni.sze.hu\/en\/wp-content\/uploads\/2026\/08\/gal19.jpg 1385w\" sizes=\"auto, (max-width: 1024px) 100vw, 1024px\" \/><\/figure>\n\n\n\n<figure class=\"wp-block-image size-large\"><img loading=\"lazy\" decoding=\"async\" width=\"1024\" height=\"682\" data-id=\"10479\" src=\"https:\/\/alumni.sze.hu\/en\/wp-content\/uploads\/2026\/08\/gal18-1024x682.jpg\" alt=\"\" class=\"wp-image-10479\" srcset=\"https:\/\/alumni.sze.hu\/en\/wp-content\/uploads\/2026\/08\/gal18-1024x682.jpg 1024w, https:\/\/alumni.sze.hu\/en\/wp-content\/uploads\/2026\/08\/gal18-300x200.jpg 300w, https:\/\/alumni.sze.hu\/en\/wp-content\/uploads\/2026\/08\/gal18-767x511.jpg 767w, https:\/\/alumni.sze.hu\/en\/wp-content\/uploads\/2026\/08\/gal18-18x12.jpg 18w, https:\/\/alumni.sze.hu\/en\/wp-content\/uploads\/2026\/08\/gal18.jpg 1385w\" sizes=\"auto, (max-width: 1024px) 100vw, 1024px\" \/><\/figure>\n\n\n\n<figure class=\"wp-block-image size-large\"><img loading=\"lazy\" decoding=\"async\" width=\"1024\" height=\"682\" data-id=\"10478\" src=\"https:\/\/alumni.sze.hu\/en\/wp-content\/uploads\/2026\/08\/gal17-1024x682.jpg\" alt=\"\" class=\"wp-image-10478\" srcset=\"https:\/\/alumni.sze.hu\/en\/wp-content\/uploads\/2026\/08\/gal17-1024x682.jpg 1024w, https:\/\/alumni.sze.hu\/en\/wp-content\/uploads\/2026\/08\/gal17-300x200.jpg 300w, https:\/\/alumni.sze.hu\/en\/wp-content\/uploads\/2026\/08\/gal17-767x511.jpg 767w, https:\/\/alumni.sze.hu\/en\/wp-content\/uploads\/2026\/08\/gal17-18x12.jpg 18w, https:\/\/alumni.sze.hu\/en\/wp-content\/uploads\/2026\/08\/gal17.jpg 1385w\" sizes=\"auto, (max-width: 1024px) 100vw, 1024px\" \/><\/figure>\n\n\n\n<figure class=\"wp-block-image size-large\"><img loading=\"lazy\" decoding=\"async\" width=\"1024\" height=\"682\" data-id=\"10477\" src=\"https:\/\/alumni.sze.hu\/en\/wp-content\/uploads\/2026\/08\/gal16-1024x682.jpg\" alt=\"\" class=\"wp-image-10477\" srcset=\"https:\/\/alumni.sze.hu\/en\/wp-content\/uploads\/2026\/08\/gal16-1024x682.jpg 1024w, https:\/\/alumni.sze.hu\/en\/wp-content\/uploads\/2026\/08\/gal16-767x511.jpg 767w, https:\/\/alumni.sze.hu\/en\/wp-content\/uploads\/2026\/08\/gal16-300x200.jpg 300w, https:\/\/alumni.sze.hu\/en\/wp-content\/uploads\/2026\/08\/gal16-18x12.jpg 18w, https:\/\/alumni.sze.hu\/en\/wp-content\/uploads\/2026\/08\/gal16.jpg 1385w\" sizes=\"auto, (max-width: 1024px) 100vw, 1024px\" \/><\/figure>\n\n\n\n<figure class=\"wp-block-image size-large\"><img loading=\"lazy\" decoding=\"async\" width=\"1024\" height=\"682\" data-id=\"10476\" src=\"https:\/\/alumni.sze.hu\/en\/wp-content\/uploads\/2026\/08\/gal15-1024x682.jpg\" alt=\"\" class=\"wp-image-10476\" srcset=\"https:\/\/alumni.sze.hu\/en\/wp-content\/uploads\/2026\/08\/gal15-1024x682.jpg 1024w, https:\/\/alumni.sze.hu\/en\/wp-content\/uploads\/2026\/08\/gal15-300x200.jpg 300w, https:\/\/alumni.sze.hu\/en\/wp-content\/uploads\/2026\/08\/gal15-767x511.jpg 767w, https:\/\/alumni.sze.hu\/en\/wp-content\/uploads\/2026\/08\/gal15-18x12.jpg 18w, https:\/\/alumni.sze.hu\/en\/wp-content\/uploads\/2026\/08\/gal15.jpg 1385w\" sizes=\"auto, (max-width: 1024px) 100vw, 1024px\" \/><\/figure>\n\n\n\n<figure class=\"wp-block-image size-large\"><img loading=\"lazy\" decoding=\"async\" width=\"1024\" height=\"682\" data-id=\"10475\" src=\"https:\/\/alumni.sze.hu\/en\/wp-content\/uploads\/2026\/08\/gal14-1024x682.jpg\" alt=\"\" class=\"wp-image-10475\" srcset=\"https:\/\/alumni.sze.hu\/en\/wp-content\/uploads\/2026\/08\/gal14-1024x682.jpg 1024w, https:\/\/alumni.sze.hu\/en\/wp-content\/uploads\/2026\/08\/gal14-300x200.jpg 300w, https:\/\/alumni.sze.hu\/en\/wp-content\/uploads\/2026\/08\/gal14-767x511.jpg 767w, https:\/\/alumni.sze.hu\/en\/wp-content\/uploads\/2026\/08\/gal14-18x12.jpg 18w, https:\/\/alumni.sze.hu\/en\/wp-content\/uploads\/2026\/08\/gal14.jpg 1385w\" sizes=\"auto, (max-width: 1024px) 100vw, 1024px\" \/><\/figure>\n\n\n\n<figure class=\"wp-block-image size-large\"><img loading=\"lazy\" decoding=\"async\" width=\"1024\" height=\"682\" data-id=\"10474\" src=\"https:\/\/alumni.sze.hu\/en\/wp-content\/uploads\/2026\/08\/gal13-1024x682.jpg\" alt=\"\" class=\"wp-image-10474\" srcset=\"https:\/\/alumni.sze.hu\/en\/wp-content\/uploads\/2026\/08\/gal13-1024x682.jpg 1024w, https:\/\/alumni.sze.hu\/en\/wp-content\/uploads\/2026\/08\/gal13-767x511.jpg 767w, https:\/\/alumni.sze.hu\/en\/wp-content\/uploads\/2026\/08\/gal13-300x200.jpg 300w, https:\/\/alumni.sze.hu\/en\/wp-content\/uploads\/2026\/08\/gal13-18x12.jpg 18w, https:\/\/alumni.sze.hu\/en\/wp-content\/uploads\/2026\/08\/gal13.jpg 1385w\" sizes=\"auto, (max-width: 1024px) 100vw, 1024px\" \/><\/figure>\n\n\n\n<figure class=\"wp-block-image size-large\"><img loading=\"lazy\" decoding=\"async\" width=\"1024\" height=\"682\" data-id=\"10473\" src=\"https:\/\/alumni.sze.hu\/en\/wp-content\/uploads\/2026\/08\/gal12-1024x682.jpg\" alt=\"\" class=\"wp-image-10473\" srcset=\"https:\/\/alumni.sze.hu\/en\/wp-content\/uploads\/2026\/08\/gal12-1024x682.jpg 1024w, https:\/\/alumni.sze.hu\/en\/wp-content\/uploads\/2026\/08\/gal12-300x200.jpg 300w, https:\/\/alumni.sze.hu\/en\/wp-content\/uploads\/2026\/08\/gal12-767x511.jpg 767w, https:\/\/alumni.sze.hu\/en\/wp-content\/uploads\/2026\/08\/gal12-18x12.jpg 18w, https:\/\/alumni.sze.hu\/en\/wp-content\/uploads\/2026\/08\/gal12.jpg 1385w\" sizes=\"auto, (max-width: 1024px) 100vw, 1024px\" \/><\/figure>\n\n\n\n<figure class=\"wp-block-image size-large\"><img loading=\"lazy\" decoding=\"async\" width=\"1024\" height=\"682\" data-id=\"10472\" src=\"https:\/\/alumni.sze.hu\/en\/wp-content\/uploads\/2026\/08\/gal11-1024x682.jpg\" alt=\"\" class=\"wp-image-10472\" srcset=\"https:\/\/alumni.sze.hu\/en\/wp-content\/uploads\/2026\/08\/gal11-1024x682.jpg 1024w, https:\/\/alumni.sze.hu\/en\/wp-content\/uploads\/2026\/08\/gal11-300x200.jpg 300w, https:\/\/alumni.sze.hu\/en\/wp-content\/uploads\/2026\/08\/gal11-767x511.jpg 767w, https:\/\/alumni.sze.hu\/en\/wp-content\/uploads\/2026\/08\/gal11-18x12.jpg 18w, https:\/\/alumni.sze.hu\/en\/wp-content\/uploads\/2026\/08\/gal11.jpg 1385w\" sizes=\"auto, (max-width: 1024px) 100vw, 1024px\" \/><\/figure>\n\n\n\n<figure class=\"wp-block-image size-large\"><img loading=\"lazy\" decoding=\"async\" width=\"1024\" height=\"682\" data-id=\"10470\" src=\"https:\/\/alumni.sze.hu\/en\/wp-content\/uploads\/2026\/08\/gal10-1024x682.jpg\" alt=\"\" class=\"wp-image-10470\" srcset=\"https:\/\/alumni.sze.hu\/en\/wp-content\/uploads\/2026\/08\/gal10-1024x682.jpg 1024w, https:\/\/alumni.sze.hu\/en\/wp-content\/uploads\/2026\/08\/gal10-300x200.jpg 300w, https:\/\/alumni.sze.hu\/en\/wp-content\/uploads\/2026\/08\/gal10-767x511.jpg 767w, https:\/\/alumni.sze.hu\/en\/wp-content\/uploads\/2026\/08\/gal10-18x12.jpg 18w, https:\/\/alumni.sze.hu\/en\/wp-content\/uploads\/2026\/08\/gal10.jpg 1385w\" sizes=\"auto, (max-width: 1024px) 100vw, 1024px\" \/><\/figure>\n\n\n\n<figure class=\"wp-block-image size-large\"><img loading=\"lazy\" decoding=\"async\" width=\"1024\" height=\"682\" data-id=\"10469\" src=\"https:\/\/alumni.sze.hu\/en\/wp-content\/uploads\/2026\/08\/gal9-1024x682.jpg\" alt=\"\" class=\"wp-image-10469\" srcset=\"https:\/\/alumni.sze.hu\/en\/wp-content\/uploads\/2026\/08\/gal9-1024x682.jpg 1024w, https:\/\/alumni.sze.hu\/en\/wp-content\/uploads\/2026\/08\/gal9-300x200.jpg 300w, https:\/\/alumni.sze.hu\/en\/wp-content\/uploads\/2026\/08\/gal9-767x511.jpg 767w, https:\/\/alumni.sze.hu\/en\/wp-content\/uploads\/2026\/08\/gal9-18x12.jpg 18w, https:\/\/alumni.sze.hu\/en\/wp-content\/uploads\/2026\/08\/gal9.jpg 1385w\" sizes=\"auto, (max-width: 1024px) 100vw, 1024px\" \/><\/figure>\n\n\n\n<figure class=\"wp-block-image size-large\"><img loading=\"lazy\" decoding=\"async\" width=\"1024\" height=\"682\" data-id=\"10471\" src=\"https:\/\/alumni.sze.hu\/en\/wp-content\/uploads\/2026\/08\/gal8-1024x682.jpg\" alt=\"\" class=\"wp-image-10471\" srcset=\"https:\/\/alumni.sze.hu\/en\/wp-content\/uploads\/2026\/08\/gal8-1024x682.jpg 1024w, https:\/\/alumni.sze.hu\/en\/wp-content\/uploads\/2026\/08\/gal8-300x200.jpg 300w, https:\/\/alumni.sze.hu\/en\/wp-content\/uploads\/2026\/08\/gal8-18x12.jpg 18w, https:\/\/alumni.sze.hu\/en\/wp-content\/uploads\/2026\/08\/gal8-767x511.jpg 767w, https:\/\/alumni.sze.hu\/en\/wp-content\/uploads\/2026\/08\/gal8.jpg 1385w\" sizes=\"auto, (max-width: 1024px) 100vw, 1024px\" \/><\/figure>\n\n\n\n<figure class=\"wp-block-image size-large\"><img loading=\"lazy\" decoding=\"async\" width=\"1024\" height=\"682\" data-id=\"10467\" src=\"https:\/\/alumni.sze.hu\/en\/wp-content\/uploads\/2026\/08\/gal7-1024x682.jpg\" alt=\"\" class=\"wp-image-10467\" srcset=\"https:\/\/alumni.sze.hu\/en\/wp-content\/uploads\/2026\/08\/gal7-1024x682.jpg 1024w, https:\/\/alumni.sze.hu\/en\/wp-content\/uploads\/2026\/08\/gal7-300x200.jpg 300w, https:\/\/alumni.sze.hu\/en\/wp-content\/uploads\/2026\/08\/gal7-767x511.jpg 767w, https:\/\/alumni.sze.hu\/en\/wp-content\/uploads\/2026\/08\/gal7-18x12.jpg 18w, https:\/\/alumni.sze.hu\/en\/wp-content\/uploads\/2026\/08\/gal7.jpg 1385w\" sizes=\"auto, (max-width: 1024px) 100vw, 1024px\" \/><\/figure>\n\n\n\n<figure class=\"wp-block-image size-large\"><img loading=\"lazy\" decoding=\"async\" width=\"1024\" height=\"682\" data-id=\"10468\" src=\"https:\/\/alumni.sze.hu\/en\/wp-content\/uploads\/2026\/08\/gal6-1024x682.jpg\" alt=\"\" class=\"wp-image-10468\" srcset=\"https:\/\/alumni.sze.hu\/en\/wp-content\/uploads\/2026\/08\/gal6-1024x682.jpg 1024w, https:\/\/alumni.sze.hu\/en\/wp-content\/uploads\/2026\/08\/gal6-767x511.jpg 767w, https:\/\/alumni.sze.hu\/en\/wp-content\/uploads\/2026\/08\/gal6-300x200.jpg 300w, https:\/\/alumni.sze.hu\/en\/wp-content\/uploads\/2026\/08\/gal6-18x12.jpg 18w, https:\/\/alumni.sze.hu\/en\/wp-content\/uploads\/2026\/08\/gal6.jpg 1385w\" sizes=\"auto, (max-width: 1024px) 100vw, 1024px\" \/><\/figure>\n\n\n\n<figure class=\"wp-block-image size-large\"><img loading=\"lazy\" decoding=\"async\" width=\"1024\" height=\"682\" data-id=\"10466\" src=\"https:\/\/alumni.sze.hu\/en\/wp-content\/uploads\/2026\/08\/gal5-1024x682.jpg\" alt=\"\" class=\"wp-image-10466\" srcset=\"https:\/\/alumni.sze.hu\/en\/wp-content\/uploads\/2026\/08\/gal5-1024x682.jpg 1024w, https:\/\/alumni.sze.hu\/en\/wp-content\/uploads\/2026\/08\/gal5-767x511.jpg 767w, https:\/\/alumni.sze.hu\/en\/wp-content\/uploads\/2026\/08\/gal5-300x200.jpg 300w, https:\/\/alumni.sze.hu\/en\/wp-content\/uploads\/2026\/08\/gal5-18x12.jpg 18w, https:\/\/alumni.sze.hu\/en\/wp-content\/uploads\/2026\/08\/gal5.jpg 1385w\" sizes=\"auto, (max-width: 1024px) 100vw, 1024px\" \/><\/figure>\n\n\n\n<figure class=\"wp-block-image size-large\"><img loading=\"lazy\" decoding=\"async\" width=\"1024\" height=\"682\" data-id=\"10463\" src=\"https:\/\/alumni.sze.hu\/en\/wp-content\/uploads\/2026\/08\/gal4-1024x682.jpg\" alt=\"\" class=\"wp-image-10463\" srcset=\"https:\/\/alumni.sze.hu\/en\/wp-content\/uploads\/2026\/08\/gal4-1024x682.jpg 1024w, https:\/\/alumni.sze.hu\/en\/wp-content\/uploads\/2026\/08\/gal4-300x200.jpg 300w, https:\/\/alumni.sze.hu\/en\/wp-content\/uploads\/2026\/08\/gal4-767x511.jpg 767w, https:\/\/alumni.sze.hu\/en\/wp-content\/uploads\/2026\/08\/gal4-18x12.jpg 18w, https:\/\/alumni.sze.hu\/en\/wp-content\/uploads\/2026\/08\/gal4.jpg 1385w\" sizes=\"auto, (max-width: 1024px) 100vw, 1024px\" \/><\/figure>\n\n\n\n<figure class=\"wp-block-image size-large\"><img loading=\"lazy\" decoding=\"async\" width=\"1024\" height=\"682\" data-id=\"10465\" src=\"https:\/\/alumni.sze.hu\/en\/wp-content\/uploads\/2026\/08\/gal3-1024x682.jpg\" alt=\"\" class=\"wp-image-10465\" srcset=\"https:\/\/alumni.sze.hu\/en\/wp-content\/uploads\/2026\/08\/gal3-1024x682.jpg 1024w, https:\/\/alumni.sze.hu\/en\/wp-content\/uploads\/2026\/08\/gal3-300x200.jpg 300w, https:\/\/alumni.sze.hu\/en\/wp-content\/uploads\/2026\/08\/gal3-767x511.jpg 767w, https:\/\/alumni.sze.hu\/en\/wp-content\/uploads\/2026\/08\/gal3-18x12.jpg 18w, https:\/\/alumni.sze.hu\/en\/wp-content\/uploads\/2026\/08\/gal3.jpg 1385w\" sizes=\"auto, (max-width: 1024px) 100vw, 1024px\" \/><\/figure>\n\n\n\n<figure class=\"wp-block-image size-large\"><img loading=\"lazy\" decoding=\"async\" width=\"1024\" height=\"682\" data-id=\"10462\" src=\"https:\/\/alumni.sze.hu\/en\/wp-content\/uploads\/2026\/08\/gal2-1024x682.jpg\" alt=\"\" class=\"wp-image-10462\" srcset=\"https:\/\/alumni.sze.hu\/en\/wp-content\/uploads\/2026\/08\/gal2-1024x682.jpg 1024w, https:\/\/alumni.sze.hu\/en\/wp-content\/uploads\/2026\/08\/gal2-767x511.jpg 767w, https:\/\/alumni.sze.hu\/en\/wp-content\/uploads\/2026\/08\/gal2-300x200.jpg 300w, https:\/\/alumni.sze.hu\/en\/wp-content\/uploads\/2026\/08\/gal2-18x12.jpg 18w, https:\/\/alumni.sze.hu\/en\/wp-content\/uploads\/2026\/08\/gal2.jpg 1385w\" sizes=\"auto, (max-width: 1024px) 100vw, 1024px\" \/><\/figure>\n\n\n\n<figure class=\"wp-block-image size-large\"><img loading=\"lazy\" decoding=\"async\" width=\"1024\" height=\"682\" data-id=\"10464\" src=\"https:\/\/alumni.sze.hu\/en\/wp-content\/uploads\/2026\/08\/gal1-1024x682.jpg\" alt=\"\" class=\"wp-image-10464\" srcset=\"https:\/\/alumni.sze.hu\/en\/wp-content\/uploads\/2026\/08\/gal1-1024x682.jpg 1024w, https:\/\/alumni.sze.hu\/en\/wp-content\/uploads\/2026\/08\/gal1-300x200.jpg 300w, https:\/\/alumni.sze.hu\/en\/wp-content\/uploads\/2026\/08\/gal1-767x511.jpg 767w, https:\/\/alumni.sze.hu\/en\/wp-content\/uploads\/2026\/08\/gal1-18x12.jpg 18w, https:\/\/alumni.sze.hu\/en\/wp-content\/uploads\/2026\/08\/gal1.jpg 1385w\" sizes=\"auto, (max-width: 1024px) 100vw, 1024px\" \/><\/figure>\n<\/figure>\n","protected":false},"excerpt":{"rendered":"<p>Created: 2026.08.04. 14:15 Students participating in the joint Audi Development Camp organised by Sz\u00e9chenyi Istv\u00e1n University and Audi Hungaria explored topics including artificial intelligence and robotics before receiving their certificates &#8230;<\/p>\n","protected":false},"author":22,"featured_media":10458,"comment_status":"closed","ping_status":"open","sticky":false,"template":"","format":"standard","meta":{"footnotes":""},"categories":[24],"tags":[],"class_list":["post-10457","post","type-post","status-publish","format-standard","has-post-thumbnail","hentry","category-news"],"yoast_head":"<!-- This site is optimized with the Yoast SEO plugin v17.8 - https:\/\/yoast.com\/wordpress\/plugins\/seo\/ -->\n<title>30 International Students Complete SZE\u2019s and Audi Hungaria\u2019s joint Audi Development Camp - SZE Alumni \u2013 Sz\u00e9chenyi Istv\u00e1n Egyetem<\/title>\n<meta name=\"robots\" content=\"index, follow, max-snippet:-1, max-image-preview:large, max-video-preview:-1\" \/>\n<link rel=\"canonical\" href=\"https:\/\/alumni.sze.hu\/en\/30-international-students-complete-szes-and-audi-hungarias-joint-audi-development-camp\/\" \/>\n<meta property=\"og:locale\" content=\"hu_HU\" \/>\n<meta property=\"og:type\" content=\"article\" \/>\n<meta property=\"og:title\" content=\"30 International Students Complete SZE\u2019s and Audi Hungaria\u2019s joint Audi Development Camp - SZE Alumni \u2013 Sz\u00e9chenyi Istv\u00e1n Egyetem\" \/>\n<meta property=\"og:description\" content=\"Created: 2026.08.04. 14:15 Students participating in the joint Audi Development Camp organised by Sz\u00e9chenyi Istv\u00e1n University and Audi Hungaria explored topics including artificial intelligence and robotics before receiving their certificates ...\" \/>\n<meta property=\"og:url\" content=\"https:\/\/alumni.sze.hu\/en\/30-international-students-complete-szes-and-audi-hungarias-joint-audi-development-camp\/\" \/>\n<meta property=\"og:site_name\" content=\"SZE Alumni \u2013 Sz\u00e9chenyi Istv\u00e1n Egyetem\" \/>\n<meta property=\"article:published_time\" content=\"2026-08-25T14:00:34+00:00\" \/>\n<meta property=\"article:modified_time\" content=\"2026-08-25T14:00:36+00:00\" \/>\n<meta property=\"og:image\" content=\"https:\/\/alumni.sze.hu\/en\/wp-content\/uploads\/2026\/08\/image-4-1024x683.png\" \/>\n\t<meta property=\"og:image:width\" content=\"1024\" \/>\n\t<meta property=\"og:image:height\" content=\"683\" \/>\n<meta name=\"twitter:card\" content=\"summary_large_image\" \/>\n<meta name=\"twitter:label1\" content=\"Szerz\u0151:\" \/>\n\t<meta name=\"twitter:data1\" content=\"KUP\u00d3-ZAJZON R\u00e9ka\" \/>\n\t<meta name=\"twitter:label2\" content=\"Becs\u00fclt olvas\u00e1si id\u0151\" \/>\n\t<meta name=\"twitter:data2\" content=\"5 perc\" \/>\n<script type=\"application\/ld+json\" class=\"yoast-schema-graph\">{\"@context\":\"https:\/\/schema.org\",\"@graph\":[{\"@type\":\"WebSite\",\"@id\":\"https:\/\/alumni.sze.hu\/en\/#website\",\"url\":\"https:\/\/alumni.sze.hu\/en\/\",\"name\":\"SZE Alumni \\u2013 Sz\\u00e9chenyi Istv\\u00e1n Egyetem\",\"description\":\"SZE Alumni \\u2013 Sz\\u00e9chenyi Istv\\u00e1n Egyetem\",\"potentialAction\":[{\"@type\":\"SearchAction\",\"target\":{\"@type\":\"EntryPoint\",\"urlTemplate\":\"https:\/\/alumni.sze.hu\/en\/?s={search_term_string}\"},\"query-input\":\"required name=search_term_string\"}],\"inLanguage\":\"hu\"},{\"@type\":\"ImageObject\",\"@id\":\"https:\/\/alumni.sze.hu\/en\/30-international-students-complete-szes-and-audi-hungarias-joint-audi-development-camp\/#primaryimage\",\"inLanguage\":\"hu\",\"url\":\"https:\/\/alumni.sze.hu\/en\/wp-content\/uploads\/2026\/08\/image-4.png\",\"contentUrl\":\"https:\/\/alumni.sze.hu\/en\/wp-content\/uploads\/2026\/08\/image-4.png\",\"width\":2048,\"height\":1365,\"caption\":\"The winning team of the 2026 Audi Development Camp. (Photo: Andr\\u00e1s Adorj\\u00e1n)\"},{\"@type\":\"WebPage\",\"@id\":\"https:\/\/alumni.sze.hu\/en\/30-international-students-complete-szes-and-audi-hungarias-joint-audi-development-camp\/#webpage\",\"url\":\"https:\/\/alumni.sze.hu\/en\/30-international-students-complete-szes-and-audi-hungarias-joint-audi-development-camp\/\",\"name\":\"30 International Students Complete SZE\\u2019s and Audi Hungaria\\u2019s joint Audi Development Camp - SZE Alumni \\u2013 Sz\\u00e9chenyi Istv\\u00e1n Egyetem\",\"isPartOf\":{\"@id\":\"https:\/\/alumni.sze.hu\/en\/#website\"},\"primaryImageOfPage\":{\"@id\":\"https:\/\/alumni.sze.hu\/en\/30-international-students-complete-szes-and-audi-hungarias-joint-audi-development-camp\/#primaryimage\"},\"datePublished\":\"2026-08-25T14:00:34+00:00\",\"dateModified\":\"2026-08-25T14:00:36+00:00\",\"author\":{\"@id\":\"https:\/\/alumni.sze.hu\/en\/#\/schema\/person\/e80038ffd588d77e7ccd9bee4a6e445c\"},\"breadcrumb\":{\"@id\":\"https:\/\/alumni.sze.hu\/en\/30-international-students-complete-szes-and-audi-hungarias-joint-audi-development-camp\/#breadcrumb\"},\"inLanguage\":\"hu\",\"potentialAction\":[{\"@type\":\"ReadAction\",\"target\":[\"https:\/\/alumni.sze.hu\/en\/30-international-students-complete-szes-and-audi-hungarias-joint-audi-development-camp\/\"]}]},{\"@type\":\"BreadcrumbList\",\"@id\":\"https:\/\/alumni.sze.hu\/en\/30-international-students-complete-szes-and-audi-hungarias-joint-audi-development-camp\/#breadcrumb\",\"itemListElement\":[{\"@type\":\"ListItem\",\"position\":1,\"name\":\"Homepage\",\"item\":\"https:\/\/alumni.sze.hu\/en\/\"},{\"@type\":\"ListItem\",\"position\":2,\"name\":\"30 International Students Complete SZE\\u2019s and Audi Hungaria\\u2019s joint Audi Development Camp\"}]},{\"@type\":\"Person\",\"@id\":\"https:\/\/alumni.sze.hu\/en\/#\/schema\/person\/e80038ffd588d77e7ccd9bee4a6e445c\",\"name\":\"KUP\\u00d3-ZAJZON R\\u00e9ka\",\"image\":{\"@type\":\"ImageObject\",\"@id\":\"https:\/\/alumni.sze.hu\/en\/#personlogo\",\"inLanguage\":\"hu\",\"url\":\"https:\/\/secure.gravatar.com\/avatar\/1084379bc06970c176085757561a2c46a3ed600c0f54ee76511c6ded24d31c0d?s=96&d=mm&r=g\",\"contentUrl\":\"https:\/\/secure.gravatar.com\/avatar\/1084379bc06970c176085757561a2c46a3ed600c0f54ee76511c6ded24d31c0d?s=96&d=mm&r=g\",\"caption\":\"KUP\\u00d3-ZAJZON R\\u00e9ka\"},\"url\":\"https:\/\/alumni.sze.hu\/en\/author\/kupore\/\"}]}<\/script>\n<!-- \/ Yoast SEO plugin. -->","yoast_head_json":{"title":"30 International Students Complete SZE\u2019s and Audi Hungaria\u2019s joint Audi Development Camp - SZE Alumni \u2013 Sz\u00e9chenyi Istv\u00e1n Egyetem","robots":{"index":"index","follow":"follow","max-snippet":"max-snippet:-1","max-image-preview":"max-image-preview:large","max-video-preview":"max-video-preview:-1"},"canonical":"https:\/\/alumni.sze.hu\/en\/30-international-students-complete-szes-and-audi-hungarias-joint-audi-development-camp\/","og_locale":"hu_HU","og_type":"article","og_title":"30 International Students Complete SZE\u2019s and Audi Hungaria\u2019s joint Audi Development Camp - SZE Alumni \u2013 Sz\u00e9chenyi Istv\u00e1n Egyetem","og_description":"Created: 2026.08.04. 14:15 Students participating in the joint Audi Development Camp organised by Sz\u00e9chenyi Istv\u00e1n University and Audi Hungaria explored topics including artificial intelligence and robotics before receiving their certificates ...","og_url":"https:\/\/alumni.sze.hu\/en\/30-international-students-complete-szes-and-audi-hungarias-joint-audi-development-camp\/","og_site_name":"SZE Alumni \u2013 Sz\u00e9chenyi Istv\u00e1n Egyetem","article_published_time":"2026-08-25T14:00:34+00:00","article_modified_time":"2026-08-25T14:00:36+00:00","og_image":[{"width":1024,"height":683,"url":"https:\/\/alumni.sze.hu\/en\/wp-content\/uploads\/2026\/08\/image-4-1024x683.png","type":"image\/png"}],"twitter_card":"summary_large_image","twitter_misc":{"Szerz\u0151:":"KUP\u00d3-ZAJZON R\u00e9ka","Becs\u00fclt olvas\u00e1si id\u0151":"5 perc"},"schema":{"@context":"https:\/\/schema.org","@graph":[{"@type":"WebSite","@id":"https:\/\/alumni.sze.hu\/en\/#website","url":"https:\/\/alumni.sze.hu\/en\/","name":"SZE Alumni \u2013 Sz\u00e9chenyi Istv\u00e1n Egyetem","description":"SZE Alumni \u2013 Sz\u00e9chenyi Istv\u00e1n Egyetem","potentialAction":[{"@type":"SearchAction","target":{"@type":"EntryPoint","urlTemplate":"https:\/\/alumni.sze.hu\/en\/?s={search_term_string}"},"query-input":"required name=search_term_string"}],"inLanguage":"hu"},{"@type":"ImageObject","@id":"https:\/\/alumni.sze.hu\/en\/30-international-students-complete-szes-and-audi-hungarias-joint-audi-development-camp\/#primaryimage","inLanguage":"hu","url":"https:\/\/alumni.sze.hu\/en\/wp-content\/uploads\/2026\/08\/image-4.png","contentUrl":"https:\/\/alumni.sze.hu\/en\/wp-content\/uploads\/2026\/08\/image-4.png","width":2048,"height":1365,"caption":"The winning team of the 2026 Audi Development Camp. (Photo: Andr\u00e1s Adorj\u00e1n)"},{"@type":"WebPage","@id":"https:\/\/alumni.sze.hu\/en\/30-international-students-complete-szes-and-audi-hungarias-joint-audi-development-camp\/#webpage","url":"https:\/\/alumni.sze.hu\/en\/30-international-students-complete-szes-and-audi-hungarias-joint-audi-development-camp\/","name":"30 International Students Complete SZE\u2019s and Audi Hungaria\u2019s joint Audi Development Camp - SZE Alumni \u2013 Sz\u00e9chenyi Istv\u00e1n Egyetem","isPartOf":{"@id":"https:\/\/alumni.sze.hu\/en\/#website"},"primaryImageOfPage":{"@id":"https:\/\/alumni.sze.hu\/en\/30-international-students-complete-szes-and-audi-hungarias-joint-audi-development-camp\/#primaryimage"},"datePublished":"2026-08-25T14:00:34+00:00","dateModified":"2026-08-25T14:00:36+00:00","author":{"@id":"https:\/\/alumni.sze.hu\/en\/#\/schema\/person\/e80038ffd588d77e7ccd9bee4a6e445c"},"breadcrumb":{"@id":"https:\/\/alumni.sze.hu\/en\/30-international-students-complete-szes-and-audi-hungarias-joint-audi-development-camp\/#breadcrumb"},"inLanguage":"hu","potentialAction":[{"@type":"ReadAction","target":["https:\/\/alumni.sze.hu\/en\/30-international-students-complete-szes-and-audi-hungarias-joint-audi-development-camp\/"]}]},{"@type":"BreadcrumbList","@id":"https:\/\/alumni.sze.hu\/en\/30-international-students-complete-szes-and-audi-hungarias-joint-audi-development-camp\/#breadcrumb","itemListElement":[{"@type":"ListItem","position":1,"name":"Homepage","item":"https:\/\/alumni.sze.hu\/en\/"},{"@type":"ListItem","position":2,"name":"30 International Students Complete SZE\u2019s and Audi Hungaria\u2019s joint Audi Development Camp"}]},{"@type":"Person","@id":"https:\/\/alumni.sze.hu\/en\/#\/schema\/person\/e80038ffd588d77e7ccd9bee4a6e445c","name":"KUP\u00d3-ZAJZON R\u00e9ka","image":{"@type":"ImageObject","@id":"https:\/\/alumni.sze.hu\/en\/#personlogo","inLanguage":"hu","url":"https:\/\/secure.gravatar.com\/avatar\/1084379bc06970c176085757561a2c46a3ed600c0f54ee76511c6ded24d31c0d?s=96&d=mm&r=g","contentUrl":"https:\/\/secure.gravatar.com\/avatar\/1084379bc06970c176085757561a2c46a3ed600c0f54ee76511c6ded24d31c0d?s=96&d=mm&r=g","caption":"KUP\u00d3-ZAJZON R\u00e9ka"},"url":"https:\/\/alumni.sze.hu\/en\/author\/kupore\/"}]}},"_links":{"self":[{"href":"https:\/\/alumni.sze.hu\/en\/wp-json\/wp\/v2\/posts\/10457","targetHints":{"allow":["GET"]}}],"collection":[{"href":"https:\/\/alumni.sze.hu\/en\/wp-json\/wp\/v2\/posts"}],"about":[{"href":"https:\/\/alumni.sze.hu\/en\/wp-json\/wp\/v2\/types\/post"}],"author":[{"embeddable":true,"href":"https:\/\/alumni.sze.hu\/en\/wp-json\/wp\/v2\/users\/22"}],"replies":[{"embeddable":true,"href":"https:\/\/alumni.sze.hu\/en\/wp-json\/wp\/v2\/comments?post=10457"}],"version-history":[{"count":1,"href":"https:\/\/alumni.sze.hu\/en\/wp-json\/wp\/v2\/posts\/10457\/revisions"}],"predecessor-version":[{"id":10484,"href":"https:\/\/alumni.sze.hu\/en\/wp-json\/wp\/v2\/posts\/10457\/revisions\/10484"}],"wp:featuredmedia":[{"embeddable":true,"href":"https:\/\/alumni.sze.hu\/en\/wp-json\/wp\/v2\/media\/10458"}],"wp:attachment":[{"href":"https:\/\/alumni.sze.hu\/en\/wp-json\/wp\/v2\/media?parent=10457"}],"wp:term":[{"taxonomy":"category","embeddable":true,"href":"https:\/\/alumni.sze.hu\/en\/wp-json\/wp\/v2\/categories?post=10457"},{"taxonomy":"post_tag","embeddable":true,"href":"https:\/\/alumni.sze.hu\/en\/wp-json\/wp\/v2\/tags?post=10457"}],"curies":[{"name":"wp","href":"https:\/\/api.w.org\/{rel}","templated":true}]}}