{"id":10451,"date":"2026-08-25T13:54:00","date_gmt":"2026-08-25T13:54:00","guid":{"rendered":"https:\/\/alumni.sze.hu\/en\/?p=10451"},"modified":"2026-08-25T13:54:01","modified_gmt":"2026-08-25T13:54:01","slug":"mirai-scholarship-sze-graduate-gains-experience-in-japan","status":"publish","type":"post","link":"https:\/\/alumni.sze.hu\/en\/mirai-scholarship-sze-graduate-gains-experience-in-japan\/","title":{"rendered":"MIRAI Scholarship: SZE Graduate Gains Experience in Japan"},"content":{"rendered":"\n<p class=\"wp-block-paragraph\">Created: 2026.07.31. 22:27<\/p>\n\n\n\n<p class=\"wp-block-paragraph\"><strong>Students at Sz\u00e9chenyi Istv\u00e1n University can gain international academic and professional experience through a range of global mobility programmes. M\u00e1rton Palatk\u00e1s is one of those who have taken advantage of these opportunities, as well as scholarships offered by foreign countries. Through these programmes, he has travelled to India, South Korea and China, and most recently, Japan.<\/strong><\/p>\n\n\n\n<p class=\"wp-block-paragraph\">M\u00e1rton Palatk\u00e1s graduated from the English-taught Bachelor\u2019s programme in International Studies at Sz\u00e9chenyi Istv\u00e1n University and continued his studies at the Kautz Gyula Faculty of Business and Economics, where he pursued a Master\u2019s degree in International Economy and Business. As a participant in the University\u2019s joint dual-degree programme with Integral University, he spent one semester studying in India. Later, he spent three months in South Korea through the Pann\u00f3nia Scholarship Programme, while a Chinese Government Scholarship enabled him to spend six days in China. Following these experiences, he was awarded the MIRAI Scholarship programme launched by Japan\u2019s Ministry of Foreign Affairs.<\/p>\n\n\n\n<figure class=\"wp-block-image size-large\"><img loading=\"lazy\" decoding=\"async\" width=\"1024\" height=\"683\" src=\"https:\/\/alumni.sze.hu\/en\/wp-content\/uploads\/2026\/08\/image-1024x683.png\" alt=\"\" class=\"wp-image-10452\" srcset=\"https:\/\/alumni.sze.hu\/en\/wp-content\/uploads\/2026\/08\/image-1024x683.png 1024w, https:\/\/alumni.sze.hu\/en\/wp-content\/uploads\/2026\/08\/image-300x200.png 300w, https:\/\/alumni.sze.hu\/en\/wp-content\/uploads\/2026\/08\/image-768x512.png 768w, https:\/\/alumni.sze.hu\/en\/wp-content\/uploads\/2026\/08\/image-1536x1024.png 1536w, https:\/\/alumni.sze.hu\/en\/wp-content\/uploads\/2026\/08\/image-18x12.png 18w, https:\/\/alumni.sze.hu\/en\/wp-content\/uploads\/2026\/08\/image.png 1620w\" sizes=\"auto, (max-width: 1024px) 100vw, 1024px\" \/><\/figure>\n\n\n\n<p class=\"has-text-align-center wp-block-paragraph\"><em>M\u00e1rton Palatk\u00e1s (third from the right) recently shared his experiences in Japan with fellow students during a presentation at Sz\u00e9chenyi Istv\u00e1n University. In our photograph, he is seen alongside representatives of the University and the Embassy of Japan. (Photo: Andr\u00e1s Adorj\u00e1n)<\/em><\/p>\n\n\n\n<p class=\"wp-block-paragraph\">The MIRAI programme \u2014 meaning \u201cfuture\u201d in Japanese \u2014 aims to strengthen relations between young professionals, university students and future leaders from Japan, Central Asia and Europe. More than 6,000 people applied for the initiative, which is operated by Japan\u2019s Ministry of Foreign Affairs and the Japan International Cooperation Center, with only 60 participants ultimately selected.<\/p>\n\n\n\n<p class=\"wp-block-paragraph\">As a member of the programme\u2019s thematic group focusing on diplomacy and security policy, the young graduate of the Gy\u0151r-based university spent one week in Tokyo, where the group visited ministries, universities and several other institutions. Among the experiences that made the strongest impression on him were his visit to the National Museum of Territory and Sovereignty, where he was able to explore Japan\u2019s historical and territorial issues from a different perspective, and the Japan International Cooperation Agency, which provided insight into the country\u2019s role in international development. The professional activities were complemented by cultural experiences.<\/p>\n\n\n\n<figure class=\"wp-block-image size-large\"><img loading=\"lazy\" decoding=\"async\" width=\"1024\" height=\"683\" src=\"https:\/\/alumni.sze.hu\/en\/wp-content\/uploads\/2026\/08\/image-1-1024x683.png\" alt=\"\" class=\"wp-image-10453\" srcset=\"https:\/\/alumni.sze.hu\/en\/wp-content\/uploads\/2026\/08\/image-1-1024x683.png 1024w, https:\/\/alumni.sze.hu\/en\/wp-content\/uploads\/2026\/08\/image-1-300x200.png 300w, https:\/\/alumni.sze.hu\/en\/wp-content\/uploads\/2026\/08\/image-1-768x512.png 768w, https:\/\/alumni.sze.hu\/en\/wp-content\/uploads\/2026\/08\/image-1-18x12.png 18w, https:\/\/alumni.sze.hu\/en\/wp-content\/uploads\/2026\/08\/image-1-1536x1024.png 1536w, https:\/\/alumni.sze.hu\/en\/wp-content\/uploads\/2026\/08\/image-1.png 1620w\" sizes=\"auto, (max-width: 1024px) 100vw, 1024px\" \/><\/figure>\n\n\n\n<p class=\"has-text-align-center wp-block-paragraph\"><em>M\u00e1rton Palatk\u00e1s (left) at the closing ceremony of the Japanese Ministry of Foreign Affairs\u2019 MIRAI programme, together with participants from Romania, Germany and Iceland. The certificates they are holding confirm the successful completion of the programme.<\/em><\/p>\n\n\n\n<p class=\"wp-block-paragraph\"><em>\u201cThe most important lesson for me was that the key question is not necessarily who is right or whose side we should be on. Often, it is much more important to accept and understand that different countries and cultures represent different perspectives and consider different things to be true. Understanding and respecting these perspectives is worth more than simply taking a position based on global trends or popular, sometimes oversimplified narratives. This is exactly what international study trips provide: they help us think more openly and see the world from different perspectives,\u201d&nbsp;<\/em>M\u00e1rton Palatk\u00e1s emphasised.&nbsp;<em>\u201cThanks in part to the scholarship and mobility programmes available at Sz\u00e9chenyi Istv\u00e1n University, I have been able to study in several countries and gain valuable experiences within just a few years. Each journey has contributed to my personal and professional development, which is why I encourage every student to take advantage of these opportunities.\u201d<\/em><\/p>\n\n\n\n<figure class=\"wp-block-image size-large\"><img loading=\"lazy\" decoding=\"async\" width=\"682\" height=\"1024\" src=\"https:\/\/alumni.sze.hu\/en\/wp-content\/uploads\/2026\/08\/image-2-682x1024.png\" alt=\"\" class=\"wp-image-10454\" srcset=\"https:\/\/alumni.sze.hu\/en\/wp-content\/uploads\/2026\/08\/image-2-682x1024.png 682w, https:\/\/alumni.sze.hu\/en\/wp-content\/uploads\/2026\/08\/image-2-200x300.png 200w, https:\/\/alumni.sze.hu\/en\/wp-content\/uploads\/2026\/08\/image-2-8x12.png 8w, https:\/\/alumni.sze.hu\/en\/wp-content\/uploads\/2026\/08\/image-2.png 719w\" sizes=\"auto, (max-width: 682px) 100vw, 682px\" \/><\/figure>\n\n\n\n<p class=\"has-text-align-center wp-block-paragraph\"><em>M\u00e1rton Palatk\u00e1s at the Summer Palace (Yiheyuan) in Beijing, one of China\u2019s most renowned World Heritage Sites.<\/em><\/p>\n\n\n\n<figure class=\"wp-block-image size-large\"><img loading=\"lazy\" decoding=\"async\" width=\"1024\" height=\"768\" src=\"https:\/\/alumni.sze.hu\/en\/wp-content\/uploads\/2026\/08\/image-3-1024x768.png\" alt=\"\" class=\"wp-image-10455\" srcset=\"https:\/\/alumni.sze.hu\/en\/wp-content\/uploads\/2026\/08\/image-3-1024x768.png 1024w, https:\/\/alumni.sze.hu\/en\/wp-content\/uploads\/2026\/08\/image-3-300x225.png 300w, https:\/\/alumni.sze.hu\/en\/wp-content\/uploads\/2026\/08\/image-3-768x576.png 768w, https:\/\/alumni.sze.hu\/en\/wp-content\/uploads\/2026\/08\/image-3-16x12.png 16w, https:\/\/alumni.sze.hu\/en\/wp-content\/uploads\/2026\/08\/image-3.png 1440w\" sizes=\"auto, (max-width: 1024px) 100vw, 1024px\" \/><\/figure>\n\n\n\n<p class=\"has-text-align-center wp-block-paragraph\"><em>M\u00e1rton Palatk\u00e1s (second from the left) at an international business and economics conference organised by Integral University in Lucknow, India.<\/em><\/p>\n","protected":false},"excerpt":{"rendered":"<p>Created: 2026.07.31. 22:27 Students at Sz\u00e9chenyi Istv\u00e1n University can gain international academic and professional experience through a range of global mobility programmes. M\u00e1rton Palatk\u00e1s is one of those who have &#8230;<\/p>\n","protected":false},"author":22,"featured_media":10452,"comment_status":"closed","ping_status":"open","sticky":false,"template":"","format":"standard","meta":{"footnotes":""},"categories":[24],"tags":[],"class_list":["post-10451","post","type-post","status-publish","format-standard","has-post-thumbnail","hentry","category-news"],"yoast_head":"<!-- This site is optimized with the Yoast SEO plugin v17.8 - https:\/\/yoast.com\/wordpress\/plugins\/seo\/ -->\n<title>MIRAI Scholarship: SZE Graduate Gains Experience in Japan - SZE Alumni \u2013 Sz\u00e9chenyi Istv\u00e1n Egyetem<\/title>\n<meta name=\"robots\" content=\"index, follow, max-snippet:-1, max-image-preview:large, max-video-preview:-1\" \/>\n<link rel=\"canonical\" href=\"https:\/\/alumni.sze.hu\/en\/mirai-scholarship-sze-graduate-gains-experience-in-japan\/\" \/>\n<meta property=\"og:locale\" content=\"hu_HU\" \/>\n<meta property=\"og:type\" content=\"article\" \/>\n<meta property=\"og:title\" content=\"MIRAI Scholarship: SZE Graduate Gains Experience in Japan - SZE Alumni \u2013 Sz\u00e9chenyi Istv\u00e1n Egyetem\" \/>\n<meta property=\"og:description\" content=\"Created: 2026.07.31. 22:27 Students at Sz\u00e9chenyi Istv\u00e1n University can gain international academic and professional experience through a range of global mobility programmes. M\u00e1rton Palatk\u00e1s is one of those who have ...\" \/>\n<meta property=\"og:url\" content=\"https:\/\/alumni.sze.hu\/en\/mirai-scholarship-sze-graduate-gains-experience-in-japan\/\" \/>\n<meta property=\"og:site_name\" content=\"SZE Alumni \u2013 Sz\u00e9chenyi Istv\u00e1n Egyetem\" \/>\n<meta property=\"article:published_time\" content=\"2026-08-25T13:54:00+00:00\" \/>\n<meta property=\"article:modified_time\" content=\"2026-08-25T13:54:01+00:00\" \/>\n<meta property=\"og:image\" content=\"https:\/\/alumni.sze.hu\/en\/wp-content\/uploads\/2026\/08\/image.png\" \/>\n\t<meta property=\"og:image:width\" content=\"1620\" \/>\n\t<meta property=\"og:image:height\" content=\"1080\" \/>\n<meta name=\"twitter:card\" content=\"summary_large_image\" \/>\n<meta name=\"twitter:label1\" content=\"Szerz\u0151:\" \/>\n\t<meta name=\"twitter:data1\" content=\"KUP\u00d3-ZAJZON R\u00e9ka\" \/>\n\t<meta name=\"twitter:label2\" content=\"Becs\u00fclt olvas\u00e1si id\u0151\" \/>\n\t<meta name=\"twitter:data2\" content=\"3 perc\" \/>\n<script type=\"application\/ld+json\" class=\"yoast-schema-graph\">{\"@context\":\"https:\/\/schema.org\",\"@graph\":[{\"@type\":\"WebSite\",\"@id\":\"https:\/\/alumni.sze.hu\/en\/#website\",\"url\":\"https:\/\/alumni.sze.hu\/en\/\",\"name\":\"SZE Alumni \\u2013 Sz\\u00e9chenyi Istv\\u00e1n Egyetem\",\"description\":\"SZE Alumni \\u2013 Sz\\u00e9chenyi Istv\\u00e1n Egyetem\",\"potentialAction\":[{\"@type\":\"SearchAction\",\"target\":{\"@type\":\"EntryPoint\",\"urlTemplate\":\"https:\/\/alumni.sze.hu\/en\/?s={search_term_string}\"},\"query-input\":\"required name=search_term_string\"}],\"inLanguage\":\"hu\"},{\"@type\":\"ImageObject\",\"@id\":\"https:\/\/alumni.sze.hu\/en\/mirai-scholarship-sze-graduate-gains-experience-in-japan\/#primaryimage\",\"inLanguage\":\"hu\",\"url\":\"https:\/\/alumni.sze.hu\/en\/wp-content\/uploads\/2026\/08\/image.png\",\"contentUrl\":\"https:\/\/alumni.sze.hu\/en\/wp-content\/uploads\/2026\/08\/image.png\",\"width\":1620,\"height\":1080,\"caption\":\"M\\u00e1rton Palatk\\u00e1s (third from the right) recently shared his experiences in Japan with fellow students during a presentation at Sz\\u00e9chenyi Istv\\u00e1n University. In our photograph, he is seen alongside representatives of the University and the Embassy of Japan. (Photo: Andr\\u00e1s Adorj\\u00e1n)\"},{\"@type\":\"WebPage\",\"@id\":\"https:\/\/alumni.sze.hu\/en\/mirai-scholarship-sze-graduate-gains-experience-in-japan\/#webpage\",\"url\":\"https:\/\/alumni.sze.hu\/en\/mirai-scholarship-sze-graduate-gains-experience-in-japan\/\",\"name\":\"MIRAI Scholarship: SZE Graduate Gains Experience in Japan - SZE Alumni \\u2013 Sz\\u00e9chenyi Istv\\u00e1n Egyetem\",\"isPartOf\":{\"@id\":\"https:\/\/alumni.sze.hu\/en\/#website\"},\"primaryImageOfPage\":{\"@id\":\"https:\/\/alumni.sze.hu\/en\/mirai-scholarship-sze-graduate-gains-experience-in-japan\/#primaryimage\"},\"datePublished\":\"2026-08-25T13:54:00+00:00\",\"dateModified\":\"2026-08-25T13:54:01+00:00\",\"author\":{\"@id\":\"https:\/\/alumni.sze.hu\/en\/#\/schema\/person\/e80038ffd588d77e7ccd9bee4a6e445c\"},\"breadcrumb\":{\"@id\":\"https:\/\/alumni.sze.hu\/en\/mirai-scholarship-sze-graduate-gains-experience-in-japan\/#breadcrumb\"},\"inLanguage\":\"hu\",\"potentialAction\":[{\"@type\":\"ReadAction\",\"target\":[\"https:\/\/alumni.sze.hu\/en\/mirai-scholarship-sze-graduate-gains-experience-in-japan\/\"]}]},{\"@type\":\"BreadcrumbList\",\"@id\":\"https:\/\/alumni.sze.hu\/en\/mirai-scholarship-sze-graduate-gains-experience-in-japan\/#breadcrumb\",\"itemListElement\":[{\"@type\":\"ListItem\",\"position\":1,\"name\":\"Homepage\",\"item\":\"https:\/\/alumni.sze.hu\/en\/\"},{\"@type\":\"ListItem\",\"position\":2,\"name\":\"MIRAI Scholarship: SZE Graduate Gains Experience in Japan\"}]},{\"@type\":\"Person\",\"@id\":\"https:\/\/alumni.sze.hu\/en\/#\/schema\/person\/e80038ffd588d77e7ccd9bee4a6e445c\",\"name\":\"KUP\\u00d3-ZAJZON R\\u00e9ka\",\"image\":{\"@type\":\"ImageObject\",\"@id\":\"https:\/\/alumni.sze.hu\/en\/#personlogo\",\"inLanguage\":\"hu\",\"url\":\"https:\/\/secure.gravatar.com\/avatar\/1084379bc06970c176085757561a2c46a3ed600c0f54ee76511c6ded24d31c0d?s=96&d=mm&r=g\",\"contentUrl\":\"https:\/\/secure.gravatar.com\/avatar\/1084379bc06970c176085757561a2c46a3ed600c0f54ee76511c6ded24d31c0d?s=96&d=mm&r=g\",\"caption\":\"KUP\\u00d3-ZAJZON R\\u00e9ka\"},\"url\":\"https:\/\/alumni.sze.hu\/en\/author\/kupore\/\"}]}<\/script>\n<!-- \/ Yoast SEO plugin. -->","yoast_head_json":{"title":"MIRAI Scholarship: SZE Graduate Gains Experience in Japan - SZE Alumni \u2013 Sz\u00e9chenyi Istv\u00e1n Egyetem","robots":{"index":"index","follow":"follow","max-snippet":"max-snippet:-1","max-image-preview":"max-image-preview:large","max-video-preview":"max-video-preview:-1"},"canonical":"https:\/\/alumni.sze.hu\/en\/mirai-scholarship-sze-graduate-gains-experience-in-japan\/","og_locale":"hu_HU","og_type":"article","og_title":"MIRAI Scholarship: SZE Graduate Gains Experience in Japan - SZE Alumni \u2013 Sz\u00e9chenyi Istv\u00e1n Egyetem","og_description":"Created: 2026.07.31. 22:27 Students at Sz\u00e9chenyi Istv\u00e1n University can gain international academic and professional experience through a range of global mobility programmes. M\u00e1rton Palatk\u00e1s is one of those who have ...","og_url":"https:\/\/alumni.sze.hu\/en\/mirai-scholarship-sze-graduate-gains-experience-in-japan\/","og_site_name":"SZE Alumni \u2013 Sz\u00e9chenyi Istv\u00e1n Egyetem","article_published_time":"2026-08-25T13:54:00+00:00","article_modified_time":"2026-08-25T13:54:01+00:00","og_image":[{"width":1620,"height":1080,"url":"https:\/\/alumni.sze.hu\/en\/wp-content\/uploads\/2026\/08\/image.png","type":"image\/png"}],"twitter_card":"summary_large_image","twitter_misc":{"Szerz\u0151:":"KUP\u00d3-ZAJZON R\u00e9ka","Becs\u00fclt olvas\u00e1si id\u0151":"3 perc"},"schema":{"@context":"https:\/\/schema.org","@graph":[{"@type":"WebSite","@id":"https:\/\/alumni.sze.hu\/en\/#website","url":"https:\/\/alumni.sze.hu\/en\/","name":"SZE Alumni \u2013 Sz\u00e9chenyi Istv\u00e1n Egyetem","description":"SZE Alumni \u2013 Sz\u00e9chenyi Istv\u00e1n Egyetem","potentialAction":[{"@type":"SearchAction","target":{"@type":"EntryPoint","urlTemplate":"https:\/\/alumni.sze.hu\/en\/?s={search_term_string}"},"query-input":"required name=search_term_string"}],"inLanguage":"hu"},{"@type":"ImageObject","@id":"https:\/\/alumni.sze.hu\/en\/mirai-scholarship-sze-graduate-gains-experience-in-japan\/#primaryimage","inLanguage":"hu","url":"https:\/\/alumni.sze.hu\/en\/wp-content\/uploads\/2026\/08\/image.png","contentUrl":"https:\/\/alumni.sze.hu\/en\/wp-content\/uploads\/2026\/08\/image.png","width":1620,"height":1080,"caption":"M\u00e1rton Palatk\u00e1s (third from the right) recently shared his experiences in Japan with fellow students during a presentation at Sz\u00e9chenyi Istv\u00e1n University. In our photograph, he is seen alongside representatives of the University and the Embassy of Japan. (Photo: Andr\u00e1s Adorj\u00e1n)"},{"@type":"WebPage","@id":"https:\/\/alumni.sze.hu\/en\/mirai-scholarship-sze-graduate-gains-experience-in-japan\/#webpage","url":"https:\/\/alumni.sze.hu\/en\/mirai-scholarship-sze-graduate-gains-experience-in-japan\/","name":"MIRAI Scholarship: SZE Graduate Gains Experience in Japan - SZE Alumni \u2013 Sz\u00e9chenyi Istv\u00e1n Egyetem","isPartOf":{"@id":"https:\/\/alumni.sze.hu\/en\/#website"},"primaryImageOfPage":{"@id":"https:\/\/alumni.sze.hu\/en\/mirai-scholarship-sze-graduate-gains-experience-in-japan\/#primaryimage"},"datePublished":"2026-08-25T13:54:00+00:00","dateModified":"2026-08-25T13:54:01+00:00","author":{"@id":"https:\/\/alumni.sze.hu\/en\/#\/schema\/person\/e80038ffd588d77e7ccd9bee4a6e445c"},"breadcrumb":{"@id":"https:\/\/alumni.sze.hu\/en\/mirai-scholarship-sze-graduate-gains-experience-in-japan\/#breadcrumb"},"inLanguage":"hu","potentialAction":[{"@type":"ReadAction","target":["https:\/\/alumni.sze.hu\/en\/mirai-scholarship-sze-graduate-gains-experience-in-japan\/"]}]},{"@type":"BreadcrumbList","@id":"https:\/\/alumni.sze.hu\/en\/mirai-scholarship-sze-graduate-gains-experience-in-japan\/#breadcrumb","itemListElement":[{"@type":"ListItem","position":1,"name":"Homepage","item":"https:\/\/alumni.sze.hu\/en\/"},{"@type":"ListItem","position":2,"name":"MIRAI Scholarship: SZE Graduate Gains Experience in Japan"}]},{"@type":"Person","@id":"https:\/\/alumni.sze.hu\/en\/#\/schema\/person\/e80038ffd588d77e7ccd9bee4a6e445c","name":"KUP\u00d3-ZAJZON R\u00e9ka","image":{"@type":"ImageObject","@id":"https:\/\/alumni.sze.hu\/en\/#personlogo","inLanguage":"hu","url":"https:\/\/secure.gravatar.com\/avatar\/1084379bc06970c176085757561a2c46a3ed600c0f54ee76511c6ded24d31c0d?s=96&d=mm&r=g","contentUrl":"https:\/\/secure.gravatar.com\/avatar\/1084379bc06970c176085757561a2c46a3ed600c0f54ee76511c6ded24d31c0d?s=96&d=mm&r=g","caption":"KUP\u00d3-ZAJZON R\u00e9ka"},"url":"https:\/\/alumni.sze.hu\/en\/author\/kupore\/"}]}},"_links":{"self":[{"href":"https:\/\/alumni.sze.hu\/en\/wp-json\/wp\/v2\/posts\/10451","targetHints":{"allow":["GET"]}}],"collection":[{"href":"https:\/\/alumni.sze.hu\/en\/wp-json\/wp\/v2\/posts"}],"about":[{"href":"https:\/\/alumni.sze.hu\/en\/wp-json\/wp\/v2\/types\/post"}],"author":[{"embeddable":true,"href":"https:\/\/alumni.sze.hu\/en\/wp-json\/wp\/v2\/users\/22"}],"replies":[{"embeddable":true,"href":"https:\/\/alumni.sze.hu\/en\/wp-json\/wp\/v2\/comments?post=10451"}],"version-history":[{"count":1,"href":"https:\/\/alumni.sze.hu\/en\/wp-json\/wp\/v2\/posts\/10451\/revisions"}],"predecessor-version":[{"id":10456,"href":"https:\/\/alumni.sze.hu\/en\/wp-json\/wp\/v2\/posts\/10451\/revisions\/10456"}],"wp:featuredmedia":[{"embeddable":true,"href":"https:\/\/alumni.sze.hu\/en\/wp-json\/wp\/v2\/media\/10452"}],"wp:attachment":[{"href":"https:\/\/alumni.sze.hu\/en\/wp-json\/wp\/v2\/media?parent=10451"}],"wp:term":[{"taxonomy":"category","embeddable":true,"href":"https:\/\/alumni.sze.hu\/en\/wp-json\/wp\/v2\/categories?post=10451"},{"taxonomy":"post_tag","embeddable":true,"href":"https:\/\/alumni.sze.hu\/en\/wp-json\/wp\/v2\/tags?post=10451"}],"curies":[{"name":"wp","href":"https:\/\/api.w.org\/{rel}","templated":true}]}}