{"id":10396,"date":"2026-07-27T08:26:43","date_gmt":"2026-07-27T08:26:43","guid":{"rendered":"https:\/\/alumni.sze.hu\/en\/?p=10396"},"modified":"2026-07-27T08:26:45","modified_gmt":"2026-07-27T08:26:45","slug":"argentine-cooperation-opportunities-discussed-at-sze","status":"publish","type":"post","link":"https:\/\/alumni.sze.hu\/en\/argentine-cooperation-opportunities-discussed-at-sze\/","title":{"rendered":"Argentine Cooperation Opportunities Discussed at SZE"},"content":{"rendered":"\n<p class=\"wp-block-paragraph\">Created: 2026.07.24. 12:26<\/p>\n\n\n\n<p class=\"wp-block-paragraph\"><strong>Representatives of the Embassy of Argentina in Hungary visited Sz\u00e9chenyi Istv\u00e1n University to discuss opportunities for establishing educational, research and mobility partnerships. During the 15 July visit, topics included the launch of a double degree programme, the development of scientific collaborations, and the hosting of Argentine visiting professors and students.<\/strong><\/p>\n\n\n\n<p class=\"wp-block-paragraph\">Sz\u00e9chenyi Istv\u00e1n University places strong emphasis on expanding its international partnerships and developing new educational and research collaborations. In this spirit, the institution welcomed a delegation led by Ricardo Andr\u00e9s Vignolo, Charg\u00e9 d\u2019Affaires ad interim of the Embassy of Argentina in Hungary, to explore potential areas of cooperation.<\/p>\n\n\n\n<p class=\"wp-block-paragraph\">During the meeting, Dr Eszter Luk\u00e1cs, Vice-President for International Affairs and Strategic Relations, highlighted that the university, with more than 17,000 students, currently hosts around 1,200 international students from nearly 90 countries. She noted that the institution offers more than 60 English-taught programmes. Students can choose from a number of double degree programmes developed in cooperation with partner universities in the United States, China, Portugal, India and Italy.<\/p>\n\n\n\n<p class=\"wp-block-paragraph\">The Vice-President emphasised that, alongside research cooperation, the University is open to establishing a double degree programme with an Argentine higher education institution. She added that various forms of support are available to assist visiting professors and students during their stay.<\/p>\n\n\n\n<figure class=\"wp-block-image size-large\"><img loading=\"lazy\" decoding=\"async\" width=\"1024\" height=\"683\" src=\"https:\/\/alumni.sze.hu\/en\/wp-content\/uploads\/2026\/07\/Kep1-1024x683.webp\" alt=\"\" class=\"wp-image-10398\" srcset=\"https:\/\/alumni.sze.hu\/en\/wp-content\/uploads\/2026\/07\/Kep1-1024x683.webp 1024w, https:\/\/alumni.sze.hu\/en\/wp-content\/uploads\/2026\/07\/Kep1-300x200.webp 300w, https:\/\/alumni.sze.hu\/en\/wp-content\/uploads\/2026\/07\/Kep1-768x512.webp 768w, https:\/\/alumni.sze.hu\/en\/wp-content\/uploads\/2026\/07\/Kep1-1536x1024.webp 1536w, https:\/\/alumni.sze.hu\/en\/wp-content\/uploads\/2026\/07\/Kep1-18x12.webp 18w, https:\/\/alumni.sze.hu\/en\/wp-content\/uploads\/2026\/07\/Kep1.webp 1620w\" sizes=\"auto, (max-width: 1024px) 100vw, 1024px\" \/><\/figure>\n\n\n\n<p class=\"has-text-align-center wp-block-paragraph\"><em>Ricardo Andr\u00e9s Vignolo, Charg\u00e9 d\u2019Affaires ad interim of the Embassy of Argentina in Hungary, and Dr Eszter Luk\u00e1cs, Vice-President for International Affairs and Strategic Relations at Sz\u00e9chenyi Istv\u00e1n University (Photo: Andr\u00e1s Adorj\u00e1n)<\/em><\/p>\n\n\n\n<p class=\"wp-block-paragraph\">Dr Luk\u00e1cs also pointed out that the University already maintains links with the Latin American region. In the 2025\/26 academic year, full-time students from eight South and Central American countries, namely Brazil, Bolivia, Colombia, Costa Rica, Ecuador, Mexico, Peru and Saint Lucia, studied at the institution. In addition, since the 2024\/25 academic year, exchange students from Mexico and Brazil have spent shorter periods at the University, while students from Sz\u00e9chenyi Istv\u00e1n University have gained international experience in Brazil, Mexico and Colombia.<\/p>\n\n\n\n<p class=\"wp-block-paragraph\">Dr Tam\u00e1s Kolossv\u00e1ry, Head of the Gy\u0151r Innovation Park at the University, presented the park\u2019s operations and innovation ecosystem. He explained that the facility provides space for educational and research units, corporate partners, as well as start-up and spin-off companies. He also noted that plans for the expansion of the park have been completed and that the University is currently seeking funding for their implementation.<\/p>\n\n\n\n<p class=\"wp-block-paragraph\"><em>Ricardo Andr\u00e9s Vignolo expressed his satisfaction at having the opportunity to learn first-hand about the University\u2019s educational, research and mobility opportunities. He stressed that he would share the information and impressions gained during the visit with stakeholders in Argentina and that he is ready to support the development of partnerships between the University in Gy\u0151r and Argentine higher education institutions.<\/em><\/p>\n\n\n\n<figure class=\"wp-block-image size-large\"><img loading=\"lazy\" decoding=\"async\" width=\"1024\" height=\"576\" src=\"https:\/\/alumni.sze.hu\/en\/wp-content\/uploads\/2026\/07\/Kep2-1024x576.webp\" alt=\"\" class=\"wp-image-10397\" srcset=\"https:\/\/alumni.sze.hu\/en\/wp-content\/uploads\/2026\/07\/Kep2-1024x576.webp 1024w, https:\/\/alumni.sze.hu\/en\/wp-content\/uploads\/2026\/07\/Kep2-300x169.webp 300w, https:\/\/alumni.sze.hu\/en\/wp-content\/uploads\/2026\/07\/Kep2-768x432.webp 768w, https:\/\/alumni.sze.hu\/en\/wp-content\/uploads\/2026\/07\/Kep2-1536x864.webp 1536w, https:\/\/alumni.sze.hu\/en\/wp-content\/uploads\/2026\/07\/Kep2-18x10.webp 18w, https:\/\/alumni.sze.hu\/en\/wp-content\/uploads\/2026\/07\/Kep2.webp 1920w\" sizes=\"auto, (max-width: 1024px) 100vw, 1024px\" \/><\/figure>\n\n\n\n<p class=\"has-text-align-center wp-block-paragraph\"><em>M\u00e1rta M\u00e9sz\u00e1ros, Head of the Centre for Mobility and Scholarships of Sz\u00e9chenyi Istv\u00e1n University; Francisco Sellares, Economic and Commercial Assistant at the Argentine Embassy; Attila T\u00f3bi\u00e1s, Cultural Assistant at the Embassy; Ricardo Andr\u00e9s Vignolo, Charg\u00e9 d\u2019Affaires ad interim; Dr Eszter Luk\u00e1cs, Vice-President for International Affairs and Strategic Relations; Dr Tam\u00e1s Kolossv\u00e1ry, Head of the Gy\u0151r Innovation Park; Dr J\u00falia Sz\u0151ke, Vice-Dean for International Affairs and Research at the Ap\u00e1czai Csere J\u00e1nos Faculty of Education, Humanities and Social Sciences; and G\u00e1bor Hancz, Director for Communications and Media Relations at the University (Photo: Andr\u00e1s Adorj\u00e1n).<\/em><\/p>\n","protected":false},"excerpt":{"rendered":"<p>Created: 2026.07.24. 12:26 Representatives of the Embassy of Argentina in Hungary visited Sz\u00e9chenyi Istv\u00e1n University to discuss opportunities for establishing educational, research and mobility partnerships. During the 15 July visit, &#8230;<\/p>\n","protected":false},"author":22,"featured_media":10397,"comment_status":"closed","ping_status":"open","sticky":false,"template":"","format":"standard","meta":{"footnotes":""},"categories":[24],"tags":[],"class_list":["post-10396","post","type-post","status-publish","format-standard","has-post-thumbnail","hentry","category-news"],"yoast_head":"<!-- This site is optimized with the Yoast SEO plugin v17.8 - https:\/\/yoast.com\/wordpress\/plugins\/seo\/ -->\n<title>Argentine Cooperation Opportunities Discussed at SZE - SZE Alumni \u2013 Sz\u00e9chenyi Istv\u00e1n Egyetem<\/title>\n<meta name=\"robots\" content=\"index, follow, max-snippet:-1, max-image-preview:large, max-video-preview:-1\" \/>\n<link rel=\"canonical\" href=\"https:\/\/alumni.sze.hu\/en\/argentine-cooperation-opportunities-discussed-at-sze\/\" \/>\n<meta property=\"og:locale\" content=\"hu_HU\" \/>\n<meta property=\"og:type\" content=\"article\" \/>\n<meta property=\"og:title\" content=\"Argentine Cooperation Opportunities Discussed at SZE - SZE Alumni \u2013 Sz\u00e9chenyi Istv\u00e1n Egyetem\" \/>\n<meta property=\"og:description\" content=\"Created: 2026.07.24. 12:26 Representatives of the Embassy of Argentina in Hungary visited Sz\u00e9chenyi Istv\u00e1n University to discuss opportunities for establishing educational, research and mobility partnerships. During the 15 July visit, ...\" \/>\n<meta property=\"og:url\" content=\"https:\/\/alumni.sze.hu\/en\/argentine-cooperation-opportunities-discussed-at-sze\/\" \/>\n<meta property=\"og:site_name\" content=\"SZE Alumni \u2013 Sz\u00e9chenyi Istv\u00e1n Egyetem\" \/>\n<meta property=\"article:published_time\" content=\"2026-07-27T08:26:43+00:00\" \/>\n<meta property=\"article:modified_time\" content=\"2026-07-27T08:26:45+00:00\" \/>\n<meta name=\"twitter:card\" content=\"summary_large_image\" \/>\n<meta name=\"twitter:image\" content=\"https:\/\/alumni.sze.hu\/en\/wp-content\/uploads\/2026\/07\/Kep2.webp\" \/>\n<meta name=\"twitter:label1\" content=\"Szerz\u0151:\" \/>\n\t<meta name=\"twitter:data1\" content=\"KUP\u00d3-ZAJZON R\u00e9ka\" \/>\n\t<meta name=\"twitter:label2\" content=\"Becs\u00fclt olvas\u00e1si id\u0151\" \/>\n\t<meta name=\"twitter:data2\" content=\"3 perc\" \/>\n<script type=\"application\/ld+json\" class=\"yoast-schema-graph\">{\"@context\":\"https:\/\/schema.org\",\"@graph\":[{\"@type\":\"WebSite\",\"@id\":\"https:\/\/alumni.sze.hu\/en\/#website\",\"url\":\"https:\/\/alumni.sze.hu\/en\/\",\"name\":\"SZE Alumni \\u2013 Sz\\u00e9chenyi Istv\\u00e1n Egyetem\",\"description\":\"SZE Alumni \\u2013 Sz\\u00e9chenyi Istv\\u00e1n Egyetem\",\"potentialAction\":[{\"@type\":\"SearchAction\",\"target\":{\"@type\":\"EntryPoint\",\"urlTemplate\":\"https:\/\/alumni.sze.hu\/en\/?s={search_term_string}\"},\"query-input\":\"required name=search_term_string\"}],\"inLanguage\":\"hu\"},{\"@type\":\"ImageObject\",\"@id\":\"https:\/\/alumni.sze.hu\/en\/argentine-cooperation-opportunities-discussed-at-sze\/#primaryimage\",\"inLanguage\":\"hu\",\"url\":\"https:\/\/alumni.sze.hu\/en\/wp-content\/uploads\/2026\/07\/Kep2.webp\",\"contentUrl\":\"https:\/\/alumni.sze.hu\/en\/wp-content\/uploads\/2026\/07\/Kep2.webp\",\"width\":1920,\"height\":1080,\"caption\":\"Argentine Cooperation Opportunities Discussed at SZE\"},{\"@type\":\"WebPage\",\"@id\":\"https:\/\/alumni.sze.hu\/en\/argentine-cooperation-opportunities-discussed-at-sze\/#webpage\",\"url\":\"https:\/\/alumni.sze.hu\/en\/argentine-cooperation-opportunities-discussed-at-sze\/\",\"name\":\"Argentine Cooperation Opportunities Discussed at SZE - SZE Alumni \\u2013 Sz\\u00e9chenyi Istv\\u00e1n Egyetem\",\"isPartOf\":{\"@id\":\"https:\/\/alumni.sze.hu\/en\/#website\"},\"primaryImageOfPage\":{\"@id\":\"https:\/\/alumni.sze.hu\/en\/argentine-cooperation-opportunities-discussed-at-sze\/#primaryimage\"},\"datePublished\":\"2026-07-27T08:26:43+00:00\",\"dateModified\":\"2026-07-27T08:26:45+00:00\",\"author\":{\"@id\":\"https:\/\/alumni.sze.hu\/en\/#\/schema\/person\/e80038ffd588d77e7ccd9bee4a6e445c\"},\"breadcrumb\":{\"@id\":\"https:\/\/alumni.sze.hu\/en\/argentine-cooperation-opportunities-discussed-at-sze\/#breadcrumb\"},\"inLanguage\":\"hu\",\"potentialAction\":[{\"@type\":\"ReadAction\",\"target\":[\"https:\/\/alumni.sze.hu\/en\/argentine-cooperation-opportunities-discussed-at-sze\/\"]}]},{\"@type\":\"BreadcrumbList\",\"@id\":\"https:\/\/alumni.sze.hu\/en\/argentine-cooperation-opportunities-discussed-at-sze\/#breadcrumb\",\"itemListElement\":[{\"@type\":\"ListItem\",\"position\":1,\"name\":\"Homepage\",\"item\":\"https:\/\/alumni.sze.hu\/en\/\"},{\"@type\":\"ListItem\",\"position\":2,\"name\":\"Argentine Cooperation Opportunities Discussed at SZE\"}]},{\"@type\":\"Person\",\"@id\":\"https:\/\/alumni.sze.hu\/en\/#\/schema\/person\/e80038ffd588d77e7ccd9bee4a6e445c\",\"name\":\"KUP\\u00d3-ZAJZON R\\u00e9ka\",\"image\":{\"@type\":\"ImageObject\",\"@id\":\"https:\/\/alumni.sze.hu\/en\/#personlogo\",\"inLanguage\":\"hu\",\"url\":\"https:\/\/secure.gravatar.com\/avatar\/1084379bc06970c176085757561a2c46a3ed600c0f54ee76511c6ded24d31c0d?s=96&d=mm&r=g\",\"contentUrl\":\"https:\/\/secure.gravatar.com\/avatar\/1084379bc06970c176085757561a2c46a3ed600c0f54ee76511c6ded24d31c0d?s=96&d=mm&r=g\",\"caption\":\"KUP\\u00d3-ZAJZON R\\u00e9ka\"},\"url\":\"https:\/\/alumni.sze.hu\/en\/author\/kupore\/\"}]}<\/script>\n<!-- \/ Yoast SEO plugin. -->","yoast_head_json":{"title":"Argentine Cooperation Opportunities Discussed at SZE - SZE Alumni \u2013 Sz\u00e9chenyi Istv\u00e1n Egyetem","robots":{"index":"index","follow":"follow","max-snippet":"max-snippet:-1","max-image-preview":"max-image-preview:large","max-video-preview":"max-video-preview:-1"},"canonical":"https:\/\/alumni.sze.hu\/en\/argentine-cooperation-opportunities-discussed-at-sze\/","og_locale":"hu_HU","og_type":"article","og_title":"Argentine Cooperation Opportunities Discussed at SZE - SZE Alumni \u2013 Sz\u00e9chenyi Istv\u00e1n Egyetem","og_description":"Created: 2026.07.24. 12:26 Representatives of the Embassy of Argentina in Hungary visited Sz\u00e9chenyi Istv\u00e1n University to discuss opportunities for establishing educational, research and mobility partnerships. During the 15 July visit, ...","og_url":"https:\/\/alumni.sze.hu\/en\/argentine-cooperation-opportunities-discussed-at-sze\/","og_site_name":"SZE Alumni \u2013 Sz\u00e9chenyi Istv\u00e1n Egyetem","article_published_time":"2026-07-27T08:26:43+00:00","article_modified_time":"2026-07-27T08:26:45+00:00","twitter_card":"summary_large_image","twitter_image":"https:\/\/alumni.sze.hu\/en\/wp-content\/uploads\/2026\/07\/Kep2.webp","twitter_misc":{"Szerz\u0151:":"KUP\u00d3-ZAJZON R\u00e9ka","Becs\u00fclt olvas\u00e1si id\u0151":"3 perc"},"schema":{"@context":"https:\/\/schema.org","@graph":[{"@type":"WebSite","@id":"https:\/\/alumni.sze.hu\/en\/#website","url":"https:\/\/alumni.sze.hu\/en\/","name":"SZE Alumni \u2013 Sz\u00e9chenyi Istv\u00e1n Egyetem","description":"SZE Alumni \u2013 Sz\u00e9chenyi Istv\u00e1n Egyetem","potentialAction":[{"@type":"SearchAction","target":{"@type":"EntryPoint","urlTemplate":"https:\/\/alumni.sze.hu\/en\/?s={search_term_string}"},"query-input":"required name=search_term_string"}],"inLanguage":"hu"},{"@type":"ImageObject","@id":"https:\/\/alumni.sze.hu\/en\/argentine-cooperation-opportunities-discussed-at-sze\/#primaryimage","inLanguage":"hu","url":"https:\/\/alumni.sze.hu\/en\/wp-content\/uploads\/2026\/07\/Kep2.webp","contentUrl":"https:\/\/alumni.sze.hu\/en\/wp-content\/uploads\/2026\/07\/Kep2.webp","width":1920,"height":1080,"caption":"Argentine Cooperation Opportunities Discussed at SZE"},{"@type":"WebPage","@id":"https:\/\/alumni.sze.hu\/en\/argentine-cooperation-opportunities-discussed-at-sze\/#webpage","url":"https:\/\/alumni.sze.hu\/en\/argentine-cooperation-opportunities-discussed-at-sze\/","name":"Argentine Cooperation Opportunities Discussed at SZE - SZE Alumni \u2013 Sz\u00e9chenyi Istv\u00e1n Egyetem","isPartOf":{"@id":"https:\/\/alumni.sze.hu\/en\/#website"},"primaryImageOfPage":{"@id":"https:\/\/alumni.sze.hu\/en\/argentine-cooperation-opportunities-discussed-at-sze\/#primaryimage"},"datePublished":"2026-07-27T08:26:43+00:00","dateModified":"2026-07-27T08:26:45+00:00","author":{"@id":"https:\/\/alumni.sze.hu\/en\/#\/schema\/person\/e80038ffd588d77e7ccd9bee4a6e445c"},"breadcrumb":{"@id":"https:\/\/alumni.sze.hu\/en\/argentine-cooperation-opportunities-discussed-at-sze\/#breadcrumb"},"inLanguage":"hu","potentialAction":[{"@type":"ReadAction","target":["https:\/\/alumni.sze.hu\/en\/argentine-cooperation-opportunities-discussed-at-sze\/"]}]},{"@type":"BreadcrumbList","@id":"https:\/\/alumni.sze.hu\/en\/argentine-cooperation-opportunities-discussed-at-sze\/#breadcrumb","itemListElement":[{"@type":"ListItem","position":1,"name":"Homepage","item":"https:\/\/alumni.sze.hu\/en\/"},{"@type":"ListItem","position":2,"name":"Argentine Cooperation Opportunities Discussed at SZE"}]},{"@type":"Person","@id":"https:\/\/alumni.sze.hu\/en\/#\/schema\/person\/e80038ffd588d77e7ccd9bee4a6e445c","name":"KUP\u00d3-ZAJZON R\u00e9ka","image":{"@type":"ImageObject","@id":"https:\/\/alumni.sze.hu\/en\/#personlogo","inLanguage":"hu","url":"https:\/\/secure.gravatar.com\/avatar\/1084379bc06970c176085757561a2c46a3ed600c0f54ee76511c6ded24d31c0d?s=96&d=mm&r=g","contentUrl":"https:\/\/secure.gravatar.com\/avatar\/1084379bc06970c176085757561a2c46a3ed600c0f54ee76511c6ded24d31c0d?s=96&d=mm&r=g","caption":"KUP\u00d3-ZAJZON R\u00e9ka"},"url":"https:\/\/alumni.sze.hu\/en\/author\/kupore\/"}]}},"_links":{"self":[{"href":"https:\/\/alumni.sze.hu\/en\/wp-json\/wp\/v2\/posts\/10396","targetHints":{"allow":["GET"]}}],"collection":[{"href":"https:\/\/alumni.sze.hu\/en\/wp-json\/wp\/v2\/posts"}],"about":[{"href":"https:\/\/alumni.sze.hu\/en\/wp-json\/wp\/v2\/types\/post"}],"author":[{"embeddable":true,"href":"https:\/\/alumni.sze.hu\/en\/wp-json\/wp\/v2\/users\/22"}],"replies":[{"embeddable":true,"href":"https:\/\/alumni.sze.hu\/en\/wp-json\/wp\/v2\/comments?post=10396"}],"version-history":[{"count":1,"href":"https:\/\/alumni.sze.hu\/en\/wp-json\/wp\/v2\/posts\/10396\/revisions"}],"predecessor-version":[{"id":10399,"href":"https:\/\/alumni.sze.hu\/en\/wp-json\/wp\/v2\/posts\/10396\/revisions\/10399"}],"wp:featuredmedia":[{"embeddable":true,"href":"https:\/\/alumni.sze.hu\/en\/wp-json\/wp\/v2\/media\/10397"}],"wp:attachment":[{"href":"https:\/\/alumni.sze.hu\/en\/wp-json\/wp\/v2\/media?parent=10396"}],"wp:term":[{"taxonomy":"category","embeddable":true,"href":"https:\/\/alumni.sze.hu\/en\/wp-json\/wp\/v2\/categories?post=10396"},{"taxonomy":"post_tag","embeddable":true,"href":"https:\/\/alumni.sze.hu\/en\/wp-json\/wp\/v2\/tags?post=10396"}],"curies":[{"name":"wp","href":"https:\/\/api.w.org\/{rel}","templated":true}]}}