{"id":10391,"date":"2026-07-27T08:15:50","date_gmt":"2026-07-27T08:15:50","guid":{"rendered":"https:\/\/alumni.sze.hu\/en\/?p=10391"},"modified":"2026-07-27T08:15:52","modified_gmt":"2026-07-27T08:15:52","slug":"robotics-and-programming-sze-and-audi-hungaria-launch-their-summer-short-study-programme","status":"publish","type":"post","link":"https:\/\/alumni.sze.hu\/en\/robotics-and-programming-sze-and-audi-hungaria-launch-their-summer-short-study-programme\/","title":{"rendered":"Robotics and Programming: SZE and Audi Hungaria Launch Their Summer Short-Study Programme"},"content":{"rendered":"\n<p class=\"wp-block-paragraph\">Created: 2026.07.23. 10:50<\/p>\n\n\n\n<p class=\"wp-block-paragraph\"><strong>Thirty talented young people from seventeen countries have arrived in Gy\u0151r for the Audi Development Camp, the joint summer programme of Sz\u00e9chenyi Istv\u00e1n University and Audi Hungaria. During the programme, which runs from 20 to 27 July, participants work in international teams on a real robotics challenge provided by the company, while gaining insight into modern engineering development processes with the support of experienced mentors.<\/strong><\/p>\n\n\n\n<p class=\"wp-block-paragraph\">The Audi Development Camp, a joint initiative of Sz\u00e9chenyi Istv\u00e1n University and its largest corporate partner, Audi Hungaria, officially began with an opening ceremony held at the University\u2019s Gy\u0151r Innovation Park. This unique programme, now organised for the sixth time, welcomed thirty students selected through a multi-stage admission process. The participants represent eighteen universities from seventeen countries, including China, Italy, Germany, Portugal and T\u00fcrkiye.<\/p>\n\n\n\n<p class=\"wp-block-paragraph\">This year\u2019s camp focuses on robotics and programming. Working in interdisciplinary teams, the students are tasked with developing innovative solutions to an industrial robotics challenge defined by Audi Hungaria. Throughout the eight-day programme, three University mentors and one corporate mentor provide continuous guidance. As a result, participants not only acquire up-to-date technical knowledge but also gain valuable experience in international teamwork and project-based problem-solving.<\/p>\n\n\n\n<figure class=\"wp-block-image size-large\"><img loading=\"lazy\" decoding=\"async\" width=\"1024\" height=\"683\" src=\"https:\/\/alumni.sze.hu\/en\/wp-content\/uploads\/2026\/07\/Kep1-5-1024x683.jpg\" alt=\"\" class=\"wp-image-10392\" srcset=\"https:\/\/alumni.sze.hu\/en\/wp-content\/uploads\/2026\/07\/Kep1-5-1024x683.jpg 1024w, https:\/\/alumni.sze.hu\/en\/wp-content\/uploads\/2026\/07\/Kep1-5-300x200.jpg 300w, https:\/\/alumni.sze.hu\/en\/wp-content\/uploads\/2026\/07\/Kep1-5-768x512.jpg 768w, https:\/\/alumni.sze.hu\/en\/wp-content\/uploads\/2026\/07\/Kep1-5-1536x1024.jpg 1536w, https:\/\/alumni.sze.hu\/en\/wp-content\/uploads\/2026\/07\/Kep1-5-18x12.jpg 18w, https:\/\/alumni.sze.hu\/en\/wp-content\/uploads\/2026\/07\/Kep1-5.jpg 2048w\" sizes=\"auto, (max-width: 1024px) 100vw, 1024px\" \/><\/figure>\n\n\n\n<p class=\"has-text-align-center wp-block-paragraph\"><em>Participants of the 2026 Audi Development Camp in front of the Gy\u0151r Innovation Park building of Sz\u00e9chenyi Istv\u00e1n University (Photo: Andr\u00e1s Adorj\u00e1n)<\/em><\/p>\n\n\n\n<p class=\"wp-block-paragraph\">At the opening ceremony, Dr Tam\u00e1s Kolossv\u00e1ry, Head of the Gy\u0151r Innovation Park at Sz\u00e9chenyi Istv\u00e1n University, highlighted that the Audi Development Camp is one of the flagship initiatives of the more than 30-year partnership between the University and the company.&nbsp;<em>&#8222;We designed the programme to simultaneously develop technological expertise, collaboration and communication skills, as well as the capabilities essential in today\u2019s engineering labour market,&#8221;<\/em>&nbsp;he said.<\/p>\n\n\n\n<p class=\"wp-block-paragraph\">Dr G\u00e1bor Dogossy, Dean of the Audi Hungaria Faculty of Engineering, emphasised that the participating students had arrived from many outstanding universities around the world, bringing with them a wide range of professional knowledge and experience.&nbsp;<em>&#8222;The participants\u2019 diverse academic backgrounds, different cultures and perspectives are among the greatest strengths of this camp. I therefore encourage everyone to make the most of the opportunities offered by this international environment: learn not only from the lecturers and mentors, but also from one another,&#8221;<\/em>&nbsp;he advised.<\/p>\n\n\n\n<figure class=\"wp-block-image size-large\"><img loading=\"lazy\" decoding=\"async\" width=\"1024\" height=\"683\" src=\"https:\/\/alumni.sze.hu\/en\/wp-content\/uploads\/2026\/07\/Kep2-4-1024x683.jpg\" alt=\"\" class=\"wp-image-10394\" srcset=\"https:\/\/alumni.sze.hu\/en\/wp-content\/uploads\/2026\/07\/Kep2-4-1024x683.jpg 1024w, https:\/\/alumni.sze.hu\/en\/wp-content\/uploads\/2026\/07\/Kep2-4-300x200.jpg 300w, https:\/\/alumni.sze.hu\/en\/wp-content\/uploads\/2026\/07\/Kep2-4-768x512.jpg 768w, https:\/\/alumni.sze.hu\/en\/wp-content\/uploads\/2026\/07\/Kep2-4-1536x1024.jpg 1536w, https:\/\/alumni.sze.hu\/en\/wp-content\/uploads\/2026\/07\/Kep2-4-18x12.jpg 18w, https:\/\/alumni.sze.hu\/en\/wp-content\/uploads\/2026\/07\/Kep2-4.jpg 2048w\" sizes=\"auto, (max-width: 1024px) 100vw, 1024px\" \/><\/figure>\n\n\n\n<p class=\"has-text-align-center wp-block-paragraph\"><em>Dr G\u00e1bor Dogossy, Dean of the Audi Hungaria Faculty of Engineering, welcomed the admitted students (Photo: Andr\u00e1s Adorj\u00e1n)<\/em><\/p>\n\n\n\n<p class=\"wp-block-paragraph\">Dr Zolt\u00e1n Dobra, Head of Plant Steering-Car Manufacturing at Audi Hungaria\u2019s Vehicle Production Division, then pointed out that one of the greatest advantages of the cooperation between the University and the company is the opportunity for mutual learning and development.&nbsp;<em>&#8222;All participants in this camp are highly talented students who will be able to apply their theoretical knowledge in practice throughout the programme. Gy\u0151r is a city of encounters, and I hope that during the coming week everyone will demonstrate their knowledge, creativity and experience through the many opportunities for interactions that lie ahead, as we are also keen to see how the next generation approaches the solution of an industrial challenge,&#8221;<\/em>&nbsp;he stated.<\/p>\n\n\n\n<figure class=\"wp-block-image size-large\"><img loading=\"lazy\" decoding=\"async\" width=\"1024\" height=\"683\" src=\"https:\/\/alumni.sze.hu\/en\/wp-content\/uploads\/2026\/07\/Kep3-2-1024x683.jpg\" alt=\"\" class=\"wp-image-10393\" srcset=\"https:\/\/alumni.sze.hu\/en\/wp-content\/uploads\/2026\/07\/Kep3-2-1024x683.jpg 1024w, https:\/\/alumni.sze.hu\/en\/wp-content\/uploads\/2026\/07\/Kep3-2-300x200.jpg 300w, https:\/\/alumni.sze.hu\/en\/wp-content\/uploads\/2026\/07\/Kep3-2-768x512.jpg 768w, https:\/\/alumni.sze.hu\/en\/wp-content\/uploads\/2026\/07\/Kep3-2-1536x1024.jpg 1536w, https:\/\/alumni.sze.hu\/en\/wp-content\/uploads\/2026\/07\/Kep3-2-18x12.jpg 18w, https:\/\/alumni.sze.hu\/en\/wp-content\/uploads\/2026\/07\/Kep3-2.jpg 2048w\" sizes=\"auto, (max-width: 1024px) 100vw, 1024px\" \/><\/figure>\n\n\n\n<p class=\"has-text-align-center wp-block-paragraph\"><em>Dr Zolt\u00e1n Dobra, Head of Plant Steering-Car Manufacturing at Audi Hungaria, addressed the participating students (Photo: Andr\u00e1s Adorj\u00e1n)<\/em><\/p>\n\n\n\n<p class=\"wp-block-paragraph\">As in previous years, the professional programme is complemented by community-building events, providing opportunities for students from different parts of the world to get to know one another\u2019s cultures alongside their joint work. In this way, the Audi Development Camp offers both a high-quality professional development experience and the opportunity to become part of an international community environment, while further strengthening the long-term strategic partnership between Sz\u00e9chenyi Istv\u00e1n University and Audi Hungaria.<\/p>\n","protected":false},"excerpt":{"rendered":"<p>Created: 2026.07.23. 10:50 Thirty talented young people from seventeen countries have arrived in Gy\u0151r for the Audi Development Camp, the joint summer programme of Sz\u00e9chenyi Istv\u00e1n University and Audi Hungaria. &#8230;<\/p>\n","protected":false},"author":22,"featured_media":10392,"comment_status":"closed","ping_status":"open","sticky":false,"template":"","format":"standard","meta":{"footnotes":""},"categories":[24],"tags":[],"class_list":["post-10391","post","type-post","status-publish","format-standard","has-post-thumbnail","hentry","category-news"],"yoast_head":"<!-- This site is optimized with the Yoast SEO plugin v17.8 - https:\/\/yoast.com\/wordpress\/plugins\/seo\/ -->\n<title>Robotics and Programming: SZE and Audi Hungaria Launch Their Summer Short-Study Programme - SZE Alumni \u2013 Sz\u00e9chenyi Istv\u00e1n Egyetem<\/title>\n<meta name=\"robots\" content=\"index, follow, max-snippet:-1, max-image-preview:large, max-video-preview:-1\" \/>\n<link rel=\"canonical\" href=\"https:\/\/alumni.sze.hu\/en\/robotics-and-programming-sze-and-audi-hungaria-launch-their-summer-short-study-programme\/\" \/>\n<meta property=\"og:locale\" content=\"hu_HU\" \/>\n<meta property=\"og:type\" content=\"article\" \/>\n<meta property=\"og:title\" content=\"Robotics and Programming: SZE and Audi Hungaria Launch Their Summer Short-Study Programme - SZE Alumni \u2013 Sz\u00e9chenyi Istv\u00e1n Egyetem\" \/>\n<meta property=\"og:description\" content=\"Created: 2026.07.23. 10:50 Thirty talented young people from seventeen countries have arrived in Gy\u0151r for the Audi Development Camp, the joint summer programme of Sz\u00e9chenyi Istv\u00e1n University and Audi Hungaria. ...\" \/>\n<meta property=\"og:url\" content=\"https:\/\/alumni.sze.hu\/en\/robotics-and-programming-sze-and-audi-hungaria-launch-their-summer-short-study-programme\/\" \/>\n<meta property=\"og:site_name\" content=\"SZE Alumni \u2013 Sz\u00e9chenyi Istv\u00e1n Egyetem\" \/>\n<meta property=\"article:published_time\" content=\"2026-07-27T08:15:50+00:00\" \/>\n<meta property=\"article:modified_time\" content=\"2026-07-27T08:15:52+00:00\" \/>\n<meta property=\"og:image\" content=\"https:\/\/alumni.sze.hu\/en\/wp-content\/uploads\/2026\/07\/Kep1-5.jpg\" \/>\n\t<meta property=\"og:image:width\" content=\"2048\" \/>\n\t<meta property=\"og:image:height\" content=\"1365\" \/>\n<meta name=\"twitter:card\" content=\"summary_large_image\" \/>\n<meta name=\"twitter:label1\" content=\"Szerz\u0151:\" \/>\n\t<meta name=\"twitter:data1\" content=\"KUP\u00d3-ZAJZON R\u00e9ka\" \/>\n\t<meta name=\"twitter:label2\" content=\"Becs\u00fclt olvas\u00e1si id\u0151\" \/>\n\t<meta name=\"twitter:data2\" content=\"3 perc\" \/>\n<script type=\"application\/ld+json\" class=\"yoast-schema-graph\">{\"@context\":\"https:\/\/schema.org\",\"@graph\":[{\"@type\":\"WebSite\",\"@id\":\"https:\/\/alumni.sze.hu\/en\/#website\",\"url\":\"https:\/\/alumni.sze.hu\/en\/\",\"name\":\"SZE Alumni \\u2013 Sz\\u00e9chenyi Istv\\u00e1n Egyetem\",\"description\":\"SZE Alumni \\u2013 Sz\\u00e9chenyi Istv\\u00e1n Egyetem\",\"potentialAction\":[{\"@type\":\"SearchAction\",\"target\":{\"@type\":\"EntryPoint\",\"urlTemplate\":\"https:\/\/alumni.sze.hu\/en\/?s={search_term_string}\"},\"query-input\":\"required name=search_term_string\"}],\"inLanguage\":\"hu\"},{\"@type\":\"ImageObject\",\"@id\":\"https:\/\/alumni.sze.hu\/en\/robotics-and-programming-sze-and-audi-hungaria-launch-their-summer-short-study-programme\/#primaryimage\",\"inLanguage\":\"hu\",\"url\":\"https:\/\/alumni.sze.hu\/en\/wp-content\/uploads\/2026\/07\/Kep1-5.jpg\",\"contentUrl\":\"https:\/\/alumni.sze.hu\/en\/wp-content\/uploads\/2026\/07\/Kep1-5.jpg\",\"width\":2048,\"height\":1365,\"caption\":\"Participants of the 2026 Audi Development Camp in front of the Gy\\u0151r Innovation Park building of Sz\\u00e9chenyi Istv\\u00e1n University (Photo: Andr\\u00e1s Adorj\\u00e1n)\"},{\"@type\":\"WebPage\",\"@id\":\"https:\/\/alumni.sze.hu\/en\/robotics-and-programming-sze-and-audi-hungaria-launch-their-summer-short-study-programme\/#webpage\",\"url\":\"https:\/\/alumni.sze.hu\/en\/robotics-and-programming-sze-and-audi-hungaria-launch-their-summer-short-study-programme\/\",\"name\":\"Robotics and Programming: SZE and Audi Hungaria Launch Their Summer Short-Study Programme - SZE Alumni \\u2013 Sz\\u00e9chenyi Istv\\u00e1n Egyetem\",\"isPartOf\":{\"@id\":\"https:\/\/alumni.sze.hu\/en\/#website\"},\"primaryImageOfPage\":{\"@id\":\"https:\/\/alumni.sze.hu\/en\/robotics-and-programming-sze-and-audi-hungaria-launch-their-summer-short-study-programme\/#primaryimage\"},\"datePublished\":\"2026-07-27T08:15:50+00:00\",\"dateModified\":\"2026-07-27T08:15:52+00:00\",\"author\":{\"@id\":\"https:\/\/alumni.sze.hu\/en\/#\/schema\/person\/e80038ffd588d77e7ccd9bee4a6e445c\"},\"breadcrumb\":{\"@id\":\"https:\/\/alumni.sze.hu\/en\/robotics-and-programming-sze-and-audi-hungaria-launch-their-summer-short-study-programme\/#breadcrumb\"},\"inLanguage\":\"hu\",\"potentialAction\":[{\"@type\":\"ReadAction\",\"target\":[\"https:\/\/alumni.sze.hu\/en\/robotics-and-programming-sze-and-audi-hungaria-launch-their-summer-short-study-programme\/\"]}]},{\"@type\":\"BreadcrumbList\",\"@id\":\"https:\/\/alumni.sze.hu\/en\/robotics-and-programming-sze-and-audi-hungaria-launch-their-summer-short-study-programme\/#breadcrumb\",\"itemListElement\":[{\"@type\":\"ListItem\",\"position\":1,\"name\":\"Homepage\",\"item\":\"https:\/\/alumni.sze.hu\/en\/\"},{\"@type\":\"ListItem\",\"position\":2,\"name\":\"Robotics and Programming: SZE and Audi Hungaria Launch Their Summer Short-Study Programme\"}]},{\"@type\":\"Person\",\"@id\":\"https:\/\/alumni.sze.hu\/en\/#\/schema\/person\/e80038ffd588d77e7ccd9bee4a6e445c\",\"name\":\"KUP\\u00d3-ZAJZON R\\u00e9ka\",\"image\":{\"@type\":\"ImageObject\",\"@id\":\"https:\/\/alumni.sze.hu\/en\/#personlogo\",\"inLanguage\":\"hu\",\"url\":\"https:\/\/secure.gravatar.com\/avatar\/1084379bc06970c176085757561a2c46a3ed600c0f54ee76511c6ded24d31c0d?s=96&d=mm&r=g\",\"contentUrl\":\"https:\/\/secure.gravatar.com\/avatar\/1084379bc06970c176085757561a2c46a3ed600c0f54ee76511c6ded24d31c0d?s=96&d=mm&r=g\",\"caption\":\"KUP\\u00d3-ZAJZON R\\u00e9ka\"},\"url\":\"https:\/\/alumni.sze.hu\/en\/author\/kupore\/\"}]}<\/script>\n<!-- \/ Yoast SEO plugin. -->","yoast_head_json":{"title":"Robotics and Programming: SZE and Audi Hungaria Launch Their Summer Short-Study Programme - SZE Alumni \u2013 Sz\u00e9chenyi Istv\u00e1n Egyetem","robots":{"index":"index","follow":"follow","max-snippet":"max-snippet:-1","max-image-preview":"max-image-preview:large","max-video-preview":"max-video-preview:-1"},"canonical":"https:\/\/alumni.sze.hu\/en\/robotics-and-programming-sze-and-audi-hungaria-launch-their-summer-short-study-programme\/","og_locale":"hu_HU","og_type":"article","og_title":"Robotics and Programming: SZE and Audi Hungaria Launch Their Summer Short-Study Programme - SZE Alumni \u2013 Sz\u00e9chenyi Istv\u00e1n Egyetem","og_description":"Created: 2026.07.23. 10:50 Thirty talented young people from seventeen countries have arrived in Gy\u0151r for the Audi Development Camp, the joint summer programme of Sz\u00e9chenyi Istv\u00e1n University and Audi Hungaria. ...","og_url":"https:\/\/alumni.sze.hu\/en\/robotics-and-programming-sze-and-audi-hungaria-launch-their-summer-short-study-programme\/","og_site_name":"SZE Alumni \u2013 Sz\u00e9chenyi Istv\u00e1n Egyetem","article_published_time":"2026-07-27T08:15:50+00:00","article_modified_time":"2026-07-27T08:15:52+00:00","og_image":[{"width":2048,"height":1365,"url":"https:\/\/alumni.sze.hu\/en\/wp-content\/uploads\/2026\/07\/Kep1-5.jpg","type":"image\/jpeg"}],"twitter_card":"summary_large_image","twitter_misc":{"Szerz\u0151:":"KUP\u00d3-ZAJZON R\u00e9ka","Becs\u00fclt olvas\u00e1si id\u0151":"3 perc"},"schema":{"@context":"https:\/\/schema.org","@graph":[{"@type":"WebSite","@id":"https:\/\/alumni.sze.hu\/en\/#website","url":"https:\/\/alumni.sze.hu\/en\/","name":"SZE Alumni \u2013 Sz\u00e9chenyi Istv\u00e1n Egyetem","description":"SZE Alumni \u2013 Sz\u00e9chenyi Istv\u00e1n Egyetem","potentialAction":[{"@type":"SearchAction","target":{"@type":"EntryPoint","urlTemplate":"https:\/\/alumni.sze.hu\/en\/?s={search_term_string}"},"query-input":"required name=search_term_string"}],"inLanguage":"hu"},{"@type":"ImageObject","@id":"https:\/\/alumni.sze.hu\/en\/robotics-and-programming-sze-and-audi-hungaria-launch-their-summer-short-study-programme\/#primaryimage","inLanguage":"hu","url":"https:\/\/alumni.sze.hu\/en\/wp-content\/uploads\/2026\/07\/Kep1-5.jpg","contentUrl":"https:\/\/alumni.sze.hu\/en\/wp-content\/uploads\/2026\/07\/Kep1-5.jpg","width":2048,"height":1365,"caption":"Participants of the 2026 Audi Development Camp in front of the Gy\u0151r Innovation Park building of Sz\u00e9chenyi Istv\u00e1n University (Photo: Andr\u00e1s Adorj\u00e1n)"},{"@type":"WebPage","@id":"https:\/\/alumni.sze.hu\/en\/robotics-and-programming-sze-and-audi-hungaria-launch-their-summer-short-study-programme\/#webpage","url":"https:\/\/alumni.sze.hu\/en\/robotics-and-programming-sze-and-audi-hungaria-launch-their-summer-short-study-programme\/","name":"Robotics and Programming: SZE and Audi Hungaria Launch Their Summer Short-Study Programme - SZE Alumni \u2013 Sz\u00e9chenyi Istv\u00e1n Egyetem","isPartOf":{"@id":"https:\/\/alumni.sze.hu\/en\/#website"},"primaryImageOfPage":{"@id":"https:\/\/alumni.sze.hu\/en\/robotics-and-programming-sze-and-audi-hungaria-launch-their-summer-short-study-programme\/#primaryimage"},"datePublished":"2026-07-27T08:15:50+00:00","dateModified":"2026-07-27T08:15:52+00:00","author":{"@id":"https:\/\/alumni.sze.hu\/en\/#\/schema\/person\/e80038ffd588d77e7ccd9bee4a6e445c"},"breadcrumb":{"@id":"https:\/\/alumni.sze.hu\/en\/robotics-and-programming-sze-and-audi-hungaria-launch-their-summer-short-study-programme\/#breadcrumb"},"inLanguage":"hu","potentialAction":[{"@type":"ReadAction","target":["https:\/\/alumni.sze.hu\/en\/robotics-and-programming-sze-and-audi-hungaria-launch-their-summer-short-study-programme\/"]}]},{"@type":"BreadcrumbList","@id":"https:\/\/alumni.sze.hu\/en\/robotics-and-programming-sze-and-audi-hungaria-launch-their-summer-short-study-programme\/#breadcrumb","itemListElement":[{"@type":"ListItem","position":1,"name":"Homepage","item":"https:\/\/alumni.sze.hu\/en\/"},{"@type":"ListItem","position":2,"name":"Robotics and Programming: SZE and Audi Hungaria Launch Their Summer Short-Study Programme"}]},{"@type":"Person","@id":"https:\/\/alumni.sze.hu\/en\/#\/schema\/person\/e80038ffd588d77e7ccd9bee4a6e445c","name":"KUP\u00d3-ZAJZON R\u00e9ka","image":{"@type":"ImageObject","@id":"https:\/\/alumni.sze.hu\/en\/#personlogo","inLanguage":"hu","url":"https:\/\/secure.gravatar.com\/avatar\/1084379bc06970c176085757561a2c46a3ed600c0f54ee76511c6ded24d31c0d?s=96&d=mm&r=g","contentUrl":"https:\/\/secure.gravatar.com\/avatar\/1084379bc06970c176085757561a2c46a3ed600c0f54ee76511c6ded24d31c0d?s=96&d=mm&r=g","caption":"KUP\u00d3-ZAJZON R\u00e9ka"},"url":"https:\/\/alumni.sze.hu\/en\/author\/kupore\/"}]}},"_links":{"self":[{"href":"https:\/\/alumni.sze.hu\/en\/wp-json\/wp\/v2\/posts\/10391","targetHints":{"allow":["GET"]}}],"collection":[{"href":"https:\/\/alumni.sze.hu\/en\/wp-json\/wp\/v2\/posts"}],"about":[{"href":"https:\/\/alumni.sze.hu\/en\/wp-json\/wp\/v2\/types\/post"}],"author":[{"embeddable":true,"href":"https:\/\/alumni.sze.hu\/en\/wp-json\/wp\/v2\/users\/22"}],"replies":[{"embeddable":true,"href":"https:\/\/alumni.sze.hu\/en\/wp-json\/wp\/v2\/comments?post=10391"}],"version-history":[{"count":1,"href":"https:\/\/alumni.sze.hu\/en\/wp-json\/wp\/v2\/posts\/10391\/revisions"}],"predecessor-version":[{"id":10395,"href":"https:\/\/alumni.sze.hu\/en\/wp-json\/wp\/v2\/posts\/10391\/revisions\/10395"}],"wp:featuredmedia":[{"embeddable":true,"href":"https:\/\/alumni.sze.hu\/en\/wp-json\/wp\/v2\/media\/10392"}],"wp:attachment":[{"href":"https:\/\/alumni.sze.hu\/en\/wp-json\/wp\/v2\/media?parent=10391"}],"wp:term":[{"taxonomy":"category","embeddable":true,"href":"https:\/\/alumni.sze.hu\/en\/wp-json\/wp\/v2\/categories?post=10391"},{"taxonomy":"post_tag","embeddable":true,"href":"https:\/\/alumni.sze.hu\/en\/wp-json\/wp\/v2\/tags?post=10391"}],"curies":[{"name":"wp","href":"https:\/\/api.w.org\/{rel}","templated":true}]}}