{"id":10387,"date":"2026-07-27T08:12:15","date_gmt":"2026-07-27T08:12:15","guid":{"rendered":"https:\/\/alumni.sze.hu\/en\/?p=10387"},"modified":"2026-07-27T08:12:17","modified_gmt":"2026-07-27T08:12:17","slug":"sze-alumnis-modular-childrens-furniture-receives-hungarian-and-international-design-protection","status":"publish","type":"post","link":"https:\/\/alumni.sze.hu\/en\/sze-alumnis-modular-childrens-furniture-receives-hungarian-and-international-design-protection\/","title":{"rendered":"SZE Alumni\u2019s Modular Children\u2019s Furniture Receives Hungarian and International Design Protection"},"content":{"rendered":"\n<p class=\"wp-block-paragraph\">Created: 2026.07.23. 10:40<\/p>\n\n\n\n<p class=\"wp-block-paragraph\"><strong>Hajnalka G\u00f3lya, a product design graduate of Sz\u00e9chenyi Istv\u00e1n University who completed her studies last year, has designed a modular piece of children&#8217;s furniture that adapts to a child&#8217;s changing needs from infancy through to school age. The concept, which combines four functions in a single product, has received both Hungarian and international design protection, with manufacturing and testing expected to be the next stages of development.<\/strong><\/p>\n\n\n\n<p class=\"wp-block-paragraph\">Within the practice-oriented programmes of Sz\u00e9chenyi Istv\u00e1n University, particular emphasis is placed on projects that encourage students to develop practical and sustainable solutions to real social, lifestyle and environmental challenges. In the Bachelor&#8217;s programme in Product Design, this approach is supported by the human-centred, problem-solving methodology of design thinking. Students progress from analysing problems and target groups to assessing user needs and ultimately developing prototypes.<\/p>\n\n\n\n<p class=\"wp-block-paragraph\">Hajnalka G\u00f3lya&#8217;s concept began as a graduation project. It was inspired by a simple everyday observation: as children grow, families often need to purchase new furniture repeatedly, while finding space to store outgrown items can also become problematic. During the development of the prototype, ergonomic and safety considerations associated with different stages of childhood, as well as European Union standards, were taken into account. Natural materials, durability and sustainability were key priorities throughout the design process. As a result, the former student worked with steamed beech wood and applied a child-friendly orange-oil surface finish.<\/p>\n\n\n\n<figure class=\"wp-block-image size-large\"><img loading=\"lazy\" decoding=\"async\" width=\"1024\" height=\"683\" src=\"https:\/\/alumni.sze.hu\/en\/wp-content\/uploads\/2026\/07\/Kep1-4-1024x683.jpg\" alt=\"\" class=\"wp-image-10389\" srcset=\"https:\/\/alumni.sze.hu\/en\/wp-content\/uploads\/2026\/07\/Kep1-4-1024x683.jpg 1024w, https:\/\/alumni.sze.hu\/en\/wp-content\/uploads\/2026\/07\/Kep1-4-300x200.jpg 300w, https:\/\/alumni.sze.hu\/en\/wp-content\/uploads\/2026\/07\/Kep1-4-768x512.jpg 768w, https:\/\/alumni.sze.hu\/en\/wp-content\/uploads\/2026\/07\/Kep1-4-1536x1024.jpg 1536w, https:\/\/alumni.sze.hu\/en\/wp-content\/uploads\/2026\/07\/Kep1-4-18x12.jpg 18w, https:\/\/alumni.sze.hu\/en\/wp-content\/uploads\/2026\/07\/Kep1-4.jpg 2048w\" sizes=\"auto, (max-width: 1024px) 100vw, 1024px\" \/><\/figure>\n\n\n\n<p class=\"has-text-align-center wp-block-paragraph\"><em>Hajnalka G\u00f3lya began developing the product, which has since received both Hungarian and international design protection, during her studies at Sz\u00e9chenyi Istv\u00e1n University. A 1:2 scale model is shown in the photograph (Photo: Andr\u00e1s Adorj\u00e1n)<\/em><\/p>\n\n\n\n<p class=\"wp-block-paragraph\"><em>\u201cThe furniture can be configured in several ways as a child grows. Initially, it functions as a cradle, later as a cot, then as a toddler bed, and finally it can be transformed into a desk. The individual components can be reconfigured easily, and only a single Allen key is required for assembly,\u201d<\/em>&nbsp;said Hajnalka G\u00f3lya.<\/p>\n\n\n\n<p class=\"wp-block-paragraph\"><em>\u201cParticular attention was paid to European Union safety standards relating to children&#8217;s furniture, as well as ensuring the structure remains durable over the long term. We examined, for example, anti-entrapment features and suitable materials. It was important that none of the functions involved a compromise, but rather that each stage provided a fully functional and practical solution,\u201d<\/em>&nbsp;emphasised Lehel Juhos, Cooperative Researcher at the University&#8217;s Design Campus Competence Centre and supervisor of the graduation project.<\/p>\n\n\n\n<p class=\"wp-block-paragraph\">The modular children&#8217;s furniture recently received international design protection in addition to Hungarian registration.&nbsp;<em>\u201cThe most important stages of product development have already been completed: research, concept development, model construction and intellectual property protection are all in place. The next steps may include detailed technical development, prototype testing and preparation for manufacturing,\u201d<\/em>&nbsp;highlighted Hajnalka G\u00f3lya, who is currently studying on the&nbsp;<em>Product and Furniture Design<\/em>&nbsp;Master&#8217;s programme at Kingston University London. Alongside her international studies, she is also working to identify manufacturing partners, as her long-term goal is to bring the product to the Hungarian and international markets.<\/p>\n\n\n\n<figure class=\"wp-block-image size-large\"><img loading=\"lazy\" decoding=\"async\" width=\"1024\" height=\"683\" src=\"https:\/\/alumni.sze.hu\/en\/wp-content\/uploads\/2026\/07\/Kep2-3-1024x683.jpg\" alt=\"\" class=\"wp-image-10388\" srcset=\"https:\/\/alumni.sze.hu\/en\/wp-content\/uploads\/2026\/07\/Kep2-3-1024x683.jpg 1024w, https:\/\/alumni.sze.hu\/en\/wp-content\/uploads\/2026\/07\/Kep2-3-300x200.jpg 300w, https:\/\/alumni.sze.hu\/en\/wp-content\/uploads\/2026\/07\/Kep2-3-768x512.jpg 768w, https:\/\/alumni.sze.hu\/en\/wp-content\/uploads\/2026\/07\/Kep2-3-1536x1024.jpg 1536w, https:\/\/alumni.sze.hu\/en\/wp-content\/uploads\/2026\/07\/Kep2-3-18x12.jpg 18w, https:\/\/alumni.sze.hu\/en\/wp-content\/uploads\/2026\/07\/Kep2-3.jpg 2048w\" sizes=\"auto, (max-width: 1024px) 100vw, 1024px\" \/><\/figure>\n\n\n\n<p class=\"has-text-align-center wp-block-paragraph\"><em>The furniture is unique in that, using only a single Allen key, it can be converted from a cradle into a cot, a desk, and even a children&#8217;s bed (Photo: Andr\u00e1s Adorj\u00e1n)<\/em><\/p>\n","protected":false},"excerpt":{"rendered":"<p>Created: 2026.07.23. 10:40 Hajnalka G\u00f3lya, a product design graduate of Sz\u00e9chenyi Istv\u00e1n University who completed her studies last year, has designed a modular piece of children&#8217;s furniture that adapts to &#8230;<\/p>\n","protected":false},"author":22,"featured_media":10389,"comment_status":"closed","ping_status":"open","sticky":false,"template":"","format":"standard","meta":{"footnotes":""},"categories":[24],"tags":[],"class_list":["post-10387","post","type-post","status-publish","format-standard","has-post-thumbnail","hentry","category-news"],"yoast_head":"<!-- This site is optimized with the Yoast SEO plugin v17.8 - https:\/\/yoast.com\/wordpress\/plugins\/seo\/ -->\n<title>SZE Alumni\u2019s Modular Children\u2019s Furniture Receives Hungarian and International Design Protection - SZE Alumni \u2013 Sz\u00e9chenyi Istv\u00e1n Egyetem<\/title>\n<meta name=\"robots\" content=\"index, follow, max-snippet:-1, max-image-preview:large, max-video-preview:-1\" \/>\n<link rel=\"canonical\" href=\"https:\/\/alumni.sze.hu\/en\/sze-alumnis-modular-childrens-furniture-receives-hungarian-and-international-design-protection\/\" \/>\n<meta property=\"og:locale\" content=\"hu_HU\" \/>\n<meta property=\"og:type\" content=\"article\" \/>\n<meta property=\"og:title\" content=\"SZE Alumni\u2019s Modular Children\u2019s Furniture Receives Hungarian and International Design Protection - SZE Alumni \u2013 Sz\u00e9chenyi Istv\u00e1n Egyetem\" \/>\n<meta property=\"og:description\" content=\"Created: 2026.07.23. 10:40 Hajnalka G\u00f3lya, a product design graduate of Sz\u00e9chenyi Istv\u00e1n University who completed her studies last year, has designed a modular piece of children&#8217;s furniture that adapts to ...\" \/>\n<meta property=\"og:url\" content=\"https:\/\/alumni.sze.hu\/en\/sze-alumnis-modular-childrens-furniture-receives-hungarian-and-international-design-protection\/\" \/>\n<meta property=\"og:site_name\" content=\"SZE Alumni \u2013 Sz\u00e9chenyi Istv\u00e1n Egyetem\" \/>\n<meta property=\"article:published_time\" content=\"2026-07-27T08:12:15+00:00\" \/>\n<meta property=\"article:modified_time\" content=\"2026-07-27T08:12:17+00:00\" \/>\n<meta property=\"og:image\" content=\"https:\/\/alumni.sze.hu\/en\/wp-content\/uploads\/2026\/07\/Kep1-4.jpg\" \/>\n\t<meta property=\"og:image:width\" content=\"2048\" \/>\n\t<meta property=\"og:image:height\" content=\"1365\" \/>\n<meta name=\"twitter:card\" content=\"summary_large_image\" \/>\n<meta name=\"twitter:label1\" content=\"Szerz\u0151:\" \/>\n\t<meta name=\"twitter:data1\" content=\"KUP\u00d3-ZAJZON R\u00e9ka\" \/>\n\t<meta name=\"twitter:label2\" content=\"Becs\u00fclt olvas\u00e1si id\u0151\" \/>\n\t<meta name=\"twitter:data2\" content=\"3 perc\" \/>\n<script type=\"application\/ld+json\" class=\"yoast-schema-graph\">{\"@context\":\"https:\/\/schema.org\",\"@graph\":[{\"@type\":\"WebSite\",\"@id\":\"https:\/\/alumni.sze.hu\/en\/#website\",\"url\":\"https:\/\/alumni.sze.hu\/en\/\",\"name\":\"SZE Alumni \\u2013 Sz\\u00e9chenyi Istv\\u00e1n Egyetem\",\"description\":\"SZE Alumni \\u2013 Sz\\u00e9chenyi Istv\\u00e1n Egyetem\",\"potentialAction\":[{\"@type\":\"SearchAction\",\"target\":{\"@type\":\"EntryPoint\",\"urlTemplate\":\"https:\/\/alumni.sze.hu\/en\/?s={search_term_string}\"},\"query-input\":\"required name=search_term_string\"}],\"inLanguage\":\"hu\"},{\"@type\":\"ImageObject\",\"@id\":\"https:\/\/alumni.sze.hu\/en\/sze-alumnis-modular-childrens-furniture-receives-hungarian-and-international-design-protection\/#primaryimage\",\"inLanguage\":\"hu\",\"url\":\"https:\/\/alumni.sze.hu\/en\/wp-content\/uploads\/2026\/07\/Kep1-4.jpg\",\"contentUrl\":\"https:\/\/alumni.sze.hu\/en\/wp-content\/uploads\/2026\/07\/Kep1-4.jpg\",\"width\":2048,\"height\":1365,\"caption\":\"Hajnalka G\\u00f3lya began developing the product, which has since received both Hungarian and international design protection, during her studies at Sz\\u00e9chenyi Istv\\u00e1n University. A 1:2 scale model is shown in the photograph (Photo: Andr\\u00e1s Adorj\\u00e1n)\"},{\"@type\":\"WebPage\",\"@id\":\"https:\/\/alumni.sze.hu\/en\/sze-alumnis-modular-childrens-furniture-receives-hungarian-and-international-design-protection\/#webpage\",\"url\":\"https:\/\/alumni.sze.hu\/en\/sze-alumnis-modular-childrens-furniture-receives-hungarian-and-international-design-protection\/\",\"name\":\"SZE Alumni\\u2019s Modular Children\\u2019s Furniture Receives Hungarian and International Design Protection - SZE Alumni \\u2013 Sz\\u00e9chenyi Istv\\u00e1n Egyetem\",\"isPartOf\":{\"@id\":\"https:\/\/alumni.sze.hu\/en\/#website\"},\"primaryImageOfPage\":{\"@id\":\"https:\/\/alumni.sze.hu\/en\/sze-alumnis-modular-childrens-furniture-receives-hungarian-and-international-design-protection\/#primaryimage\"},\"datePublished\":\"2026-07-27T08:12:15+00:00\",\"dateModified\":\"2026-07-27T08:12:17+00:00\",\"author\":{\"@id\":\"https:\/\/alumni.sze.hu\/en\/#\/schema\/person\/e80038ffd588d77e7ccd9bee4a6e445c\"},\"breadcrumb\":{\"@id\":\"https:\/\/alumni.sze.hu\/en\/sze-alumnis-modular-childrens-furniture-receives-hungarian-and-international-design-protection\/#breadcrumb\"},\"inLanguage\":\"hu\",\"potentialAction\":[{\"@type\":\"ReadAction\",\"target\":[\"https:\/\/alumni.sze.hu\/en\/sze-alumnis-modular-childrens-furniture-receives-hungarian-and-international-design-protection\/\"]}]},{\"@type\":\"BreadcrumbList\",\"@id\":\"https:\/\/alumni.sze.hu\/en\/sze-alumnis-modular-childrens-furniture-receives-hungarian-and-international-design-protection\/#breadcrumb\",\"itemListElement\":[{\"@type\":\"ListItem\",\"position\":1,\"name\":\"Homepage\",\"item\":\"https:\/\/alumni.sze.hu\/en\/\"},{\"@type\":\"ListItem\",\"position\":2,\"name\":\"SZE Alumni\\u2019s Modular Children\\u2019s Furniture Receives Hungarian and International Design Protection\"}]},{\"@type\":\"Person\",\"@id\":\"https:\/\/alumni.sze.hu\/en\/#\/schema\/person\/e80038ffd588d77e7ccd9bee4a6e445c\",\"name\":\"KUP\\u00d3-ZAJZON R\\u00e9ka\",\"image\":{\"@type\":\"ImageObject\",\"@id\":\"https:\/\/alumni.sze.hu\/en\/#personlogo\",\"inLanguage\":\"hu\",\"url\":\"https:\/\/secure.gravatar.com\/avatar\/1084379bc06970c176085757561a2c46a3ed600c0f54ee76511c6ded24d31c0d?s=96&d=mm&r=g\",\"contentUrl\":\"https:\/\/secure.gravatar.com\/avatar\/1084379bc06970c176085757561a2c46a3ed600c0f54ee76511c6ded24d31c0d?s=96&d=mm&r=g\",\"caption\":\"KUP\\u00d3-ZAJZON R\\u00e9ka\"},\"url\":\"https:\/\/alumni.sze.hu\/en\/author\/kupore\/\"}]}<\/script>\n<!-- \/ Yoast SEO plugin. -->","yoast_head_json":{"title":"SZE Alumni\u2019s Modular Children\u2019s Furniture Receives Hungarian and International Design Protection - SZE Alumni \u2013 Sz\u00e9chenyi Istv\u00e1n Egyetem","robots":{"index":"index","follow":"follow","max-snippet":"max-snippet:-1","max-image-preview":"max-image-preview:large","max-video-preview":"max-video-preview:-1"},"canonical":"https:\/\/alumni.sze.hu\/en\/sze-alumnis-modular-childrens-furniture-receives-hungarian-and-international-design-protection\/","og_locale":"hu_HU","og_type":"article","og_title":"SZE Alumni\u2019s Modular Children\u2019s Furniture Receives Hungarian and International Design Protection - SZE Alumni \u2013 Sz\u00e9chenyi Istv\u00e1n Egyetem","og_description":"Created: 2026.07.23. 10:40 Hajnalka G\u00f3lya, a product design graduate of Sz\u00e9chenyi Istv\u00e1n University who completed her studies last year, has designed a modular piece of children&#8217;s furniture that adapts to ...","og_url":"https:\/\/alumni.sze.hu\/en\/sze-alumnis-modular-childrens-furniture-receives-hungarian-and-international-design-protection\/","og_site_name":"SZE Alumni \u2013 Sz\u00e9chenyi Istv\u00e1n Egyetem","article_published_time":"2026-07-27T08:12:15+00:00","article_modified_time":"2026-07-27T08:12:17+00:00","og_image":[{"width":2048,"height":1365,"url":"https:\/\/alumni.sze.hu\/en\/wp-content\/uploads\/2026\/07\/Kep1-4.jpg","type":"image\/jpeg"}],"twitter_card":"summary_large_image","twitter_misc":{"Szerz\u0151:":"KUP\u00d3-ZAJZON R\u00e9ka","Becs\u00fclt olvas\u00e1si id\u0151":"3 perc"},"schema":{"@context":"https:\/\/schema.org","@graph":[{"@type":"WebSite","@id":"https:\/\/alumni.sze.hu\/en\/#website","url":"https:\/\/alumni.sze.hu\/en\/","name":"SZE Alumni \u2013 Sz\u00e9chenyi Istv\u00e1n Egyetem","description":"SZE Alumni \u2013 Sz\u00e9chenyi Istv\u00e1n Egyetem","potentialAction":[{"@type":"SearchAction","target":{"@type":"EntryPoint","urlTemplate":"https:\/\/alumni.sze.hu\/en\/?s={search_term_string}"},"query-input":"required name=search_term_string"}],"inLanguage":"hu"},{"@type":"ImageObject","@id":"https:\/\/alumni.sze.hu\/en\/sze-alumnis-modular-childrens-furniture-receives-hungarian-and-international-design-protection\/#primaryimage","inLanguage":"hu","url":"https:\/\/alumni.sze.hu\/en\/wp-content\/uploads\/2026\/07\/Kep1-4.jpg","contentUrl":"https:\/\/alumni.sze.hu\/en\/wp-content\/uploads\/2026\/07\/Kep1-4.jpg","width":2048,"height":1365,"caption":"Hajnalka G\u00f3lya began developing the product, which has since received both Hungarian and international design protection, during her studies at Sz\u00e9chenyi Istv\u00e1n University. A 1:2 scale model is shown in the photograph (Photo: Andr\u00e1s Adorj\u00e1n)"},{"@type":"WebPage","@id":"https:\/\/alumni.sze.hu\/en\/sze-alumnis-modular-childrens-furniture-receives-hungarian-and-international-design-protection\/#webpage","url":"https:\/\/alumni.sze.hu\/en\/sze-alumnis-modular-childrens-furniture-receives-hungarian-and-international-design-protection\/","name":"SZE Alumni\u2019s Modular Children\u2019s Furniture Receives Hungarian and International Design Protection - SZE Alumni \u2013 Sz\u00e9chenyi Istv\u00e1n Egyetem","isPartOf":{"@id":"https:\/\/alumni.sze.hu\/en\/#website"},"primaryImageOfPage":{"@id":"https:\/\/alumni.sze.hu\/en\/sze-alumnis-modular-childrens-furniture-receives-hungarian-and-international-design-protection\/#primaryimage"},"datePublished":"2026-07-27T08:12:15+00:00","dateModified":"2026-07-27T08:12:17+00:00","author":{"@id":"https:\/\/alumni.sze.hu\/en\/#\/schema\/person\/e80038ffd588d77e7ccd9bee4a6e445c"},"breadcrumb":{"@id":"https:\/\/alumni.sze.hu\/en\/sze-alumnis-modular-childrens-furniture-receives-hungarian-and-international-design-protection\/#breadcrumb"},"inLanguage":"hu","potentialAction":[{"@type":"ReadAction","target":["https:\/\/alumni.sze.hu\/en\/sze-alumnis-modular-childrens-furniture-receives-hungarian-and-international-design-protection\/"]}]},{"@type":"BreadcrumbList","@id":"https:\/\/alumni.sze.hu\/en\/sze-alumnis-modular-childrens-furniture-receives-hungarian-and-international-design-protection\/#breadcrumb","itemListElement":[{"@type":"ListItem","position":1,"name":"Homepage","item":"https:\/\/alumni.sze.hu\/en\/"},{"@type":"ListItem","position":2,"name":"SZE Alumni\u2019s Modular Children\u2019s Furniture Receives Hungarian and International Design Protection"}]},{"@type":"Person","@id":"https:\/\/alumni.sze.hu\/en\/#\/schema\/person\/e80038ffd588d77e7ccd9bee4a6e445c","name":"KUP\u00d3-ZAJZON R\u00e9ka","image":{"@type":"ImageObject","@id":"https:\/\/alumni.sze.hu\/en\/#personlogo","inLanguage":"hu","url":"https:\/\/secure.gravatar.com\/avatar\/1084379bc06970c176085757561a2c46a3ed600c0f54ee76511c6ded24d31c0d?s=96&d=mm&r=g","contentUrl":"https:\/\/secure.gravatar.com\/avatar\/1084379bc06970c176085757561a2c46a3ed600c0f54ee76511c6ded24d31c0d?s=96&d=mm&r=g","caption":"KUP\u00d3-ZAJZON R\u00e9ka"},"url":"https:\/\/alumni.sze.hu\/en\/author\/kupore\/"}]}},"_links":{"self":[{"href":"https:\/\/alumni.sze.hu\/en\/wp-json\/wp\/v2\/posts\/10387","targetHints":{"allow":["GET"]}}],"collection":[{"href":"https:\/\/alumni.sze.hu\/en\/wp-json\/wp\/v2\/posts"}],"about":[{"href":"https:\/\/alumni.sze.hu\/en\/wp-json\/wp\/v2\/types\/post"}],"author":[{"embeddable":true,"href":"https:\/\/alumni.sze.hu\/en\/wp-json\/wp\/v2\/users\/22"}],"replies":[{"embeddable":true,"href":"https:\/\/alumni.sze.hu\/en\/wp-json\/wp\/v2\/comments?post=10387"}],"version-history":[{"count":1,"href":"https:\/\/alumni.sze.hu\/en\/wp-json\/wp\/v2\/posts\/10387\/revisions"}],"predecessor-version":[{"id":10390,"href":"https:\/\/alumni.sze.hu\/en\/wp-json\/wp\/v2\/posts\/10387\/revisions\/10390"}],"wp:featuredmedia":[{"embeddable":true,"href":"https:\/\/alumni.sze.hu\/en\/wp-json\/wp\/v2\/media\/10389"}],"wp:attachment":[{"href":"https:\/\/alumni.sze.hu\/en\/wp-json\/wp\/v2\/media?parent=10387"}],"wp:term":[{"taxonomy":"category","embeddable":true,"href":"https:\/\/alumni.sze.hu\/en\/wp-json\/wp\/v2\/categories?post=10387"},{"taxonomy":"post_tag","embeddable":true,"href":"https:\/\/alumni.sze.hu\/en\/wp-json\/wp\/v2\/tags?post=10387"}],"curies":[{"name":"wp","href":"https:\/\/api.w.org\/{rel}","templated":true}]}}