{"id":10324,"date":"2026-07-27T07:38:06","date_gmt":"2026-07-27T07:38:06","guid":{"rendered":"https:\/\/alumni.sze.hu\/en\/?p=10324"},"modified":"2026-07-27T07:38:10","modified_gmt":"2026-07-27T07:38:10","slug":"diplomas-awarded-and-doctors-of-law-conferred-at-faculty-of-law-and-political-sciences-of-sze","status":"publish","type":"post","link":"https:\/\/alumni.sze.hu\/en\/diplomas-awarded-and-doctors-of-law-conferred-at-faculty-of-law-and-political-sciences-of-sze\/","title":{"rendered":"Diplomas Awarded and Doctors of Law Conferred at Faculty of Law and Political Sciences of SZE"},"content":{"rendered":"\n<p class=\"wp-block-paragraph\">Created: 2026.07.17. 10:35<\/p>\n\n\n\n<p class=\"wp-block-paragraph\"><strong>A total of 356 graduating students of the De\u00e1k Ferenc Faculty of Law and Political Sciences at Sz\u00e9chenyi Istv\u00e1n University received their diplomas during two ceremonies held on 15 July at the Gy\u0151r University Sports Hall. Outstanding students were recognised for their academic, scientific and community achievements, while the newly graduated law students were formally conferred the title of Doctor of Law during the afternoon ceremony.<\/strong><\/p>\n\n\n\n<p class=\"wp-block-paragraph\">At the morning ceremony, Dr Roland Kelemen, Head of Department and Programme Mentor of the Master&#8217;s programme in Modern Technologies and Cybersecurity Law, as well as the postgraduate programme in Cybersecurity Law, welcomed the graduates. In his address, he emphasised that technological development is advancing at an unprecedented pace, to which legal and political sciences must also respond.&nbsp;<em>&#8222;In the knowledge-intensive economy, digital competences are becoming fundamental skills. Engineers, lawyers, educators and social professionals must work together to ensure that vulnerable groups are not excluded but can continue to be valuable members of society,&#8221;<\/em>&nbsp;he explained. He added that, in this spirit, Sz\u00e9chenyi Istv\u00e1n University has launched postgraduate and master&#8217;s programmes in cybersecurity law, as well as postgraduate and, from this autumn, master&#8217;s programmes in digital child protection. He also highlighted that the first graduates of the Master&#8217;s programme in Modern Technologies and Cybersecurity Law were receiving their degrees at this ceremony.<\/p>\n\n\n\n<figure class=\"wp-block-image size-large\"><img loading=\"lazy\" decoding=\"async\" width=\"1024\" height=\"683\" src=\"https:\/\/alumni.sze.hu\/en\/wp-content\/uploads\/2026\/07\/kep1-2-1024x683.jpg\" alt=\"\" class=\"wp-image-10326\" srcset=\"https:\/\/alumni.sze.hu\/en\/wp-content\/uploads\/2026\/07\/kep1-2-1024x683.jpg 1024w, https:\/\/alumni.sze.hu\/en\/wp-content\/uploads\/2026\/07\/kep1-2-300x200.jpg 300w, https:\/\/alumni.sze.hu\/en\/wp-content\/uploads\/2026\/07\/kep1-2-768x512.jpg 768w, https:\/\/alumni.sze.hu\/en\/wp-content\/uploads\/2026\/07\/kep1-2-1536x1024.jpg 1536w, https:\/\/alumni.sze.hu\/en\/wp-content\/uploads\/2026\/07\/kep1-2-18x12.jpg 18w, https:\/\/alumni.sze.hu\/en\/wp-content\/uploads\/2026\/07\/kep1-2.jpg 2048w\" sizes=\"auto, (max-width: 1024px) 100vw, 1024px\" \/><\/figure>\n\n\n\n<p class=\"has-text-align-center wp-block-paragraph\"><em>The Gy\u0151r University Sports Hall was filled to capacity for the graduation ceremonies of the De\u00e1k Ferenc Faculty of Law and Political Sciences of Sz\u00e9chenyi Istv\u00e1n University (Photo: Andr\u00e1s Adorj\u00e1n)<\/em><\/p>\n\n\n\n<p class=\"wp-block-paragraph\">During the afternoon ceremony, Dr P\u00e9ter Tak\u00e1cs, Chief Prosecutor of the Gy\u0151r-Moson-Sopron County Prosecutor&#8217;s Office, delivered the ceremonial address.&nbsp;<em>&#8222;You have graduated from a law faculty that bears the name of Ferenc De\u00e1k. His legacy is associated with composure, moderation, respect for the rule of law and responsibility towards the nation. These values remain highly relevant today and should always guide you. There are many forms of success in the legal profession, but true success lies in remaining faithful to yourselves, preserving your professional integrity and maintaining your belief in your vocation,&#8221;<\/em>&nbsp;he told the graduates. Regarding the quality of education at the University, he stated that graduates of the Faculty of Law not only perform exceptionally well within the prosecution service, but many also hold important positions within the organisation.<\/p>\n\n\n\n<p class=\"wp-block-paragraph\">Dr \u00c9va G\u00f6nd\u00f6r, Programme Mentor of the Bachelor&#8217;s programme in Human Resources, Labour and Social Administration, emphasised that students had received not only a diploma but also the opportunity to become active contributors to the institutions that hold society together.&nbsp;<em>&#8222;You will not merely carry out administrative tasks; you will influence people&#8217;s lives. Your work is therefore not only a means of livelihood, but also a form of service and value creation,&#8221;<\/em>&nbsp;she said.<\/p>\n\n\n\n<p class=\"wp-block-paragraph\">Dr P\u00e9ter Smuk, Professor and Dean of the Faculty, pointed out that one of civilisation&#8217;s greatest achievements is the recognition and protection of inherent human rights.&nbsp;<em>&#8222;Allow me to quote from a recently celebrated document, the 250-year-old Declaration of Independence of the United States of America. According to the Declaration, all people are created equal and are endowed by their Creator with certain inalienable rights that cannot be surrendered, including the rights to life and liberty and the pursuit of happiness,&#8221;<\/em>&nbsp;he said. He added that, in this spirit, he wished the graduates above all happiness in their lives as degree holders.<\/p>\n\n\n\n<figure class=\"wp-block-image size-large\"><img loading=\"lazy\" decoding=\"async\" width=\"1024\" height=\"683\" src=\"https:\/\/alumni.sze.hu\/en\/wp-content\/uploads\/2026\/07\/kep2-1-1024x683.jpg\" alt=\"\" class=\"wp-image-10325\" srcset=\"https:\/\/alumni.sze.hu\/en\/wp-content\/uploads\/2026\/07\/kep2-1-1024x683.jpg 1024w, https:\/\/alumni.sze.hu\/en\/wp-content\/uploads\/2026\/07\/kep2-1-300x200.jpg 300w, https:\/\/alumni.sze.hu\/en\/wp-content\/uploads\/2026\/07\/kep2-1-768x512.jpg 768w, https:\/\/alumni.sze.hu\/en\/wp-content\/uploads\/2026\/07\/kep2-1-1536x1024.jpg 1536w, https:\/\/alumni.sze.hu\/en\/wp-content\/uploads\/2026\/07\/kep2-1-18x12.jpg 18w, https:\/\/alumni.sze.hu\/en\/wp-content\/uploads\/2026\/07\/kep2-1.jpg 2048w\" sizes=\"auto, (max-width: 1024px) 100vw, 1024px\" \/><\/figure>\n\n\n\n<p class=\"has-text-align-center wp-block-paragraph\"><em>The graduates received their diplomas and took a ceremonial oath, while those completing the law programme were conferred as Doctors of Law (Photo: M\u00e1t\u00e9 Dud\u00e1s)<\/em><\/p>\n\n\n\n<p class=\"wp-block-paragraph\">On behalf of the graduates, Polett Csilla Koncsekn\u00e9 Rem\u00e9nyi and R\u00e9ka Hruby bid farewell to the University. The ceremonies were enriched by performances from students of the Gy\u0151r Dance and Fine Arts Primary School, Secondary School and Dormitory, operated by Sz\u00e9chenyi Istv\u00e1n University. The Student Union&#8217;s&nbsp;<em>&#8222;Teacher for Students&#8221;<\/em>&nbsp;Award was presented to Dr J\u00e1nos K\u00e1lm\u00e1n in recognition of his outstanding teaching work.<\/p>\n\n\n\n<p class=\"wp-block-paragraph\">Within the Pro Auditoribus Award, certificates of appreciation were presented to J\u00falia Molli Keszei, Alina Nardai and Dorina Veres; certificate-level awards to Eszter Kiss, Vikt\u00f3ria Horv\u00e1th and J\u00f3zsef \u00c1lmos Pingitzer; bronze-level recognition to Martin \u00c1kos Firtl; and silver-level recognition to R\u00e9ka Hruby, all law students. Certificates of appreciation from the SZESAT Interdisciplinary College for Advanced Studies were presented to \u00c1d\u00e1m Medv\u00e1cz and Leon Maszlov for their outstanding contribution to the professional work of the college.<\/p>\n\n\n\n<p class=\"wp-block-paragraph\">During the two ceremonies, the graduates received their diplomas and took a ceremonial oath. At the afternoon event, graduates of the law programme were formally conferred the title of Doctor of Law.<\/p>\n\n\n\n<figure class=\"wp-block-gallery has-nested-images columns-default is-cropped wp-block-gallery-1 is-layout-flex wp-block-gallery-is-layout-flex\">\n<figure class=\"wp-block-image size-large\"><img loading=\"lazy\" decoding=\"async\" width=\"1024\" height=\"683\" data-id=\"10327\" src=\"https:\/\/alumni.sze.hu\/en\/wp-content\/uploads\/2026\/07\/galeria16-1024x683.jpg\" alt=\"\" class=\"wp-image-10327\" srcset=\"https:\/\/alumni.sze.hu\/en\/wp-content\/uploads\/2026\/07\/galeria16-1024x683.jpg 1024w, https:\/\/alumni.sze.hu\/en\/wp-content\/uploads\/2026\/07\/galeria16-300x200.jpg 300w, https:\/\/alumni.sze.hu\/en\/wp-content\/uploads\/2026\/07\/galeria16-768x512.jpg 768w, https:\/\/alumni.sze.hu\/en\/wp-content\/uploads\/2026\/07\/galeria16-1536x1024.jpg 1536w, https:\/\/alumni.sze.hu\/en\/wp-content\/uploads\/2026\/07\/galeria16-18x12.jpg 18w, https:\/\/alumni.sze.hu\/en\/wp-content\/uploads\/2026\/07\/galeria16.jpg 2048w\" sizes=\"auto, (max-width: 1024px) 100vw, 1024px\" \/><\/figure>\n\n\n\n<figure class=\"wp-block-image size-large\"><img loading=\"lazy\" decoding=\"async\" width=\"1024\" height=\"683\" data-id=\"10335\" src=\"https:\/\/alumni.sze.hu\/en\/wp-content\/uploads\/2026\/07\/galeria15-1024x683.jpg\" alt=\"\" class=\"wp-image-10335\" srcset=\"https:\/\/alumni.sze.hu\/en\/wp-content\/uploads\/2026\/07\/galeria15-1024x683.jpg 1024w, https:\/\/alumni.sze.hu\/en\/wp-content\/uploads\/2026\/07\/galeria15-300x200.jpg 300w, https:\/\/alumni.sze.hu\/en\/wp-content\/uploads\/2026\/07\/galeria15-768x512.jpg 768w, https:\/\/alumni.sze.hu\/en\/wp-content\/uploads\/2026\/07\/galeria15-1536x1024.jpg 1536w, https:\/\/alumni.sze.hu\/en\/wp-content\/uploads\/2026\/07\/galeria15-18x12.jpg 18w, https:\/\/alumni.sze.hu\/en\/wp-content\/uploads\/2026\/07\/galeria15.jpg 2048w\" sizes=\"auto, (max-width: 1024px) 100vw, 1024px\" \/><\/figure>\n\n\n\n<figure class=\"wp-block-image size-large\"><img loading=\"lazy\" decoding=\"async\" width=\"1024\" height=\"683\" data-id=\"10336\" src=\"https:\/\/alumni.sze.hu\/en\/wp-content\/uploads\/2026\/07\/galeria14-1024x683.jpg\" alt=\"\" class=\"wp-image-10336\" srcset=\"https:\/\/alumni.sze.hu\/en\/wp-content\/uploads\/2026\/07\/galeria14-1024x683.jpg 1024w, https:\/\/alumni.sze.hu\/en\/wp-content\/uploads\/2026\/07\/galeria14-300x200.jpg 300w, https:\/\/alumni.sze.hu\/en\/wp-content\/uploads\/2026\/07\/galeria14-768x512.jpg 768w, https:\/\/alumni.sze.hu\/en\/wp-content\/uploads\/2026\/07\/galeria14-1536x1024.jpg 1536w, https:\/\/alumni.sze.hu\/en\/wp-content\/uploads\/2026\/07\/galeria14-18x12.jpg 18w, https:\/\/alumni.sze.hu\/en\/wp-content\/uploads\/2026\/07\/galeria14.jpg 2048w\" sizes=\"auto, (max-width: 1024px) 100vw, 1024px\" \/><\/figure>\n\n\n\n<figure class=\"wp-block-image size-large\"><img loading=\"lazy\" decoding=\"async\" width=\"1024\" height=\"683\" data-id=\"10337\" src=\"https:\/\/alumni.sze.hu\/en\/wp-content\/uploads\/2026\/07\/galeria10-1024x683.jpg\" alt=\"\" class=\"wp-image-10337\" srcset=\"https:\/\/alumni.sze.hu\/en\/wp-content\/uploads\/2026\/07\/galeria10-1024x683.jpg 1024w, https:\/\/alumni.sze.hu\/en\/wp-content\/uploads\/2026\/07\/galeria10-300x200.jpg 300w, https:\/\/alumni.sze.hu\/en\/wp-content\/uploads\/2026\/07\/galeria10-768x512.jpg 768w, https:\/\/alumni.sze.hu\/en\/wp-content\/uploads\/2026\/07\/galeria10-1536x1024.jpg 1536w, https:\/\/alumni.sze.hu\/en\/wp-content\/uploads\/2026\/07\/galeria10-18x12.jpg 18w, https:\/\/alumni.sze.hu\/en\/wp-content\/uploads\/2026\/07\/galeria10.jpg 2048w\" sizes=\"auto, (max-width: 1024px) 100vw, 1024px\" \/><\/figure>\n\n\n\n<figure class=\"wp-block-image size-large\"><img loading=\"lazy\" decoding=\"async\" width=\"1024\" height=\"683\" data-id=\"10338\" src=\"https:\/\/alumni.sze.hu\/en\/wp-content\/uploads\/2026\/07\/galeria9-1024x683.jpg\" alt=\"\" class=\"wp-image-10338\" srcset=\"https:\/\/alumni.sze.hu\/en\/wp-content\/uploads\/2026\/07\/galeria9-1024x683.jpg 1024w, https:\/\/alumni.sze.hu\/en\/wp-content\/uploads\/2026\/07\/galeria9-300x200.jpg 300w, https:\/\/alumni.sze.hu\/en\/wp-content\/uploads\/2026\/07\/galeria9-768x512.jpg 768w, https:\/\/alumni.sze.hu\/en\/wp-content\/uploads\/2026\/07\/galeria9-1536x1024.jpg 1536w, https:\/\/alumni.sze.hu\/en\/wp-content\/uploads\/2026\/07\/galeria9-18x12.jpg 18w, https:\/\/alumni.sze.hu\/en\/wp-content\/uploads\/2026\/07\/galeria9.jpg 2048w\" sizes=\"auto, (max-width: 1024px) 100vw, 1024px\" \/><\/figure>\n\n\n\n<figure class=\"wp-block-image size-large\"><img loading=\"lazy\" decoding=\"async\" width=\"1024\" height=\"683\" data-id=\"10339\" src=\"https:\/\/alumni.sze.hu\/en\/wp-content\/uploads\/2026\/07\/galeria8-1024x683.jpg\" alt=\"\" class=\"wp-image-10339\" srcset=\"https:\/\/alumni.sze.hu\/en\/wp-content\/uploads\/2026\/07\/galeria8-1024x683.jpg 1024w, https:\/\/alumni.sze.hu\/en\/wp-content\/uploads\/2026\/07\/galeria8-300x200.jpg 300w, https:\/\/alumni.sze.hu\/en\/wp-content\/uploads\/2026\/07\/galeria8-768x512.jpg 768w, https:\/\/alumni.sze.hu\/en\/wp-content\/uploads\/2026\/07\/galeria8-1536x1024.jpg 1536w, https:\/\/alumni.sze.hu\/en\/wp-content\/uploads\/2026\/07\/galeria8-18x12.jpg 18w, https:\/\/alumni.sze.hu\/en\/wp-content\/uploads\/2026\/07\/galeria8.jpg 2048w\" sizes=\"auto, (max-width: 1024px) 100vw, 1024px\" \/><\/figure>\n\n\n\n<figure class=\"wp-block-image size-large\"><img loading=\"lazy\" decoding=\"async\" width=\"1024\" height=\"683\" data-id=\"10340\" src=\"https:\/\/alumni.sze.hu\/en\/wp-content\/uploads\/2026\/07\/galeria7-1024x683.jpg\" alt=\"\" class=\"wp-image-10340\" srcset=\"https:\/\/alumni.sze.hu\/en\/wp-content\/uploads\/2026\/07\/galeria7-1024x683.jpg 1024w, https:\/\/alumni.sze.hu\/en\/wp-content\/uploads\/2026\/07\/galeria7-300x200.jpg 300w, https:\/\/alumni.sze.hu\/en\/wp-content\/uploads\/2026\/07\/galeria7-768x512.jpg 768w, https:\/\/alumni.sze.hu\/en\/wp-content\/uploads\/2026\/07\/galeria7-1536x1024.jpg 1536w, https:\/\/alumni.sze.hu\/en\/wp-content\/uploads\/2026\/07\/galeria7-18x12.jpg 18w, https:\/\/alumni.sze.hu\/en\/wp-content\/uploads\/2026\/07\/galeria7.jpg 2048w\" sizes=\"auto, (max-width: 1024px) 100vw, 1024px\" \/><\/figure>\n\n\n\n<figure class=\"wp-block-image size-large\"><img loading=\"lazy\" decoding=\"async\" width=\"1024\" height=\"683\" data-id=\"10328\" src=\"https:\/\/alumni.sze.hu\/en\/wp-content\/uploads\/2026\/07\/galeria6-1024x683.jpg\" alt=\"\" class=\"wp-image-10328\" srcset=\"https:\/\/alumni.sze.hu\/en\/wp-content\/uploads\/2026\/07\/galeria6-1024x683.jpg 1024w, https:\/\/alumni.sze.hu\/en\/wp-content\/uploads\/2026\/07\/galeria6-300x200.jpg 300w, https:\/\/alumni.sze.hu\/en\/wp-content\/uploads\/2026\/07\/galeria6-768x512.jpg 768w, https:\/\/alumni.sze.hu\/en\/wp-content\/uploads\/2026\/07\/galeria6-1536x1024.jpg 1536w, https:\/\/alumni.sze.hu\/en\/wp-content\/uploads\/2026\/07\/galeria6-18x12.jpg 18w, https:\/\/alumni.sze.hu\/en\/wp-content\/uploads\/2026\/07\/galeria6.jpg 2048w\" sizes=\"auto, (max-width: 1024px) 100vw, 1024px\" \/><\/figure>\n\n\n\n<figure class=\"wp-block-image size-large\"><img loading=\"lazy\" decoding=\"async\" width=\"1024\" height=\"683\" data-id=\"10329\" src=\"https:\/\/alumni.sze.hu\/en\/wp-content\/uploads\/2026\/07\/galeria5-1-1024x683.jpg\" alt=\"\" class=\"wp-image-10329\" srcset=\"https:\/\/alumni.sze.hu\/en\/wp-content\/uploads\/2026\/07\/galeria5-1-1024x683.jpg 1024w, https:\/\/alumni.sze.hu\/en\/wp-content\/uploads\/2026\/07\/galeria5-1-300x200.jpg 300w, https:\/\/alumni.sze.hu\/en\/wp-content\/uploads\/2026\/07\/galeria5-1-768x512.jpg 768w, https:\/\/alumni.sze.hu\/en\/wp-content\/uploads\/2026\/07\/galeria5-1-1536x1024.jpg 1536w, https:\/\/alumni.sze.hu\/en\/wp-content\/uploads\/2026\/07\/galeria5-1-18x12.jpg 18w, https:\/\/alumni.sze.hu\/en\/wp-content\/uploads\/2026\/07\/galeria5-1.jpg 2048w\" sizes=\"auto, (max-width: 1024px) 100vw, 1024px\" \/><\/figure>\n\n\n\n<figure class=\"wp-block-image size-large\"><img loading=\"lazy\" decoding=\"async\" width=\"1024\" height=\"683\" data-id=\"10331\" src=\"https:\/\/alumni.sze.hu\/en\/wp-content\/uploads\/2026\/07\/galeria4-1-1024x683.jpg\" alt=\"\" class=\"wp-image-10331\" srcset=\"https:\/\/alumni.sze.hu\/en\/wp-content\/uploads\/2026\/07\/galeria4-1-1024x683.jpg 1024w, https:\/\/alumni.sze.hu\/en\/wp-content\/uploads\/2026\/07\/galeria4-1-300x200.jpg 300w, https:\/\/alumni.sze.hu\/en\/wp-content\/uploads\/2026\/07\/galeria4-1-768x512.jpg 768w, https:\/\/alumni.sze.hu\/en\/wp-content\/uploads\/2026\/07\/galeria4-1-1536x1024.jpg 1536w, https:\/\/alumni.sze.hu\/en\/wp-content\/uploads\/2026\/07\/galeria4-1-18x12.jpg 18w, https:\/\/alumni.sze.hu\/en\/wp-content\/uploads\/2026\/07\/galeria4-1.jpg 2048w\" sizes=\"auto, (max-width: 1024px) 100vw, 1024px\" \/><\/figure>\n\n\n\n<figure class=\"wp-block-image size-large\"><img loading=\"lazy\" decoding=\"async\" width=\"1024\" height=\"683\" data-id=\"10332\" src=\"https:\/\/alumni.sze.hu\/en\/wp-content\/uploads\/2026\/07\/galeria3-1-1024x683.jpg\" alt=\"\" class=\"wp-image-10332\" srcset=\"https:\/\/alumni.sze.hu\/en\/wp-content\/uploads\/2026\/07\/galeria3-1-1024x683.jpg 1024w, https:\/\/alumni.sze.hu\/en\/wp-content\/uploads\/2026\/07\/galeria3-1-300x200.jpg 300w, https:\/\/alumni.sze.hu\/en\/wp-content\/uploads\/2026\/07\/galeria3-1-768x512.jpg 768w, https:\/\/alumni.sze.hu\/en\/wp-content\/uploads\/2026\/07\/galeria3-1-1536x1024.jpg 1536w, https:\/\/alumni.sze.hu\/en\/wp-content\/uploads\/2026\/07\/galeria3-1-18x12.jpg 18w, https:\/\/alumni.sze.hu\/en\/wp-content\/uploads\/2026\/07\/galeria3-1.jpg 2048w\" sizes=\"auto, (max-width: 1024px) 100vw, 1024px\" \/><\/figure>\n\n\n\n<figure class=\"wp-block-image size-large\"><img loading=\"lazy\" decoding=\"async\" width=\"1024\" height=\"683\" data-id=\"10333\" src=\"https:\/\/alumni.sze.hu\/en\/wp-content\/uploads\/2026\/07\/galeria2-1-1024x683.jpg\" alt=\"\" class=\"wp-image-10333\" srcset=\"https:\/\/alumni.sze.hu\/en\/wp-content\/uploads\/2026\/07\/galeria2-1-1024x683.jpg 1024w, https:\/\/alumni.sze.hu\/en\/wp-content\/uploads\/2026\/07\/galeria2-1-300x200.jpg 300w, https:\/\/alumni.sze.hu\/en\/wp-content\/uploads\/2026\/07\/galeria2-1-768x512.jpg 768w, https:\/\/alumni.sze.hu\/en\/wp-content\/uploads\/2026\/07\/galeria2-1-1536x1024.jpg 1536w, https:\/\/alumni.sze.hu\/en\/wp-content\/uploads\/2026\/07\/galeria2-1-18x12.jpg 18w, https:\/\/alumni.sze.hu\/en\/wp-content\/uploads\/2026\/07\/galeria2-1.jpg 2048w\" sizes=\"auto, (max-width: 1024px) 100vw, 1024px\" \/><\/figure>\n\n\n\n<figure class=\"wp-block-image size-large\"><img loading=\"lazy\" decoding=\"async\" width=\"1024\" height=\"683\" data-id=\"10334\" src=\"https:\/\/alumni.sze.hu\/en\/wp-content\/uploads\/2026\/07\/kep1-2-1-1024x683.jpg\" alt=\"\" class=\"wp-image-10334\" srcset=\"https:\/\/alumni.sze.hu\/en\/wp-content\/uploads\/2026\/07\/kep1-2-1-1024x683.jpg 1024w, https:\/\/alumni.sze.hu\/en\/wp-content\/uploads\/2026\/07\/kep1-2-1-300x200.jpg 300w, https:\/\/alumni.sze.hu\/en\/wp-content\/uploads\/2026\/07\/kep1-2-1-768x512.jpg 768w, https:\/\/alumni.sze.hu\/en\/wp-content\/uploads\/2026\/07\/kep1-2-1-1536x1024.jpg 1536w, https:\/\/alumni.sze.hu\/en\/wp-content\/uploads\/2026\/07\/kep1-2-1-18x12.jpg 18w, https:\/\/alumni.sze.hu\/en\/wp-content\/uploads\/2026\/07\/kep1-2-1.jpg 2048w\" sizes=\"auto, (max-width: 1024px) 100vw, 1024px\" \/><\/figure>\n<\/figure>\n\n\n\n<p class=\"has-text-align-center wp-block-paragraph\">DIPLOMAS AWARDED AND DOCTORS OF LAW CONFERRED AT FACULTY OF LAW AND POLITICAL SCIENCE OF SZE<\/p>\n\n\n\n<p class=\"has-text-align-center wp-block-paragraph\">Gallery (Photos: Andr\u00e1s Adorj\u00e1n, M\u00e1t\u00e9 Dud\u00e1s)<\/p>\n\n\n\n<p class=\"wp-block-paragraph\"><\/p>\n","protected":false},"excerpt":{"rendered":"<p>Created: 2026.07.17. 10:35 A total of 356 graduating students of the De\u00e1k Ferenc Faculty of Law and Political Sciences at Sz\u00e9chenyi Istv\u00e1n University received their diplomas during two ceremonies held &#8230;<\/p>\n","protected":false},"author":22,"featured_media":10334,"comment_status":"closed","ping_status":"open","sticky":false,"template":"","format":"standard","meta":{"footnotes":""},"categories":[24],"tags":[],"class_list":["post-10324","post","type-post","status-publish","format-standard","has-post-thumbnail","hentry","category-news"],"yoast_head":"<!-- This site is optimized with the Yoast SEO plugin v17.8 - https:\/\/yoast.com\/wordpress\/plugins\/seo\/ -->\n<title>Diplomas Awarded and Doctors of Law Conferred at Faculty of Law and Political Sciences of SZE - SZE Alumni \u2013 Sz\u00e9chenyi Istv\u00e1n Egyetem<\/title>\n<meta name=\"robots\" content=\"index, follow, max-snippet:-1, max-image-preview:large, max-video-preview:-1\" \/>\n<link rel=\"canonical\" href=\"https:\/\/alumni.sze.hu\/en\/diplomas-awarded-and-doctors-of-law-conferred-at-faculty-of-law-and-political-sciences-of-sze\/\" \/>\n<meta property=\"og:locale\" content=\"hu_HU\" \/>\n<meta property=\"og:type\" content=\"article\" \/>\n<meta property=\"og:title\" content=\"Diplomas Awarded and Doctors of Law Conferred at Faculty of Law and Political Sciences of SZE - SZE Alumni \u2013 Sz\u00e9chenyi Istv\u00e1n Egyetem\" \/>\n<meta property=\"og:description\" content=\"Created: 2026.07.17. 10:35 A total of 356 graduating students of the De\u00e1k Ferenc Faculty of Law and Political Sciences at Sz\u00e9chenyi Istv\u00e1n University received their diplomas during two ceremonies held ...\" \/>\n<meta property=\"og:url\" content=\"https:\/\/alumni.sze.hu\/en\/diplomas-awarded-and-doctors-of-law-conferred-at-faculty-of-law-and-political-sciences-of-sze\/\" \/>\n<meta property=\"og:site_name\" content=\"SZE Alumni \u2013 Sz\u00e9chenyi Istv\u00e1n Egyetem\" \/>\n<meta property=\"article:published_time\" content=\"2026-07-27T07:38:06+00:00\" \/>\n<meta property=\"article:modified_time\" content=\"2026-07-27T07:38:10+00:00\" \/>\n<meta property=\"og:image\" content=\"https:\/\/alumni.sze.hu\/en\/wp-content\/uploads\/2026\/07\/kep1-2-1.jpg\" \/>\n\t<meta property=\"og:image:width\" content=\"2048\" \/>\n\t<meta property=\"og:image:height\" content=\"1365\" \/>\n<meta name=\"twitter:card\" content=\"summary_large_image\" \/>\n<meta name=\"twitter:label1\" content=\"Szerz\u0151:\" \/>\n\t<meta name=\"twitter:data1\" content=\"KUP\u00d3-ZAJZON R\u00e9ka\" \/>\n\t<meta name=\"twitter:label2\" content=\"Becs\u00fclt olvas\u00e1si id\u0151\" \/>\n\t<meta name=\"twitter:data2\" content=\"4 perc\" \/>\n<script type=\"application\/ld+json\" class=\"yoast-schema-graph\">{\"@context\":\"https:\/\/schema.org\",\"@graph\":[{\"@type\":\"WebSite\",\"@id\":\"https:\/\/alumni.sze.hu\/en\/#website\",\"url\":\"https:\/\/alumni.sze.hu\/en\/\",\"name\":\"SZE Alumni \\u2013 Sz\\u00e9chenyi Istv\\u00e1n Egyetem\",\"description\":\"SZE Alumni \\u2013 Sz\\u00e9chenyi Istv\\u00e1n Egyetem\",\"potentialAction\":[{\"@type\":\"SearchAction\",\"target\":{\"@type\":\"EntryPoint\",\"urlTemplate\":\"https:\/\/alumni.sze.hu\/en\/?s={search_term_string}\"},\"query-input\":\"required name=search_term_string\"}],\"inLanguage\":\"hu\"},{\"@type\":\"ImageObject\",\"@id\":\"https:\/\/alumni.sze.hu\/en\/diplomas-awarded-and-doctors-of-law-conferred-at-faculty-of-law-and-political-sciences-of-sze\/#primaryimage\",\"inLanguage\":\"hu\",\"url\":\"https:\/\/alumni.sze.hu\/en\/wp-content\/uploads\/2026\/07\/kep1-2-1.jpg\",\"contentUrl\":\"https:\/\/alumni.sze.hu\/en\/wp-content\/uploads\/2026\/07\/kep1-2-1.jpg\",\"width\":2048,\"height\":1365,\"caption\":\"DIPLOMAS AWARDED AND DOCTORS OF LAW CONFERRED AT FACULTY OF LAW AND POLITICAL SCIENCE OF SZE\"},{\"@type\":\"WebPage\",\"@id\":\"https:\/\/alumni.sze.hu\/en\/diplomas-awarded-and-doctors-of-law-conferred-at-faculty-of-law-and-political-sciences-of-sze\/#webpage\",\"url\":\"https:\/\/alumni.sze.hu\/en\/diplomas-awarded-and-doctors-of-law-conferred-at-faculty-of-law-and-political-sciences-of-sze\/\",\"name\":\"Diplomas Awarded and Doctors of Law Conferred at Faculty of Law and Political Sciences of SZE - SZE Alumni \\u2013 Sz\\u00e9chenyi Istv\\u00e1n Egyetem\",\"isPartOf\":{\"@id\":\"https:\/\/alumni.sze.hu\/en\/#website\"},\"primaryImageOfPage\":{\"@id\":\"https:\/\/alumni.sze.hu\/en\/diplomas-awarded-and-doctors-of-law-conferred-at-faculty-of-law-and-political-sciences-of-sze\/#primaryimage\"},\"datePublished\":\"2026-07-27T07:38:06+00:00\",\"dateModified\":\"2026-07-27T07:38:10+00:00\",\"author\":{\"@id\":\"https:\/\/alumni.sze.hu\/en\/#\/schema\/person\/e80038ffd588d77e7ccd9bee4a6e445c\"},\"breadcrumb\":{\"@id\":\"https:\/\/alumni.sze.hu\/en\/diplomas-awarded-and-doctors-of-law-conferred-at-faculty-of-law-and-political-sciences-of-sze\/#breadcrumb\"},\"inLanguage\":\"hu\",\"potentialAction\":[{\"@type\":\"ReadAction\",\"target\":[\"https:\/\/alumni.sze.hu\/en\/diplomas-awarded-and-doctors-of-law-conferred-at-faculty-of-law-and-political-sciences-of-sze\/\"]}]},{\"@type\":\"BreadcrumbList\",\"@id\":\"https:\/\/alumni.sze.hu\/en\/diplomas-awarded-and-doctors-of-law-conferred-at-faculty-of-law-and-political-sciences-of-sze\/#breadcrumb\",\"itemListElement\":[{\"@type\":\"ListItem\",\"position\":1,\"name\":\"Homepage\",\"item\":\"https:\/\/alumni.sze.hu\/en\/\"},{\"@type\":\"ListItem\",\"position\":2,\"name\":\"Diplomas Awarded and Doctors of Law Conferred at Faculty of Law and Political Sciences of SZE\"}]},{\"@type\":\"Person\",\"@id\":\"https:\/\/alumni.sze.hu\/en\/#\/schema\/person\/e80038ffd588d77e7ccd9bee4a6e445c\",\"name\":\"KUP\\u00d3-ZAJZON R\\u00e9ka\",\"image\":{\"@type\":\"ImageObject\",\"@id\":\"https:\/\/alumni.sze.hu\/en\/#personlogo\",\"inLanguage\":\"hu\",\"url\":\"https:\/\/secure.gravatar.com\/avatar\/1084379bc06970c176085757561a2c46a3ed600c0f54ee76511c6ded24d31c0d?s=96&d=mm&r=g\",\"contentUrl\":\"https:\/\/secure.gravatar.com\/avatar\/1084379bc06970c176085757561a2c46a3ed600c0f54ee76511c6ded24d31c0d?s=96&d=mm&r=g\",\"caption\":\"KUP\\u00d3-ZAJZON R\\u00e9ka\"},\"url\":\"https:\/\/alumni.sze.hu\/en\/author\/kupore\/\"}]}<\/script>\n<!-- \/ Yoast SEO plugin. -->","yoast_head_json":{"title":"Diplomas Awarded and Doctors of Law Conferred at Faculty of Law and Political Sciences of SZE - SZE Alumni \u2013 Sz\u00e9chenyi Istv\u00e1n Egyetem","robots":{"index":"index","follow":"follow","max-snippet":"max-snippet:-1","max-image-preview":"max-image-preview:large","max-video-preview":"max-video-preview:-1"},"canonical":"https:\/\/alumni.sze.hu\/en\/diplomas-awarded-and-doctors-of-law-conferred-at-faculty-of-law-and-political-sciences-of-sze\/","og_locale":"hu_HU","og_type":"article","og_title":"Diplomas Awarded and Doctors of Law Conferred at Faculty of Law and Political Sciences of SZE - SZE Alumni \u2013 Sz\u00e9chenyi Istv\u00e1n Egyetem","og_description":"Created: 2026.07.17. 10:35 A total of 356 graduating students of the De\u00e1k Ferenc Faculty of Law and Political Sciences at Sz\u00e9chenyi Istv\u00e1n University received their diplomas during two ceremonies held ...","og_url":"https:\/\/alumni.sze.hu\/en\/diplomas-awarded-and-doctors-of-law-conferred-at-faculty-of-law-and-political-sciences-of-sze\/","og_site_name":"SZE Alumni \u2013 Sz\u00e9chenyi Istv\u00e1n Egyetem","article_published_time":"2026-07-27T07:38:06+00:00","article_modified_time":"2026-07-27T07:38:10+00:00","og_image":[{"width":2048,"height":1365,"url":"https:\/\/alumni.sze.hu\/en\/wp-content\/uploads\/2026\/07\/kep1-2-1.jpg","type":"image\/jpeg"}],"twitter_card":"summary_large_image","twitter_misc":{"Szerz\u0151:":"KUP\u00d3-ZAJZON R\u00e9ka","Becs\u00fclt olvas\u00e1si id\u0151":"4 perc"},"schema":{"@context":"https:\/\/schema.org","@graph":[{"@type":"WebSite","@id":"https:\/\/alumni.sze.hu\/en\/#website","url":"https:\/\/alumni.sze.hu\/en\/","name":"SZE Alumni \u2013 Sz\u00e9chenyi Istv\u00e1n Egyetem","description":"SZE Alumni \u2013 Sz\u00e9chenyi Istv\u00e1n Egyetem","potentialAction":[{"@type":"SearchAction","target":{"@type":"EntryPoint","urlTemplate":"https:\/\/alumni.sze.hu\/en\/?s={search_term_string}"},"query-input":"required name=search_term_string"}],"inLanguage":"hu"},{"@type":"ImageObject","@id":"https:\/\/alumni.sze.hu\/en\/diplomas-awarded-and-doctors-of-law-conferred-at-faculty-of-law-and-political-sciences-of-sze\/#primaryimage","inLanguage":"hu","url":"https:\/\/alumni.sze.hu\/en\/wp-content\/uploads\/2026\/07\/kep1-2-1.jpg","contentUrl":"https:\/\/alumni.sze.hu\/en\/wp-content\/uploads\/2026\/07\/kep1-2-1.jpg","width":2048,"height":1365,"caption":"DIPLOMAS AWARDED AND DOCTORS OF LAW CONFERRED AT FACULTY OF LAW AND POLITICAL SCIENCE OF SZE"},{"@type":"WebPage","@id":"https:\/\/alumni.sze.hu\/en\/diplomas-awarded-and-doctors-of-law-conferred-at-faculty-of-law-and-political-sciences-of-sze\/#webpage","url":"https:\/\/alumni.sze.hu\/en\/diplomas-awarded-and-doctors-of-law-conferred-at-faculty-of-law-and-political-sciences-of-sze\/","name":"Diplomas Awarded and Doctors of Law Conferred at Faculty of Law and Political Sciences of SZE - SZE Alumni \u2013 Sz\u00e9chenyi Istv\u00e1n Egyetem","isPartOf":{"@id":"https:\/\/alumni.sze.hu\/en\/#website"},"primaryImageOfPage":{"@id":"https:\/\/alumni.sze.hu\/en\/diplomas-awarded-and-doctors-of-law-conferred-at-faculty-of-law-and-political-sciences-of-sze\/#primaryimage"},"datePublished":"2026-07-27T07:38:06+00:00","dateModified":"2026-07-27T07:38:10+00:00","author":{"@id":"https:\/\/alumni.sze.hu\/en\/#\/schema\/person\/e80038ffd588d77e7ccd9bee4a6e445c"},"breadcrumb":{"@id":"https:\/\/alumni.sze.hu\/en\/diplomas-awarded-and-doctors-of-law-conferred-at-faculty-of-law-and-political-sciences-of-sze\/#breadcrumb"},"inLanguage":"hu","potentialAction":[{"@type":"ReadAction","target":["https:\/\/alumni.sze.hu\/en\/diplomas-awarded-and-doctors-of-law-conferred-at-faculty-of-law-and-political-sciences-of-sze\/"]}]},{"@type":"BreadcrumbList","@id":"https:\/\/alumni.sze.hu\/en\/diplomas-awarded-and-doctors-of-law-conferred-at-faculty-of-law-and-political-sciences-of-sze\/#breadcrumb","itemListElement":[{"@type":"ListItem","position":1,"name":"Homepage","item":"https:\/\/alumni.sze.hu\/en\/"},{"@type":"ListItem","position":2,"name":"Diplomas Awarded and Doctors of Law Conferred at Faculty of Law and Political Sciences of SZE"}]},{"@type":"Person","@id":"https:\/\/alumni.sze.hu\/en\/#\/schema\/person\/e80038ffd588d77e7ccd9bee4a6e445c","name":"KUP\u00d3-ZAJZON R\u00e9ka","image":{"@type":"ImageObject","@id":"https:\/\/alumni.sze.hu\/en\/#personlogo","inLanguage":"hu","url":"https:\/\/secure.gravatar.com\/avatar\/1084379bc06970c176085757561a2c46a3ed600c0f54ee76511c6ded24d31c0d?s=96&d=mm&r=g","contentUrl":"https:\/\/secure.gravatar.com\/avatar\/1084379bc06970c176085757561a2c46a3ed600c0f54ee76511c6ded24d31c0d?s=96&d=mm&r=g","caption":"KUP\u00d3-ZAJZON R\u00e9ka"},"url":"https:\/\/alumni.sze.hu\/en\/author\/kupore\/"}]}},"_links":{"self":[{"href":"https:\/\/alumni.sze.hu\/en\/wp-json\/wp\/v2\/posts\/10324","targetHints":{"allow":["GET"]}}],"collection":[{"href":"https:\/\/alumni.sze.hu\/en\/wp-json\/wp\/v2\/posts"}],"about":[{"href":"https:\/\/alumni.sze.hu\/en\/wp-json\/wp\/v2\/types\/post"}],"author":[{"embeddable":true,"href":"https:\/\/alumni.sze.hu\/en\/wp-json\/wp\/v2\/users\/22"}],"replies":[{"embeddable":true,"href":"https:\/\/alumni.sze.hu\/en\/wp-json\/wp\/v2\/comments?post=10324"}],"version-history":[{"count":1,"href":"https:\/\/alumni.sze.hu\/en\/wp-json\/wp\/v2\/posts\/10324\/revisions"}],"predecessor-version":[{"id":10341,"href":"https:\/\/alumni.sze.hu\/en\/wp-json\/wp\/v2\/posts\/10324\/revisions\/10341"}],"wp:featuredmedia":[{"embeddable":true,"href":"https:\/\/alumni.sze.hu\/en\/wp-json\/wp\/v2\/media\/10334"}],"wp:attachment":[{"href":"https:\/\/alumni.sze.hu\/en\/wp-json\/wp\/v2\/media?parent=10324"}],"wp:term":[{"taxonomy":"category","embeddable":true,"href":"https:\/\/alumni.sze.hu\/en\/wp-json\/wp\/v2\/categories?post=10324"},{"taxonomy":"post_tag","embeddable":true,"href":"https:\/\/alumni.sze.hu\/en\/wp-json\/wp\/v2\/tags?post=10324"}],"curies":[{"name":"wp","href":"https:\/\/api.w.org\/{rel}","templated":true}]}}